{"id":2334,"date":"2023-03-28T09:42:55","date_gmt":"2023-03-28T07:42:55","guid":{"rendered":"https:\/\/agora.xtec.cat\/ceipbalmes\/?p=2334"},"modified":"2023-05-25T12:13:00","modified_gmt":"2023-05-25T10:13:00","slug":"nevada","status":"publish","type":"post","link":"https:\/\/agora.xtec.cat\/ceipbalmes\/general\/nevada\/","title":{"rendered":"NEVADA"},"content":{"rendered":"<p><span style=\"font-weight: 400;\">Ahir, 24 de gener, cap a les 12 del migdia, va fer una petita nevada a Castellbell i el Vilar.<\/span><span style=\"font-weight: 400;\">A la tarda, la poca neu que va caure, ja havia desaparegut. Els nens i les nenes de primer, ens vam quedar amb les ganes de poder fer un ninot de neu. \u00c9s per aix\u00f2, que a la tarda, els pocs que \u00e9rem a classe, vam fer un treball de pl\u00e0stica ben vist\u00f3s.<a href=\"https:\/\/agora.xtec.cat\/ceipbalmes\/wp-content\/uploads\/usu527\/2023\/03\/IMG_20230124_162944_4-3.jpg\"><img loading=\"lazy\" decoding=\"async\" class=\"wp-image-2335 size-medium aligncenter\" src=\"https:\/\/agora.xtec.cat\/ceipbalmes\/wp-content\/uploads\/usu527\/2023\/03\/IMG_20230124_162944_4-3-224x300.jpg\" alt=\"\" width=\"224\" height=\"300\" srcset=\"https:\/\/agora.xtec.cat\/ceipbalmes\/wp-content\/uploads\/usu527\/2023\/03\/IMG_20230124_162944_4-3-224x300.jpg 224w, https:\/\/agora.xtec.cat\/ceipbalmes\/wp-content\/uploads\/usu527\/2023\/03\/IMG_20230124_162944_4-3-764x1024.jpg 764w, https:\/\/agora.xtec.cat\/ceipbalmes\/wp-content\/uploads\/usu527\/2023\/03\/IMG_20230124_162944_4-3-768x1029.jpg 768w, https:\/\/agora.xtec.cat\/ceipbalmes\/wp-content\/uploads\/usu527\/2023\/03\/IMG_20230124_162944_4-3-1146x1536.jpg 1146w, https:\/\/agora.xtec.cat\/ceipbalmes\/wp-content\/uploads\/usu527\/2023\/03\/IMG_20230124_162944_4-3-1528x2048.jpg 1528w, https:\/\/agora.xtec.cat\/ceipbalmes\/wp-content\/uploads\/usu527\/2023\/03\/IMG_20230124_162944_4-3.jpg 1563w\" sizes=\"auto, (max-width: 224px) 100vw, 224px\" \/><\/a><\/span><\/p>\n<p><a href=\"https:\/\/agora.xtec.cat\/ceipbalmes\/wp-content\/uploads\/usu527\/2023\/03\/IMG_20230124_162936_2-1-3.jpg\"><img loading=\"lazy\" decoding=\"async\" class=\"aligncenter wp-image-2332 size-medium\" src=\"https:\/\/agora.xtec.cat\/ceipbalmes\/wp-content\/uploads\/usu527\/2023\/03\/IMG_20230124_162936_2-1-3-231x300.jpg\" alt=\"\" width=\"231\" height=\"300\" srcset=\"https:\/\/agora.xtec.cat\/ceipbalmes\/wp-content\/uploads\/usu527\/2023\/03\/IMG_20230124_162936_2-1-3-231x300.jpg 231w, https:\/\/agora.xtec.cat\/ceipbalmes\/wp-content\/uploads\/usu527\/2023\/03\/IMG_20230124_162936_2-1-3-788x1024.jpg 788w, https:\/\/agora.xtec.cat\/ceipbalmes\/wp-content\/uploads\/usu527\/2023\/03\/IMG_20230124_162936_2-1-3-768x998.jpg 768w, https:\/\/agora.xtec.cat\/ceipbalmes\/wp-content\/uploads\/usu527\/2023\/03\/IMG_20230124_162936_2-1-3-1183x1536.jpg 1183w, https:\/\/agora.xtec.cat\/ceipbalmes\/wp-content\/uploads\/usu527\/2023\/03\/IMG_20230124_162936_2-1-3-1577x2048.jpg 1577w, https:\/\/agora.xtec.cat\/ceipbalmes\/wp-content\/uploads\/usu527\/2023\/03\/IMG_20230124_162936_2-1-3.jpg 1957w\" sizes=\"auto, (max-width: 231px) 100vw, 231px\" \/><\/a><\/p>\n<p>&nbsp;<\/p>\n","protected":false},"excerpt":{"rendered":"<p>Ahir, 24 de gener, cap a les 12 del migdia, va fer una petita nevada a Castellbell i el Vilar.A la tarda, la poca neu que va caure, ja havia desaparegut. Els nens i les nenes de primer, ens vam quedar amb les ganes de&hellip;  <a href=\"https:\/\/agora.xtec.cat\/ceipbalmes\/general\/nevada\/\" title=\"Read NEVADA\">Llegeix m\u00e9s\u00bb<\/a><\/p>\n","protected":false},"author":1,"featured_media":2332,"comment_status":"open","ping_status":"closed","sticky":false,"template":"","format":"standard","meta":{"_bbp_topic_count":0,"_bbp_reply_count":0,"_bbp_total_topic_count":0,"_bbp_total_reply_count":0,"_bbp_voice_count":0,"_bbp_anonymous_reply_count":0,"_bbp_topic_count_hidden":0,"_bbp_reply_count_hidden":0,"_bbp_forum_subforum_count":0,"footnotes":""},"categories":[23,112,1],"tags":[],"class_list":["post-2334","post","type-post","status-publish","format-standard","has-post-thumbnail","hentry","category-1r-mitjans","category-escola","category-general"],"post_mailing_queue_ids":[],"_links":{"self":[{"href":"https:\/\/agora.xtec.cat\/ceipbalmes\/wp-json\/wp\/v2\/posts\/2334","targetHints":{"allow":["GET"]}}],"collection":[{"href":"https:\/\/agora.xtec.cat\/ceipbalmes\/wp-json\/wp\/v2\/posts"}],"about":[{"href":"https:\/\/agora.xtec.cat\/ceipbalmes\/wp-json\/wp\/v2\/types\/post"}],"author":[{"embeddable":true,"href":"https:\/\/agora.xtec.cat\/ceipbalmes\/wp-json\/wp\/v2\/users\/1"}],"replies":[{"embeddable":true,"href":"https:\/\/agora.xtec.cat\/ceipbalmes\/wp-json\/wp\/v2\/comments?post=2334"}],"version-history":[{"count":1,"href":"https:\/\/agora.xtec.cat\/ceipbalmes\/wp-json\/wp\/v2\/posts\/2334\/revisions"}],"predecessor-version":[{"id":2336,"href":"https:\/\/agora.xtec.cat\/ceipbalmes\/wp-json\/wp\/v2\/posts\/2334\/revisions\/2336"}],"wp:featuredmedia":[{"embeddable":true,"href":"https:\/\/agora.xtec.cat\/ceipbalmes\/wp-json\/wp\/v2\/media\/2332"}],"wp:attachment":[{"href":"https:\/\/agora.xtec.cat\/ceipbalmes\/wp-json\/wp\/v2\/media?parent=2334"}],"wp:term":[{"taxonomy":"category","embeddable":true,"href":"https:\/\/agora.xtec.cat\/ceipbalmes\/wp-json\/wp\/v2\/categories?post=2334"},{"taxonomy":"post_tag","embeddable":true,"href":"https:\/\/agora.xtec.cat\/ceipbalmes\/wp-json\/wp\/v2\/tags?post=2334"}],"curies":[{"name":"wp","href":"https:\/\/api.w.org\/{rel}","templated":true}]}}