{"id":2306,"date":"2023-02-17T16:41:36","date_gmt":"2023-02-17T15:41:36","guid":{"rendered":"https:\/\/agora.xtec.cat\/ceipbalmes\/?p=2306"},"modified":"2023-02-17T16:54:18","modified_gmt":"2023-02-17T15:54:18","slug":"portes-obertes-i-preinscripcio-curs-23-24","status":"publish","type":"post","link":"https:\/\/agora.xtec.cat\/ceipbalmes\/general\/portes-obertes-i-preinscripcio-curs-23-24\/","title":{"rendered":"PORTES OBERTES I PREINSCRIPCIO CURS 23\/24"},"content":{"rendered":"<p>Benvolgudes fam\u00edlies,<\/p>\n<p>Els dia 4 de mar\u00e7 farem jornades de portes obertes. Us atendrem a l\u2019entrada de l\u2019Avinguda Pare Claret i us farem una visita guiada pel centre. Cal demanar cita i estarem encantats de poder ensenyar-vos l&#8217;Escola. Podeu fer-ho ja! Ens podeu trucar o enviar un correu electr\u00f2nic. Us hi esperem!<\/p>\n<p><strong>Dates de la PREINSCRIPCI\u00d3 curs 23\/24 Educaci\u00f3 infantil (3-6 anys), Educaci\u00f3 Prim\u00e0ria<\/strong><\/p>\n<p>Presentaci\u00f3 de sol\u00b7licituds:<\/p>\n<ul>\n<li>Educaci\u00f3 infantil (3-6 anys) i educaci\u00f3 prim\u00e0ria:\u00a0<strong>del 6 al 20 de mar\u00e7<\/strong><\/li>\n<li>Educaci\u00f3 secund\u00e0ria obligat\u00f2ria:\u00a0<strong>del 8 al 20 de mar\u00e7<\/strong><\/li>\n<\/ul>\n<p>Matr\u00edcula:<\/p>\n<ul>\n<li>Educaci\u00f3 infantil i educaci\u00f3 prim\u00e0ria: <strong>del 20 al 28 de juny<\/strong><\/li>\n<\/ul>\n<p>Per m\u00e9s info podeu consultar la web del departament <a href=\"https:\/\/preinscripcio.gencat.cat\/ca\/inici\">https:\/\/preinscripcio.gencat.cat\/ca\/inici<\/a><\/p>\n<p>&nbsp;<\/p>\n<p>&nbsp;<\/p>\n<p><a href=\"https:\/\/agora.xtec.cat\/ceipbalmes\/wp-content\/uploads\/usu527\/2023\/02\/JORNADES-DE-PORTES-OBERTES-1.png\"><img loading=\"lazy\" decoding=\"async\" class=\"aligncenter wp-image-2307\" src=\"https:\/\/agora.xtec.cat\/ceipbalmes\/wp-content\/uploads\/usu527\/2023\/02\/JORNADES-DE-PORTES-OBERTES-1-212x300.png\" alt=\"\" width=\"272\" height=\"385\" srcset=\"https:\/\/agora.xtec.cat\/ceipbalmes\/wp-content\/uploads\/usu527\/2023\/02\/JORNADES-DE-PORTES-OBERTES-1-212x300.png 212w, https:\/\/agora.xtec.cat\/ceipbalmes\/wp-content\/uploads\/usu527\/2023\/02\/JORNADES-DE-PORTES-OBERTES-1-724x1024.png 724w, https:\/\/agora.xtec.cat\/ceipbalmes\/wp-content\/uploads\/usu527\/2023\/02\/JORNADES-DE-PORTES-OBERTES-1-768x1086.png 768w, https:\/\/agora.xtec.cat\/ceipbalmes\/wp-content\/uploads\/usu527\/2023\/02\/JORNADES-DE-PORTES-OBERTES-1-1086x1536.png 1086w, https:\/\/agora.xtec.cat\/ceipbalmes\/wp-content\/uploads\/usu527\/2023\/02\/JORNADES-DE-PORTES-OBERTES-1-1448x2048.png 1448w, https:\/\/agora.xtec.cat\/ceipbalmes\/wp-content\/uploads\/usu527\/2023\/02\/JORNADES-DE-PORTES-OBERTES-1.png 1587w\" sizes=\"auto, (max-width: 272px) 100vw, 272px\" \/><\/a><\/p>\n","protected":false},"excerpt":{"rendered":"<p>Benvolgudes fam\u00edlies,<br \/>\nEls dia 4 de mar\u00e7 farem jornades de portes obertes. Us atendrem a l\u2019entrada de l\u2019Avinguda Pare Claret i us farem una visita guiada pel centre. Cal demanar cita i estarem encantats de poder ensenyar-vos l&#8217;Escola. Podeu fer-ho ja! Ens podeu trucar o enviar&hellip;  <a href=\"https:\/\/agora.xtec.cat\/ceipbalmes\/general\/portes-obertes-i-preinscripcio-curs-23-24\/\" title=\"Read PORTES OBERTES I PREINSCRIPCIO CURS 23\/24\">Llegeix m\u00e9s\u00bb<\/a><\/p>\n","protected":false},"author":26,"featured_media":0,"comment_status":"open","ping_status":"closed","sticky":false,"template":"","format":"standard","meta":{"_bbp_topic_count":0,"_bbp_reply_count":0,"_bbp_total_topic_count":0,"_bbp_total_reply_count":0,"_bbp_voice_count":0,"_bbp_anonymous_reply_count":0,"_bbp_topic_count_hidden":0,"_bbp_reply_count_hidden":0,"_bbp_forum_subforum_count":0,"footnotes":""},"categories":[112,1,4],"tags":[],"class_list":["post-2306","post","type-post","status-publish","format-standard","hentry","category-escola","category-general","category-portada"],"post_mailing_queue_ids":[],"_links":{"self":[{"href":"https:\/\/agora.xtec.cat\/ceipbalmes\/wp-json\/wp\/v2\/posts\/2306","targetHints":{"allow":["GET"]}}],"collection":[{"href":"https:\/\/agora.xtec.cat\/ceipbalmes\/wp-json\/wp\/v2\/posts"}],"about":[{"href":"https:\/\/agora.xtec.cat\/ceipbalmes\/wp-json\/wp\/v2\/types\/post"}],"author":[{"embeddable":true,"href":"https:\/\/agora.xtec.cat\/ceipbalmes\/wp-json\/wp\/v2\/users\/26"}],"replies":[{"embeddable":true,"href":"https:\/\/agora.xtec.cat\/ceipbalmes\/wp-json\/wp\/v2\/comments?post=2306"}],"version-history":[{"count":3,"href":"https:\/\/agora.xtec.cat\/ceipbalmes\/wp-json\/wp\/v2\/posts\/2306\/revisions"}],"predecessor-version":[{"id":2311,"href":"https:\/\/agora.xtec.cat\/ceipbalmes\/wp-json\/wp\/v2\/posts\/2306\/revisions\/2311"}],"wp:attachment":[{"href":"https:\/\/agora.xtec.cat\/ceipbalmes\/wp-json\/wp\/v2\/media?parent=2306"}],"wp:term":[{"taxonomy":"category","embeddable":true,"href":"https:\/\/agora.xtec.cat\/ceipbalmes\/wp-json\/wp\/v2\/categories?post=2306"},{"taxonomy":"post_tag","embeddable":true,"href":"https:\/\/agora.xtec.cat\/ceipbalmes\/wp-json\/wp\/v2\/tags?post=2306"}],"curies":[{"name":"wp","href":"https:\/\/api.w.org\/{rel}","templated":true}]}}