{"id":214,"date":"2015-02-26T13:24:00","date_gmt":"2015-02-26T12:24:00","guid":{"rendered":""},"modified":"2017-03-16T13:26:31","modified_gmt":"2017-03-16T12:26:31","slug":"els-de-cicle-mitja-son-uns-gran-pagesos","status":"publish","type":"post","link":"https:\/\/agora.xtec.cat\/ceipbalmes\/primaria\/grans\/5e\/els-de-cicle-mitja-son-uns-gran-pagesos\/","title":{"rendered":"Els de Cicle Mitj\u00e0 s\u00f3n uns gran pagesos."},"content":{"rendered":"<p>Preparaci\u00f3 de l&#8217;hort 4rt. on PhotoPeach <iframe loading=\"lazy\" src=\"http:\/\/photopeach.com\/embed\/x9ji5u\" width=\"445\" height=\"296\" frameborder=\"0\" allowfullscreen=\"allowfullscreen\"><\/iframe><\/p>\n","protected":false},"excerpt":{"rendered":"<p>Preparaci\u00f3 de l&#8217;hort 4rt. on PhotoPeach <\/p>\n","protected":false},"author":1,"featured_media":0,"comment_status":"open","ping_status":"closed","sticky":false,"template":"","format":"standard","meta":{"_bbp_topic_count":0,"_bbp_reply_count":0,"_bbp_total_topic_count":0,"_bbp_total_reply_count":0,"_bbp_voice_count":0,"_bbp_anonymous_reply_count":0,"_bbp_topic_count_hidden":0,"_bbp_reply_count_hidden":0,"_bbp_forum_subforum_count":0,"footnotes":""},"categories":[13,25],"tags":[54],"class_list":["post-214","post","type-post","status-publish","format-standard","hentry","category-5e","category-cicle-mitja","tag-hort"],"post_mailing_queue_ids":[],"_links":{"self":[{"href":"https:\/\/agora.xtec.cat\/ceipbalmes\/wp-json\/wp\/v2\/posts\/214","targetHints":{"allow":["GET"]}}],"collection":[{"href":"https:\/\/agora.xtec.cat\/ceipbalmes\/wp-json\/wp\/v2\/posts"}],"about":[{"href":"https:\/\/agora.xtec.cat\/ceipbalmes\/wp-json\/wp\/v2\/types\/post"}],"author":[{"embeddable":true,"href":"https:\/\/agora.xtec.cat\/ceipbalmes\/wp-json\/wp\/v2\/users\/1"}],"replies":[{"embeddable":true,"href":"https:\/\/agora.xtec.cat\/ceipbalmes\/wp-json\/wp\/v2\/comments?post=214"}],"version-history":[{"count":2,"href":"https:\/\/agora.xtec.cat\/ceipbalmes\/wp-json\/wp\/v2\/posts\/214\/revisions"}],"predecessor-version":[{"id":272,"href":"https:\/\/agora.xtec.cat\/ceipbalmes\/wp-json\/wp\/v2\/posts\/214\/revisions\/272"}],"wp:attachment":[{"href":"https:\/\/agora.xtec.cat\/ceipbalmes\/wp-json\/wp\/v2\/media?parent=214"}],"wp:term":[{"taxonomy":"category","embeddable":true,"href":"https:\/\/agora.xtec.cat\/ceipbalmes\/wp-json\/wp\/v2\/categories?post=214"},{"taxonomy":"post_tag","embeddable":true,"href":"https:\/\/agora.xtec.cat\/ceipbalmes\/wp-json\/wp\/v2\/tags?post=214"}],"curies":[{"name":"wp","href":"https:\/\/api.w.org\/{rel}","templated":true}]}}