{"id":2099,"date":"2022-05-09T14:06:35","date_gmt":"2022-05-09T12:06:35","guid":{"rendered":"https:\/\/agora.xtec.cat\/ceipbalmes\/?p=2099"},"modified":"2022-05-09T14:08:44","modified_gmt":"2022-05-09T12:08:44","slug":"contes-compartits","status":"publish","type":"post","link":"https:\/\/agora.xtec.cat\/ceipbalmes\/general\/contes-compartits\/","title":{"rendered":"Contes compartits."},"content":{"rendered":"<p>Durant aquests \u00faltims dies, els grans han explicat i teatralitzat contes als m\u00e9s petits. La idea va sortir arrel de Sant Jordi per\u00f2 valorant que l&#8217;experi\u00e8ncia ha estat molt positiva i enriquidora, s&#8217;ha anat allargant en el temps per poder compartir-la amb m\u00e9s grups. Alguns grups han adaptat contes, altres han fet titelles, i, fins i tot, alguns s\u00f3n contes inventats. Tot per treballar, d&#8217;una manera m\u00e9s significativa, tant la lectura com l&#8217;escriptura i l&#8217;expressi\u00f3 oral.<\/p>\n<p>Els grans han fet de model i els petits han pogut trobar referents. S&#8217;han trobat despr\u00e9s de molt temps i hem pogut, aix\u00ed, tornar a iniciar una din\u00e0mica molt important, l&#8217;intercicle.<\/p>\n<p style=\"text-align: justify;\"><a href=\"https:\/\/agora.xtec.cat\/ceipbalmes\/wp-content\/uploads\/usu527\/2022\/05\/IMG_20220429_151835.jpg\"><img loading=\"lazy\" decoding=\"async\" class=\"alignnone wp-image-2101\" src=\"https:\/\/agora.xtec.cat\/ceipbalmes\/wp-content\/uploads\/usu527\/2022\/05\/IMG_20220429_151835-1024x768.jpg\" alt=\"\" width=\"526\" height=\"394\" srcset=\"https:\/\/agora.xtec.cat\/ceipbalmes\/wp-content\/uploads\/usu527\/2022\/05\/IMG_20220429_151835-1024x768.jpg 1024w, https:\/\/agora.xtec.cat\/ceipbalmes\/wp-content\/uploads\/usu527\/2022\/05\/IMG_20220429_151835-300x225.jpg 300w, https:\/\/agora.xtec.cat\/ceipbalmes\/wp-content\/uploads\/usu527\/2022\/05\/IMG_20220429_151835-768x576.jpg 768w, https:\/\/agora.xtec.cat\/ceipbalmes\/wp-content\/uploads\/usu527\/2022\/05\/IMG_20220429_151835-1536x1152.jpg 1536w, https:\/\/agora.xtec.cat\/ceipbalmes\/wp-content\/uploads\/usu527\/2022\/05\/IMG_20220429_151835-200x150.jpg 200w, https:\/\/agora.xtec.cat\/ceipbalmes\/wp-content\/uploads\/usu527\/2022\/05\/IMG_20220429_151835.jpg 1672w\" sizes=\"auto, (max-width: 526px) 100vw, 526px\" \/><\/a> <a href=\"https:\/\/agora.xtec.cat\/ceipbalmes\/wp-content\/uploads\/usu527\/2022\/05\/IMG_20220429_151918-1-rotated.jpg\"><img loading=\"lazy\" decoding=\"async\" class=\"alignnone wp-image-2102\" src=\"https:\/\/agora.xtec.cat\/ceipbalmes\/wp-content\/uploads\/usu527\/2022\/05\/IMG_20220429_151918-1-rotated.jpg\" alt=\"\" width=\"521\" height=\"391\" srcset=\"https:\/\/agora.xtec.cat\/ceipbalmes\/wp-content\/uploads\/usu527\/2022\/05\/IMG_20220429_151918-1-rotated.jpg 660w, https:\/\/agora.xtec.cat\/ceipbalmes\/wp-content\/uploads\/usu527\/2022\/05\/IMG_20220429_151918-1-300x225.jpg 300w, https:\/\/agora.xtec.cat\/ceipbalmes\/wp-content\/uploads\/usu527\/2022\/05\/IMG_20220429_151918-1-200x150.jpg 200w\" sizes=\"auto, (max-width: 521px) 100vw, 521px\" \/><\/a> <a href=\"https:\/\/agora.xtec.cat\/ceipbalmes\/wp-content\/uploads\/usu527\/2022\/05\/IMG_20220429_153829-rotated.jpg\"><img loading=\"lazy\" decoding=\"async\" class=\"alignnone wp-image-2103\" src=\"https:\/\/agora.xtec.cat\/ceipbalmes\/wp-content\/uploads\/usu527\/2022\/05\/IMG_20220429_153829-768x1024.jpg\" alt=\"\" width=\"518\" height=\"691\" srcset=\"https:\/\/agora.xtec.cat\/ceipbalmes\/wp-content\/uploads\/usu527\/2022\/05\/IMG_20220429_153829-768x1024.jpg 768w, https:\/\/agora.xtec.cat\/ceipbalmes\/wp-content\/uploads\/usu527\/2022\/05\/IMG_20220429_153829-225x300.jpg 225w, https:\/\/agora.xtec.cat\/ceipbalmes\/wp-content\/uploads\/usu527\/2022\/05\/IMG_20220429_153829-1152x1536.jpg 1152w, https:\/\/agora.xtec.cat\/ceipbalmes\/wp-content\/uploads\/usu527\/2022\/05\/IMG_20220429_153829-rotated.jpg 1254w\" sizes=\"auto, (max-width: 518px) 100vw, 518px\" \/><\/a> <a href=\"https:\/\/agora.xtec.cat\/ceipbalmes\/wp-content\/uploads\/usu527\/2022\/05\/IMG_20220429_155353-rotated.jpg\"><img loading=\"lazy\" decoding=\"async\" class=\"wp-image-2107\" src=\"https:\/\/agora.xtec.cat\/ceipbalmes\/wp-content\/uploads\/usu527\/2022\/05\/IMG_20220429_155353-768x1024.jpg\" alt=\"\" width=\"503\" height=\"671\" srcset=\"https:\/\/agora.xtec.cat\/ceipbalmes\/wp-content\/uploads\/usu527\/2022\/05\/IMG_20220429_155353-768x1024.jpg 768w, https:\/\/agora.xtec.cat\/ceipbalmes\/wp-content\/uploads\/usu527\/2022\/05\/IMG_20220429_155353-225x300.jpg 225w, https:\/\/agora.xtec.cat\/ceipbalmes\/wp-content\/uploads\/usu527\/2022\/05\/IMG_20220429_155353-1152x1536.jpg 1152w, https:\/\/agora.xtec.cat\/ceipbalmes\/wp-content\/uploads\/usu527\/2022\/05\/IMG_20220429_155353-rotated.jpg 1254w\" sizes=\"auto, (max-width: 503px) 100vw, 503px\" \/><\/a><a href=\"https:\/\/agora.xtec.cat\/ceipbalmes\/wp-content\/uploads\/usu527\/2022\/05\/IMG_20220429_154954.jpg\"><img loading=\"lazy\" decoding=\"async\" class=\"wp-image-2104 aligncenter\" src=\"https:\/\/agora.xtec.cat\/ceipbalmes\/wp-content\/uploads\/usu527\/2022\/05\/IMG_20220429_154954-1024x768.jpg\" alt=\"\" width=\"485\" height=\"364\" srcset=\"https:\/\/agora.xtec.cat\/ceipbalmes\/wp-content\/uploads\/usu527\/2022\/05\/IMG_20220429_154954-1024x768.jpg 1024w, https:\/\/agora.xtec.cat\/ceipbalmes\/wp-content\/uploads\/usu527\/2022\/05\/IMG_20220429_154954-300x225.jpg 300w, https:\/\/agora.xtec.cat\/ceipbalmes\/wp-content\/uploads\/usu527\/2022\/05\/IMG_20220429_154954-768x576.jpg 768w, https:\/\/agora.xtec.cat\/ceipbalmes\/wp-content\/uploads\/usu527\/2022\/05\/IMG_20220429_154954-1536x1152.jpg 1536w, https:\/\/agora.xtec.cat\/ceipbalmes\/wp-content\/uploads\/usu527\/2022\/05\/IMG_20220429_154954-200x150.jpg 200w, https:\/\/agora.xtec.cat\/ceipbalmes\/wp-content\/uploads\/usu527\/2022\/05\/IMG_20220429_154954.jpg 1672w\" sizes=\"auto, (max-width: 485px) 100vw, 485px\" \/><\/a><\/p>\n","protected":false},"excerpt":{"rendered":"<p>Durant aquests \u00faltims dies, els grans han explicat i teatralitzat contes als m\u00e9s petits. La idea va sortir arrel de Sant Jordi per\u00f2 valorant que l&#8217;experi\u00e8ncia ha estat molt positiva i enriquidora, s&#8217;ha anat allargant en el temps per poder compartir-la amb m\u00e9s grups. Alguns&hellip;  <a href=\"https:\/\/agora.xtec.cat\/ceipbalmes\/general\/contes-compartits\/\" title=\"Read Contes compartits.\">Llegeix m\u00e9s\u00bb<\/a><\/p>\n","protected":false},"author":27,"featured_media":2107,"comment_status":"open","ping_status":"closed","sticky":false,"template":"","format":"standard","meta":{"_bbp_topic_count":0,"_bbp_reply_count":0,"_bbp_total_topic_count":0,"_bbp_total_reply_count":0,"_bbp_voice_count":0,"_bbp_anonymous_reply_count":0,"_bbp_topic_count_hidden":0,"_bbp_reply_count_hidden":0,"_bbp_forum_subforum_count":0,"footnotes":""},"categories":[112,1,106],"tags":[],"class_list":["post-2099","post","type-post","status-publish","format-standard","has-post-thumbnail","hentry","category-escola","category-general","category-plastica"],"post_mailing_queue_ids":[],"_links":{"self":[{"href":"https:\/\/agora.xtec.cat\/ceipbalmes\/wp-json\/wp\/v2\/posts\/2099","targetHints":{"allow":["GET"]}}],"collection":[{"href":"https:\/\/agora.xtec.cat\/ceipbalmes\/wp-json\/wp\/v2\/posts"}],"about":[{"href":"https:\/\/agora.xtec.cat\/ceipbalmes\/wp-json\/wp\/v2\/types\/post"}],"author":[{"embeddable":true,"href":"https:\/\/agora.xtec.cat\/ceipbalmes\/wp-json\/wp\/v2\/users\/27"}],"replies":[{"embeddable":true,"href":"https:\/\/agora.xtec.cat\/ceipbalmes\/wp-json\/wp\/v2\/comments?post=2099"}],"version-history":[{"count":2,"href":"https:\/\/agora.xtec.cat\/ceipbalmes\/wp-json\/wp\/v2\/posts\/2099\/revisions"}],"predecessor-version":[{"id":2112,"href":"https:\/\/agora.xtec.cat\/ceipbalmes\/wp-json\/wp\/v2\/posts\/2099\/revisions\/2112"}],"wp:featuredmedia":[{"embeddable":true,"href":"https:\/\/agora.xtec.cat\/ceipbalmes\/wp-json\/wp\/v2\/media\/2107"}],"wp:attachment":[{"href":"https:\/\/agora.xtec.cat\/ceipbalmes\/wp-json\/wp\/v2\/media?parent=2099"}],"wp:term":[{"taxonomy":"category","embeddable":true,"href":"https:\/\/agora.xtec.cat\/ceipbalmes\/wp-json\/wp\/v2\/categories?post=2099"},{"taxonomy":"post_tag","embeddable":true,"href":"https:\/\/agora.xtec.cat\/ceipbalmes\/wp-json\/wp\/v2\/tags?post=2099"}],"curies":[{"name":"wp","href":"https:\/\/api.w.org\/{rel}","templated":true}]}}