{"id":2094,"date":"2022-05-09T13:40:48","date_gmt":"2022-05-09T11:40:48","guid":{"rendered":"https:\/\/agora.xtec.cat\/ceipbalmes\/?p=2094"},"modified":"2022-05-09T13:40:48","modified_gmt":"2022-05-09T11:40:48","slug":"cantaxics","status":"publish","type":"post","link":"https:\/\/agora.xtec.cat\/ceipbalmes\/general\/cantaxics\/","title":{"rendered":"CANTAXICS"},"content":{"rendered":"<div class=\"col-1-1\">\n<div class=\"description line-xs\">\n<p><strong>Cantaxics a les escoles\u00a0<\/strong>\u00e9s el projecte musical que han treballat, enguany, els i les alumnes de 2n de la nostra escola.<\/p>\n<p>Aquest projecte consisteix en formar part del cor d\u2019una cantata conjuntament amb altres escoles i amb m\u00fasics en directe.<\/p>\n<p>Les cantates que es treballen en aquest projecte s\u00f3n les que produeix l\u2019ACEM (Associaci\u00f3 Catalana d\u2019Escoles de M\u00fasica), que cada curs estrena una nova obra pensada expressament per a aquesta franja d\u2019edat dins el seu cicle Cantaxics (adre\u00e7at nom\u00e9s a escoles de m\u00fasica)<\/p>\n<p>Per aquesta segona edici\u00f3 s&#8217;ha treballat <strong>El nen enamorat de la lluna<\/strong> amb m\u00fasica de Xevi Matamala i text de Manel Justicia.<\/p>\n<p>El 4 de maig vam poder gaudir de la cantata i el concert a la Sala Gran del Kursaal com a experi\u00e8ncia de cloenda, per\u00f2 cal tenir en compte el treball previ a les aules i la dedicaci\u00f3 dels diferents mestres implicats que completa tot el projecte.<\/p>\n<p><a href=\"https:\/\/agora.xtec.cat\/ceipbalmes\/wp-content\/uploads\/usu527\/2022\/05\/IMG-20220509-WA0002.jpg\"><img loading=\"lazy\" decoding=\"async\" class=\"alignnone size-large wp-image-2095\" src=\"https:\/\/agora.xtec.cat\/ceipbalmes\/wp-content\/uploads\/usu527\/2022\/05\/IMG-20220509-WA0002-1024x769.jpg\" alt=\"\" width=\"1024\" height=\"769\" srcset=\"https:\/\/agora.xtec.cat\/ceipbalmes\/wp-content\/uploads\/usu527\/2022\/05\/IMG-20220509-WA0002-1024x769.jpg 1024w, https:\/\/agora.xtec.cat\/ceipbalmes\/wp-content\/uploads\/usu527\/2022\/05\/IMG-20220509-WA0002-300x225.jpg 300w, https:\/\/agora.xtec.cat\/ceipbalmes\/wp-content\/uploads\/usu527\/2022\/05\/IMG-20220509-WA0002-768x576.jpg 768w, https:\/\/agora.xtec.cat\/ceipbalmes\/wp-content\/uploads\/usu527\/2022\/05\/IMG-20220509-WA0002-1536x1153.jpg 1536w, https:\/\/agora.xtec.cat\/ceipbalmes\/wp-content\/uploads\/usu527\/2022\/05\/IMG-20220509-WA0002-200x150.jpg 200w, https:\/\/agora.xtec.cat\/ceipbalmes\/wp-content\/uploads\/usu527\/2022\/05\/IMG-20220509-WA0002.jpg 2048w\" sizes=\"auto, (max-width: 1024px) 100vw, 1024px\" \/><\/a> <a href=\"https:\/\/agora.xtec.cat\/ceipbalmes\/wp-content\/uploads\/usu527\/2022\/05\/IMG-20220509-WA0001.jpg\"><img loading=\"lazy\" decoding=\"async\" class=\"alignnone size-large wp-image-2096\" src=\"https:\/\/agora.xtec.cat\/ceipbalmes\/wp-content\/uploads\/usu527\/2022\/05\/IMG-20220509-WA0001-1024x769.jpg\" alt=\"\" width=\"1024\" height=\"769\" srcset=\"https:\/\/agora.xtec.cat\/ceipbalmes\/wp-content\/uploads\/usu527\/2022\/05\/IMG-20220509-WA0001-1024x769.jpg 1024w, https:\/\/agora.xtec.cat\/ceipbalmes\/wp-content\/uploads\/usu527\/2022\/05\/IMG-20220509-WA0001-300x225.jpg 300w, https:\/\/agora.xtec.cat\/ceipbalmes\/wp-content\/uploads\/usu527\/2022\/05\/IMG-20220509-WA0001-768x576.jpg 768w, https:\/\/agora.xtec.cat\/ceipbalmes\/wp-content\/uploads\/usu527\/2022\/05\/IMG-20220509-WA0001-1536x1153.jpg 1536w, https:\/\/agora.xtec.cat\/ceipbalmes\/wp-content\/uploads\/usu527\/2022\/05\/IMG-20220509-WA0001-200x150.jpg 200w, https:\/\/agora.xtec.cat\/ceipbalmes\/wp-content\/uploads\/usu527\/2022\/05\/IMG-20220509-WA0001.jpg 2048w\" sizes=\"auto, (max-width: 1024px) 100vw, 1024px\" \/><\/a> <a href=\"https:\/\/agora.xtec.cat\/ceipbalmes\/wp-content\/uploads\/usu527\/2022\/05\/IMG-20220504-WA0006.jpg\"><img loading=\"lazy\" decoding=\"async\" class=\"alignnone size-large wp-image-2097\" src=\"https:\/\/agora.xtec.cat\/ceipbalmes\/wp-content\/uploads\/usu527\/2022\/05\/IMG-20220504-WA0006-1024x576.jpg\" alt=\"\" width=\"1024\" height=\"576\" srcset=\"https:\/\/agora.xtec.cat\/ceipbalmes\/wp-content\/uploads\/usu527\/2022\/05\/IMG-20220504-WA0006-1024x576.jpg 1024w, https:\/\/agora.xtec.cat\/ceipbalmes\/wp-content\/uploads\/usu527\/2022\/05\/IMG-20220504-WA0006-300x169.jpg 300w, https:\/\/agora.xtec.cat\/ceipbalmes\/wp-content\/uploads\/usu527\/2022\/05\/IMG-20220504-WA0006-768x432.jpg 768w, https:\/\/agora.xtec.cat\/ceipbalmes\/wp-content\/uploads\/usu527\/2022\/05\/IMG-20220504-WA0006-1536x864.jpg 1536w, https:\/\/agora.xtec.cat\/ceipbalmes\/wp-content\/uploads\/usu527\/2022\/05\/IMG-20220504-WA0006.jpg 2048w\" sizes=\"auto, (max-width: 1024px) 100vw, 1024px\" \/><\/a><\/p>\n<\/div>\n<\/div>\n","protected":false},"excerpt":{"rendered":"<p>Cantaxics a les escoles\u00a0\u00e9s el projecte musical que han treballat, enguany, els i les alumnes de 2n de la nostra escola.<br \/>\nAquest projecte consisteix en formar part del cor d\u2019una cantata conjuntament amb altres escoles i amb m\u00fasics en directe.<br \/>\nLes cantates que es treballen en aquest&hellip;  <a href=\"https:\/\/agora.xtec.cat\/ceipbalmes\/general\/cantaxics\/\" title=\"Read CANTAXICS\">Llegeix m\u00e9s\u00bb<\/a><\/p>\n","protected":false},"author":27,"featured_media":2097,"comment_status":"open","ping_status":"closed","sticky":false,"template":"","format":"standard","meta":{"_bbp_topic_count":0,"_bbp_reply_count":0,"_bbp_total_topic_count":0,"_bbp_total_reply_count":0,"_bbp_voice_count":0,"_bbp_anonymous_reply_count":0,"_bbp_topic_count_hidden":0,"_bbp_reply_count_hidden":0,"_bbp_forum_subforum_count":0,"footnotes":""},"categories":[11,112,1,77],"tags":[],"class_list":["post-2094","post","type-post","status-publish","format-standard","has-post-thumbnail","hentry","category-3r-a","category-escola","category-general","category-musica"],"post_mailing_queue_ids":[],"_links":{"self":[{"href":"https:\/\/agora.xtec.cat\/ceipbalmes\/wp-json\/wp\/v2\/posts\/2094","targetHints":{"allow":["GET"]}}],"collection":[{"href":"https:\/\/agora.xtec.cat\/ceipbalmes\/wp-json\/wp\/v2\/posts"}],"about":[{"href":"https:\/\/agora.xtec.cat\/ceipbalmes\/wp-json\/wp\/v2\/types\/post"}],"author":[{"embeddable":true,"href":"https:\/\/agora.xtec.cat\/ceipbalmes\/wp-json\/wp\/v2\/users\/27"}],"replies":[{"embeddable":true,"href":"https:\/\/agora.xtec.cat\/ceipbalmes\/wp-json\/wp\/v2\/comments?post=2094"}],"version-history":[{"count":1,"href":"https:\/\/agora.xtec.cat\/ceipbalmes\/wp-json\/wp\/v2\/posts\/2094\/revisions"}],"predecessor-version":[{"id":2098,"href":"https:\/\/agora.xtec.cat\/ceipbalmes\/wp-json\/wp\/v2\/posts\/2094\/revisions\/2098"}],"wp:featuredmedia":[{"embeddable":true,"href":"https:\/\/agora.xtec.cat\/ceipbalmes\/wp-json\/wp\/v2\/media\/2097"}],"wp:attachment":[{"href":"https:\/\/agora.xtec.cat\/ceipbalmes\/wp-json\/wp\/v2\/media?parent=2094"}],"wp:term":[{"taxonomy":"category","embeddable":true,"href":"https:\/\/agora.xtec.cat\/ceipbalmes\/wp-json\/wp\/v2\/categories?post=2094"},{"taxonomy":"post_tag","embeddable":true,"href":"https:\/\/agora.xtec.cat\/ceipbalmes\/wp-json\/wp\/v2\/tags?post=2094"}],"curies":[{"name":"wp","href":"https:\/\/api.w.org\/{rel}","templated":true}]}}