{"id":205,"date":"2016-03-16T13:48:00","date_gmt":"2016-03-16T12:48:00","guid":{"rendered":""},"modified":"2017-03-16T13:14:23","modified_gmt":"2017-03-16T12:14:23","slug":"excursio-a-sant-sadurni-danoia","status":"publish","type":"post","link":"https:\/\/agora.xtec.cat\/ceipbalmes\/primaria\/grans\/4t\/excursio-a-sant-sadurni-danoia\/","title":{"rendered":"Excursi\u00f3 a Sant Sadurn\u00ed d&#8217;Anoia"},"content":{"rendered":"<p>Els alumnes de cicle mitj\u00e0, juntament amb la resta de nens i nenes de prim\u00e0ria vam anar d&#8217;excursi\u00f3 a Sant Sadurn\u00ed d&#8217;Anoia.<br \/>\nVam fer una visita al Simon Coll, una f\u00e0brica de xocolata molt xula, ja que aquest any treballem el Roal Dahl.<br \/>\nEns van passar un petit audiovisual en una pantalla gegant i despr\u00e9s vam poder veure tota la cadena de producci\u00f3 de la xocolata.<br \/>\nVam fer un petit tast de xocolates i vam veure com \u00e9s la planta del cacau.<br \/>\nTamb\u00e9 vam visitar les Caves Blancher, an\u00e0vem baixant pisos per veure les diferents fases per on passa el ra\u00efm fins que es converteix en cava. Un proc\u00e9s llarg i entretingut.<br \/>\nDespr\u00e9s de dinar vam poder jugar una mica en un espai que ens van deixar i cap a casa!<br \/>\nUn dia ben endolcit!<\/p>\n<div style=\"clear: both; text-align: center;\"><a style=\"margin-left: 1em; margin-right: 1em;\" href=\"http:\/\/agora.xtec.cat\/ceipbalmes\/wp-content\/uploads\/usu527\/2016\/03\/20160303_111434.jpg\"><img loading=\"lazy\" decoding=\"async\" src=\"http:\/\/agora.xtec.cat\/ceipbalmes\/wp-content\/uploads\/usu527\/2016\/03\/20160303_111434-300x169.jpg\" width=\"320\" height=\"180\" border=\"0\" \/><\/a><\/div>\n<p>&nbsp;<\/p>\n<div style=\"clear: both; text-align: center;\"><a style=\"margin-left: 1em; margin-right: 1em;\" href=\"http:\/\/agora.xtec.cat\/ceipbalmes\/wp-content\/uploads\/usu527\/2016\/03\/DSC00467.jpg\"><img loading=\"lazy\" decoding=\"async\" src=\"http:\/\/agora.xtec.cat\/ceipbalmes\/wp-content\/uploads\/usu527\/2016\/03\/DSC00467-300x225.jpg\" width=\"320\" height=\"240\" border=\"0\" \/><\/a><\/div>\n<p>&nbsp;<\/p>\n<div style=\"clear: both; text-align: center;\"><a style=\"margin-left: 1em; margin-right: 1em;\" href=\"http:\/\/agora.xtec.cat\/ceipbalmes\/wp-content\/uploads\/usu527\/2016\/03\/DSC00478.jpg\"><img loading=\"lazy\" decoding=\"async\" src=\"http:\/\/agora.xtec.cat\/ceipbalmes\/wp-content\/uploads\/usu527\/2016\/03\/DSC00478-300x225.jpg\" width=\"320\" height=\"240\" border=\"0\" \/><\/a><\/div>\n","protected":false},"excerpt":{"rendered":"<p>Els alumnes de cicle mitj\u00e0, juntament amb la resta de nens i nenes de prim\u00e0ria vam anar d&#8217;excursi\u00f3 a Sant Sadurn\u00ed d&#8217;Anoia.<br \/>\nVam fer una visita al Simon Coll, una f\u00e0brica de xocolata molt xula, ja que aquest any treballem el Roal Dahl.<br \/>\nEns van passar un&hellip;  <a href=\"https:\/\/agora.xtec.cat\/ceipbalmes\/primaria\/grans\/4t\/excursio-a-sant-sadurni-danoia\/\" title=\"Read Excursi\u00f3 a Sant Sadurn\u00ed d&#8217;Anoia\">Llegeix m\u00e9s\u00bb<\/a><\/p>\n","protected":false},"author":1,"featured_media":235,"comment_status":"open","ping_status":"closed","sticky":false,"template":"","format":"standard","meta":{"_bbp_topic_count":0,"_bbp_reply_count":0,"_bbp_total_topic_count":0,"_bbp_total_reply_count":0,"_bbp_voice_count":0,"_bbp_anonymous_reply_count":0,"_bbp_topic_count_hidden":0,"_bbp_reply_count_hidden":0,"_bbp_forum_subforum_count":0,"footnotes":""},"categories":[12,13,25],"tags":[16],"class_list":["post-205","post","type-post","status-publish","format-standard","has-post-thumbnail","hentry","category-4t","category-5e","category-cicle-mitja","tag-sortides"],"post_mailing_queue_ids":[],"_links":{"self":[{"href":"https:\/\/agora.xtec.cat\/ceipbalmes\/wp-json\/wp\/v2\/posts\/205","targetHints":{"allow":["GET"]}}],"collection":[{"href":"https:\/\/agora.xtec.cat\/ceipbalmes\/wp-json\/wp\/v2\/posts"}],"about":[{"href":"https:\/\/agora.xtec.cat\/ceipbalmes\/wp-json\/wp\/v2\/types\/post"}],"author":[{"embeddable":true,"href":"https:\/\/agora.xtec.cat\/ceipbalmes\/wp-json\/wp\/v2\/users\/1"}],"replies":[{"embeddable":true,"href":"https:\/\/agora.xtec.cat\/ceipbalmes\/wp-json\/wp\/v2\/comments?post=205"}],"version-history":[{"count":2,"href":"https:\/\/agora.xtec.cat\/ceipbalmes\/wp-json\/wp\/v2\/posts\/205\/revisions"}],"predecessor-version":[{"id":262,"href":"https:\/\/agora.xtec.cat\/ceipbalmes\/wp-json\/wp\/v2\/posts\/205\/revisions\/262"}],"wp:featuredmedia":[{"embeddable":true,"href":"https:\/\/agora.xtec.cat\/ceipbalmes\/wp-json\/wp\/v2\/media\/235"}],"wp:attachment":[{"href":"https:\/\/agora.xtec.cat\/ceipbalmes\/wp-json\/wp\/v2\/media?parent=205"}],"wp:term":[{"taxonomy":"category","embeddable":true,"href":"https:\/\/agora.xtec.cat\/ceipbalmes\/wp-json\/wp\/v2\/categories?post=205"},{"taxonomy":"post_tag","embeddable":true,"href":"https:\/\/agora.xtec.cat\/ceipbalmes\/wp-json\/wp\/v2\/tags?post=205"}],"curies":[{"name":"wp","href":"https:\/\/api.w.org\/{rel}","templated":true}]}}