{"id":2030,"date":"2022-03-07T11:15:41","date_gmt":"2022-03-07T10:15:41","guid":{"rendered":"https:\/\/agora.xtec.cat\/ceipbalmes\/?p=2030"},"modified":"2022-04-26T13:54:28","modified_gmt":"2022-04-26T11:54:28","slug":"preinscripcio-escolar-2022-2023","status":"publish","type":"post","link":"https:\/\/agora.xtec.cat\/ceipbalmes\/general\/preinscripcio-escolar-2022-2023\/","title":{"rendered":"PREINSCRIPCI\u00d3 ESCOLAR 2022\/2023"},"content":{"rendered":"<h3><span style=\"font-size: 14pt;\">Del 7 al 21 de mar\u00e7, presenta la sol\u00b7licitud de preinscripci\u00f3 escolar als centres educatius.<\/span><\/h3>\n<p style=\"text-align: center;\"><a href=\"https:\/\/agora.xtec.cat\/ceipbalmes\/wp-content\/uploads\/usu527\/2022\/03\/pre2223-360x240-1-1.png\"><img loading=\"lazy\" decoding=\"async\" class=\"aligncenter size-medium wp-image-2033\" src=\"https:\/\/agora.xtec.cat\/ceipbalmes\/wp-content\/uploads\/usu527\/2022\/03\/pre2223-360x240-1-1-300x200.png\" alt=\"\" width=\"300\" height=\"200\" srcset=\"https:\/\/agora.xtec.cat\/ceipbalmes\/wp-content\/uploads\/usu527\/2022\/03\/pre2223-360x240-1-1-300x200.png 300w, https:\/\/agora.xtec.cat\/ceipbalmes\/wp-content\/uploads\/usu527\/2022\/03\/pre2223-360x240-1-1.png 360w\" sizes=\"auto, (max-width: 300px) 100vw, 300px\" \/><\/a><\/p>\n<ul>\n<li><span style=\"font-size: 14pt;\">Consulta l&#8217;oferta de places al centre <a href=\"https:\/\/drive.google.com\/file\/d\/1qn3DBlfqOYtrvQJVf47LoGyb9e09wGwZ\/view?usp=sharing\">aqu\u00ed.<\/a><\/span><\/li>\n<li><span style=\"font-size: 14pt;\">Totes les preinscripcions escolars s&#8217;han de fer via telem\u00e0tica. <\/span><\/li>\n<li><span style=\"font-size: 14pt;\">Enlla\u00e7 per formalitzar la preinscripci\u00f3 a Infantil <a href=\"https:\/\/preinscripcio.gencat.cat\/ca\/estudis\/infantil-3-6\/preinscriute\/sollicitud\/\">https:\/\/preinscripcio.gencat.cat\/ca\/estudis\/infantil-3-6\/preinscriute\/sollicitud\/<\/a>\u00a0<\/span><\/li>\n<li><span style=\"font-size: 14pt;\">Enlla\u00e7 per formalitzar la preinscripci\u00f3 a Prim\u00e0ria\u00a0<a href=\"https:\/\/preinscripcio.gencat.cat\/ca\/estudis\/primaria\/preinscriute\/sollicitud\/\">https:\/\/preinscripcio.gencat.cat\/ca\/estudis\/primaria\/preinscriute\/sollicitud\/<\/a><\/span><\/li>\n<li><span style=\"font-size: 14pt;\">Web del departament on hi ha tota la informaci\u00f3 i formalitzaci\u00f3 de la matr\u00edcula <a href=\"https:\/\/preinscripcio.gencat.cat\/ca\/inici\">aqu\u00ed.<\/a><\/span><\/li>\n<li><span style=\"font-size: 14pt;\">Si requeriu ajuda per formalitzar la inscripci\u00f3 podeu trucar a l&#8217;escola 938340235.<\/span><\/li>\n<\/ul>\n<p><span style=\"font-size: 14pt;\">V\u00eddeo explicatiu &#8220;Com emplenar la sol\u00b7licitud de preinscripci\u00f3&#8221;.<\/span><\/p>\n<p>https:\/\/www.youtube.com\/watch?v=0kztL1IQD4c&#038;t=17s<\/p>\n<p>&nbsp;<\/p>\n","protected":false},"excerpt":{"rendered":"<p>Del 7 al 21 de mar\u00e7, presenta la sol\u00b7licitud de preinscripci\u00f3 escolar als centres educatius.<br \/>\n<a href=\"https:\/\/agora.xtec.cat\/ceipbalmes\/wp-content\/uploads\/usu527\/2022\/03\/pre2223-360x240-1-1.png\"><\/a><\/p>\n<ul>\n<li>Consulta l&#8217;oferta de places al centre <a href=\"https:\/\/drive.google.com\/file\/d\/1qn3DBlfqOYtrvQJVf47LoGyb9e09wGwZ\/view?usp=sharing\">aqu\u00ed.<\/a><\/li>\n<li>Totes les preinscripcions escolars s&#8217;han de fer via telem\u00e0tica. <\/li>\n<li>Enlla\u00e7 per formalitzar la preinscripci\u00f3 a Infantil <a href=\"https:\/\/preinscripcio.gencat.cat\/ca\/estudis\/infantil-3-6\/preinscriute\/sollicitud\/\">https:\/\/preinscripcio.gencat.cat\/ca\/estudis\/infantil-3-6\/preinscriute\/sollicitud\/<\/a>\u00a0<\/li>\n<li>Enlla\u00e7 per formalitzar la preinscripci\u00f3 a&hellip;  <a href=\"https:\/\/agora.xtec.cat\/ceipbalmes\/general\/preinscripcio-escolar-2022-2023\/\" title=\"Read PREINSCRIPCI\u00d3 ESCOLAR 2022\/2023\">Llegeix m\u00e9s\u00bb<\/a><br \/>\n","protected":false},"author":26,"featured_media":2032,"comment_status":"open","ping_status":"closed","sticky":false,"template":"","format":"standard","meta":{"_bbp_topic_count":0,"_bbp_reply_count":0,"_bbp_total_topic_count":0,"_bbp_total_reply_count":0,"_bbp_voice_count":0,"_bbp_anonymous_reply_count":0,"_bbp_topic_count_hidden":0,"_bbp_reply_count_hidden":0,"_bbp_forum_subforum_count":0,"footnotes":""},"categories":[112,1,26,24,4,5],"tags":[],"class_list":["post-2030","post","type-post","status-publish","format-standard","has-post-thumbnail","hentry","category-escola","category-general","category-grans","category-mitjans","category-portada","category-primaria"],"post_mailing_queue_ids":[],"_links":{"self":[{"href":"https:\/\/agora.xtec.cat\/ceipbalmes\/wp-json\/wp\/v2\/posts\/2030","targetHints":{"allow":["GET"]}}],"collection":[{"href":"https:\/\/agora.xtec.cat\/ceipbalmes\/wp-json\/wp\/v2\/posts"}],"about":[{"href":"https:\/\/agora.xtec.cat\/ceipbalmes\/wp-json\/wp\/v2\/types\/post"}],"author":[{"embeddable":true,"href":"https:\/\/agora.xtec.cat\/ceipbalmes\/wp-json\/wp\/v2\/users\/26"}],"replies":[{"embeddable":true,"href":"https:\/\/agora.xtec.cat\/ceipbalmes\/wp-json\/wp\/v2\/comments?post=2030"}],"version-history":[{"count":2,"href":"https:\/\/agora.xtec.cat\/ceipbalmes\/wp-json\/wp\/v2\/posts\/2030\/revisions"}],"predecessor-version":[{"id":2034,"href":"https:\/\/agora.xtec.cat\/ceipbalmes\/wp-json\/wp\/v2\/posts\/2030\/revisions\/2034"}],"wp:featuredmedia":[{"embeddable":true,"href":"https:\/\/agora.xtec.cat\/ceipbalmes\/wp-json\/wp\/v2\/media\/2032"}],"wp:attachment":[{"href":"https:\/\/agora.xtec.cat\/ceipbalmes\/wp-json\/wp\/v2\/media?parent=2030"}],"wp:term":[{"taxonomy":"category","embeddable":true,"href":"https:\/\/agora.xtec.cat\/ceipbalmes\/wp-json\/wp\/v2\/categories?post=2030"},{"taxonomy":"post_tag","embeddable":true,"href":"https:\/\/agora.xtec.cat\/ceipbalmes\/wp-json\/wp\/v2\/tags?post=2030"}],"curies":[{"name":"wp","href":"https:\/\/api.w.org\/{rel}","templated":true}]}}