{"id":2024,"date":"2022-03-02T13:03:36","date_gmt":"2022-03-02T12:03:36","guid":{"rendered":"https:\/\/agora.xtec.cat\/ceipbalmes\/?p=2024"},"modified":"2022-03-02T13:03:49","modified_gmt":"2022-03-02T12:03:49","slug":"colonies-3r-i-4rt","status":"publish","type":"post","link":"https:\/\/agora.xtec.cat\/ceipbalmes\/general\/colonies-3r-i-4rt\/","title":{"rendered":"Col\u00f2nies 3r i 4rt"},"content":{"rendered":"<p><span style=\"font-weight: 400;\">Els dies 23,24 i 25 de febrer, els alumnes de cicle mitj\u00e0 hem anat de col\u00f2nies a Can Ribes de Montbui. \u00c9s una casa que est\u00e0 al terme municipal de Bigues i Riells i pertany a la Comarca del Vall\u00e8s Oriental.\u00a0<\/span><\/p>\n<p><span style=\"font-weight: 400;\">Durant els tres dies vam\u00a0 poder fer un viatge a l\u2019Edat Mitjana. Seguint aquest fil conductor, vam fer algunes activitats com per exemple:\u00a0 la creaci\u00f3 d\u2019un escut, l\u2019elaboraci\u00f3 dels pets de monja, l\u2019hort i l\u2019agricultura medieval, gimcana <\/span><span style=\"font-weight: 400;\">\u00a0pels entorns de la casa a la recerca dels 8 escuts, tamb\u00e9 vam unes pocions amb ingredients que vam trobar al nostre entorn i a la nit vam gaudir dels jocs de nit i d\u2019una discoteca.<\/span><\/p>\n<p><img loading=\"lazy\" decoding=\"async\" class=\"aligncenter wp-image-2025\" src=\"https:\/\/agora.xtec.cat\/ceipbalmes\/wp-content\/uploads\/usu527\/2022\/03\/a-1024x768.jpg\" alt=\"\" width=\"627\" height=\"470\" srcset=\"https:\/\/agora.xtec.cat\/ceipbalmes\/wp-content\/uploads\/usu527\/2022\/03\/a-1024x768.jpg 1024w, https:\/\/agora.xtec.cat\/ceipbalmes\/wp-content\/uploads\/usu527\/2022\/03\/a-300x225.jpg 300w, https:\/\/agora.xtec.cat\/ceipbalmes\/wp-content\/uploads\/usu527\/2022\/03\/a-768x576.jpg 768w, https:\/\/agora.xtec.cat\/ceipbalmes\/wp-content\/uploads\/usu527\/2022\/03\/a-1536x1152.jpg 1536w, https:\/\/agora.xtec.cat\/ceipbalmes\/wp-content\/uploads\/usu527\/2022\/03\/a-2048x1536.jpg 2048w, https:\/\/agora.xtec.cat\/ceipbalmes\/wp-content\/uploads\/usu527\/2022\/03\/a-200x150.jpg 200w\" sizes=\"auto, (max-width: 627px) 100vw, 627px\" \/><\/p>\n","protected":false},"excerpt":{"rendered":"<p>Els dies 23,24 i 25 de febrer, els alumnes de cicle mitj\u00e0 hem anat de col\u00f2nies a Can Ribes de Montbui. \u00c9s una casa que est\u00e0 al terme municipal de Bigues i Riells i pertany a la Comarca del Vall\u00e8s Oriental.\u00a0<br \/>\nDurant els tres dies vam\u00a0&hellip;  <a href=\"https:\/\/agora.xtec.cat\/ceipbalmes\/general\/colonies-3r-i-4rt\/\" title=\"Read Col\u00f2nies 3r i 4rt\">Llegeix m\u00e9s\u00bb<\/a><\/p>\n","protected":false},"author":1,"featured_media":0,"comment_status":"open","ping_status":"closed","sticky":false,"template":"","format":"standard","meta":{"_bbp_topic_count":0,"_bbp_reply_count":0,"_bbp_total_topic_count":0,"_bbp_total_reply_count":0,"_bbp_voice_count":0,"_bbp_anonymous_reply_count":0,"_bbp_topic_count_hidden":0,"_bbp_reply_count_hidden":0,"_bbp_forum_subforum_count":0,"footnotes":""},"categories":[12,13,25,112,1,24,4,5],"tags":[69,107,16],"class_list":["post-2024","post","type-post","status-publish","format-standard","hentry","category-4t","category-5e","category-cicle-mitja","category-escola","category-general","category-mitjans","category-portada","category-primaria","tag-colonies","tag-general","tag-sortides"],"post_mailing_queue_ids":[],"_links":{"self":[{"href":"https:\/\/agora.xtec.cat\/ceipbalmes\/wp-json\/wp\/v2\/posts\/2024","targetHints":{"allow":["GET"]}}],"collection":[{"href":"https:\/\/agora.xtec.cat\/ceipbalmes\/wp-json\/wp\/v2\/posts"}],"about":[{"href":"https:\/\/agora.xtec.cat\/ceipbalmes\/wp-json\/wp\/v2\/types\/post"}],"author":[{"embeddable":true,"href":"https:\/\/agora.xtec.cat\/ceipbalmes\/wp-json\/wp\/v2\/users\/1"}],"replies":[{"embeddable":true,"href":"https:\/\/agora.xtec.cat\/ceipbalmes\/wp-json\/wp\/v2\/comments?post=2024"}],"version-history":[{"count":1,"href":"https:\/\/agora.xtec.cat\/ceipbalmes\/wp-json\/wp\/v2\/posts\/2024\/revisions"}],"predecessor-version":[{"id":2026,"href":"https:\/\/agora.xtec.cat\/ceipbalmes\/wp-json\/wp\/v2\/posts\/2024\/revisions\/2026"}],"wp:attachment":[{"href":"https:\/\/agora.xtec.cat\/ceipbalmes\/wp-json\/wp\/v2\/media?parent=2024"}],"wp:term":[{"taxonomy":"category","embeddable":true,"href":"https:\/\/agora.xtec.cat\/ceipbalmes\/wp-json\/wp\/v2\/categories?post=2024"},{"taxonomy":"post_tag","embeddable":true,"href":"https:\/\/agora.xtec.cat\/ceipbalmes\/wp-json\/wp\/v2\/tags?post=2024"}],"curies":[{"name":"wp","href":"https:\/\/api.w.org\/{rel}","templated":true}]}}