{"id":1857,"date":"2021-12-22T19:06:21","date_gmt":"2021-12-22T18:06:21","guid":{"rendered":"https:\/\/agora.xtec.cat\/ceipbalmes\/?p=1857"},"modified":"2021-12-22T19:10:03","modified_gmt":"2021-12-22T18:10:03","slug":"ultim-dia-del-1r-trimestre","status":"publish","type":"post","link":"https:\/\/agora.xtec.cat\/ceipbalmes\/general\/ultim-dia-del-1r-trimestre\/","title":{"rendered":"\u00daltim dia del 1r trimestre."},"content":{"rendered":"<p><a href=\"https:\/\/agora.xtec.cat\/ceipbalmes\/wp-content\/uploads\/usu527\/2021\/12\/IMG_20211222_112123.jpg\"><img loading=\"lazy\" decoding=\"async\" class=\"alignnone size-large wp-image-1861\" src=\"https:\/\/agora.xtec.cat\/ceipbalmes\/wp-content\/uploads\/usu527\/2021\/12\/IMG_20211222_112123-1024x768.jpg\" alt=\"\" width=\"1024\" height=\"768\" srcset=\"https:\/\/agora.xtec.cat\/ceipbalmes\/wp-content\/uploads\/usu527\/2021\/12\/IMG_20211222_112123-1024x768.jpg 1024w, https:\/\/agora.xtec.cat\/ceipbalmes\/wp-content\/uploads\/usu527\/2021\/12\/IMG_20211222_112123-300x225.jpg 300w, https:\/\/agora.xtec.cat\/ceipbalmes\/wp-content\/uploads\/usu527\/2021\/12\/IMG_20211222_112123-768x576.jpg 768w, https:\/\/agora.xtec.cat\/ceipbalmes\/wp-content\/uploads\/usu527\/2021\/12\/IMG_20211222_112123-1536x1152.jpg 1536w, https:\/\/agora.xtec.cat\/ceipbalmes\/wp-content\/uploads\/usu527\/2021\/12\/IMG_20211222_112123-200x150.jpg 200w, https:\/\/agora.xtec.cat\/ceipbalmes\/wp-content\/uploads\/usu527\/2021\/12\/IMG_20211222_112123.jpg 1672w\" sizes=\"auto, (max-width: 1024px) 100vw, 1024px\" \/><\/a> <a href=\"https:\/\/agora.xtec.cat\/ceipbalmes\/wp-content\/uploads\/usu527\/2021\/12\/IMG_20211222_112252.jpg\"><img loading=\"lazy\" decoding=\"async\" class=\"alignnone size-large wp-image-1862\" src=\"https:\/\/agora.xtec.cat\/ceipbalmes\/wp-content\/uploads\/usu527\/2021\/12\/IMG_20211222_112252-1024x768.jpg\" alt=\"\" width=\"1024\" height=\"768\" srcset=\"https:\/\/agora.xtec.cat\/ceipbalmes\/wp-content\/uploads\/usu527\/2021\/12\/IMG_20211222_112252-1024x768.jpg 1024w, https:\/\/agora.xtec.cat\/ceipbalmes\/wp-content\/uploads\/usu527\/2021\/12\/IMG_20211222_112252-300x225.jpg 300w, https:\/\/agora.xtec.cat\/ceipbalmes\/wp-content\/uploads\/usu527\/2021\/12\/IMG_20211222_112252-768x576.jpg 768w, https:\/\/agora.xtec.cat\/ceipbalmes\/wp-content\/uploads\/usu527\/2021\/12\/IMG_20211222_112252-1536x1152.jpg 1536w, https:\/\/agora.xtec.cat\/ceipbalmes\/wp-content\/uploads\/usu527\/2021\/12\/IMG_20211222_112252-200x150.jpg 200w, https:\/\/agora.xtec.cat\/ceipbalmes\/wp-content\/uploads\/usu527\/2021\/12\/IMG_20211222_112252.jpg 1672w\" sizes=\"auto, (max-width: 1024px) 100vw, 1024px\" \/><\/a><\/p>\n<p>Avui ha estat un dia molt especial, ens ha fet una visita el patge reial i hem cagat el Ti\u00f3.<\/p>\n<p>Nenes i nens han pogut gaudir de l&#8217;\u00faltim dia del trimestre cantant, jugant, recitant poemes i fent-se regals elaborats per ells mateixos.<\/p>\n<p>Els grups que es trobaven a casa tamb\u00e9 han pogut compartir des de l&#8217;ordinador tot all\u00f2 que pod\u00edem ficar des de la pantalla, incloent tot el nostre afecte.<\/p>\n<p>Des de l&#8217;Escola Jaume Balmes us desitgem molt bones festes i unes merescudes vacances.<\/p>\n","protected":false},"excerpt":{"rendered":"<p><a href=\"https:\/\/agora.xtec.cat\/ceipbalmes\/wp-content\/uploads\/usu527\/2021\/12\/IMG_20211222_112123.jpg\"><\/a> <a href=\"https:\/\/agora.xtec.cat\/ceipbalmes\/wp-content\/uploads\/usu527\/2021\/12\/IMG_20211222_112252.jpg\"><\/a><br \/>\nAvui ha estat un dia molt especial, ens ha fet una visita el patge reial i hem cagat el Ti\u00f3.<br \/>\nNenes i nens han pogut gaudir de l&#8217;\u00faltim dia del trimestre cantant, jugant, recitant poemes i fent-se regals elaborats per ells mateixos.<br \/>\nEls grups&hellip;  <a href=\"https:\/\/agora.xtec.cat\/ceipbalmes\/general\/ultim-dia-del-1r-trimestre\/\" title=\"Read \u00daltim dia del 1r trimestre.\">Llegeix m\u00e9s\u00bb<\/a><\/p>\n","protected":false},"author":27,"featured_media":1862,"comment_status":"open","ping_status":"closed","sticky":false,"template":"","format":"standard","meta":{"_bbp_topic_count":0,"_bbp_reply_count":0,"_bbp_total_topic_count":0,"_bbp_total_reply_count":0,"_bbp_voice_count":0,"_bbp_anonymous_reply_count":0,"_bbp_topic_count_hidden":0,"_bbp_reply_count_hidden":0,"_bbp_forum_subforum_count":0,"footnotes":""},"categories":[112,1,4],"tags":[],"class_list":["post-1857","post","type-post","status-publish","format-standard","has-post-thumbnail","hentry","category-escola","category-general","category-portada"],"post_mailing_queue_ids":[],"_links":{"self":[{"href":"https:\/\/agora.xtec.cat\/ceipbalmes\/wp-json\/wp\/v2\/posts\/1857","targetHints":{"allow":["GET"]}}],"collection":[{"href":"https:\/\/agora.xtec.cat\/ceipbalmes\/wp-json\/wp\/v2\/posts"}],"about":[{"href":"https:\/\/agora.xtec.cat\/ceipbalmes\/wp-json\/wp\/v2\/types\/post"}],"author":[{"embeddable":true,"href":"https:\/\/agora.xtec.cat\/ceipbalmes\/wp-json\/wp\/v2\/users\/27"}],"replies":[{"embeddable":true,"href":"https:\/\/agora.xtec.cat\/ceipbalmes\/wp-json\/wp\/v2\/comments?post=1857"}],"version-history":[{"count":1,"href":"https:\/\/agora.xtec.cat\/ceipbalmes\/wp-json\/wp\/v2\/posts\/1857\/revisions"}],"predecessor-version":[{"id":1863,"href":"https:\/\/agora.xtec.cat\/ceipbalmes\/wp-json\/wp\/v2\/posts\/1857\/revisions\/1863"}],"wp:featuredmedia":[{"embeddable":true,"href":"https:\/\/agora.xtec.cat\/ceipbalmes\/wp-json\/wp\/v2\/media\/1862"}],"wp:attachment":[{"href":"https:\/\/agora.xtec.cat\/ceipbalmes\/wp-json\/wp\/v2\/media?parent=1857"}],"wp:term":[{"taxonomy":"category","embeddable":true,"href":"https:\/\/agora.xtec.cat\/ceipbalmes\/wp-json\/wp\/v2\/categories?post=1857"},{"taxonomy":"post_tag","embeddable":true,"href":"https:\/\/agora.xtec.cat\/ceipbalmes\/wp-json\/wp\/v2\/tags?post=1857"}],"curies":[{"name":"wp","href":"https:\/\/api.w.org\/{rel}","templated":true}]}}