{"id":1813,"date":"2021-11-26T19:31:57","date_gmt":"2021-11-26T18:31:57","guid":{"rendered":"https:\/\/agora.xtec.cat\/ceipbalmes\/?p=1813"},"modified":"2021-11-26T19:49:27","modified_gmt":"2021-11-26T18:49:27","slug":"el-dia-de-la-musica","status":"publish","type":"post","link":"https:\/\/agora.xtec.cat\/ceipbalmes\/general\/el-dia-de-la-musica\/","title":{"rendered":"El dia de la M\u00fasica"},"content":{"rendered":"<p>&nbsp;<\/p>\n<p style=\"text-align: left;\"><span style=\"text-decoration: underline;\"><strong><span style=\"font-family: 'comic sans ms', sans-serif; font-size: 14pt; color: #008000; text-decoration: underline;\">22 de novembre! Dia de la m\u00fasica!<\/span><\/strong><\/span><\/p>\n<div dir=\"auto\" style=\"text-align: justify;\"><span style=\"font-family: 'comic sans ms', sans-serif; font-size: 14pt;\">Aquest any hem pogut gaudir d&#8217;un concert molt i molt especial!<\/span><\/div>\n<div dir=\"auto\" style=\"text-align: justify;\"><span style=\"font-family: 'comic sans ms', sans-serif; font-size: 14pt;\">Els nostres alumnes m\u00fasics, situats en diversos espais de l&#8217;escola, han pogut mostrar-nos i explicar-nos els seus instruments i ens han tocat una pe\u00e7a.<\/span><\/div>\n<div dir=\"auto\" style=\"text-align: justify;\"><\/div>\n<div dir=\"auto\" style=\"text-align: justify;\"><span style=\"font-family: 'comic sans ms', sans-serif; font-size: 14pt;\">Tot aix\u00f2 s&#8217; ha dut a terme en 3 concerts simultanis en diferents espais de l&#8217;escola amb les comunitats de petits, mitjans i grans com a espectadors i espectadores.<\/span><\/div>\n<div dir=\"auto\" style=\"text-align: justify;\"><\/div>\n<div dir=\"auto\" style=\"text-align: justify;\"><\/div>\n<div dir=\"auto\"><span style=\"font-family: 'comic sans ms', sans-serif; font-size: 14pt;\">Ha estat una experi\u00e8ncia molt bonica i emocionant! Per aix\u00f2, volem agrair als m\u00fasics el seu esfor\u00e7 i implicaci\u00f3!<\/span><\/div>\n<div dir=\"auto\"><\/div>\n<div dir=\"auto\"><span style=\"font-family: 'comic sans ms', sans-serif; font-size: 14pt;\">&#8220;La m\u00fasica \u00e9s el llenguatge universal de la humanitat&#8221;.<\/span><\/div>\n<div dir=\"auto\"><\/div>\n<div dir=\"auto\"><span style=\"font-family: 'comic sans ms', sans-serif; font-size: 14pt;\">Henry Wodsworth<\/span><\/div>\n<div dir=\"auto\"><\/div>\n<div dir=\"auto\"><\/div>\n<div dir=\"auto\"><\/div>\n<div dir=\"auto\"><\/div>\n<div dir=\"auto\"><\/div>\n<div dir=\"auto\"><\/div>\n<div dir=\"auto\"><\/div>\n<p><a href=\"https:\/\/agora.xtec.cat\/ceipbalmes\/wp-content\/uploads\/usu527\/2021\/11\/IMG-20211122-WA0011.jpg\"><img loading=\"lazy\" decoding=\"async\" class=\"wp-image-1828 alignleft\" src=\"https:\/\/agora.xtec.cat\/ceipbalmes\/wp-content\/uploads\/usu527\/2021\/11\/IMG-20211122-WA0011-300x225.jpg\" alt=\"\" width=\"346\" height=\"259\" srcset=\"https:\/\/agora.xtec.cat\/ceipbalmes\/wp-content\/uploads\/usu527\/2021\/11\/IMG-20211122-WA0011-300x225.jpg 300w, https:\/\/agora.xtec.cat\/ceipbalmes\/wp-content\/uploads\/usu527\/2021\/11\/IMG-20211122-WA0011-1024x768.jpg 1024w, https:\/\/agora.xtec.cat\/ceipbalmes\/wp-content\/uploads\/usu527\/2021\/11\/IMG-20211122-WA0011-768x576.jpg 768w, https:\/\/agora.xtec.cat\/ceipbalmes\/wp-content\/uploads\/usu527\/2021\/11\/IMG-20211122-WA0011-1536x1152.jpg 1536w, https:\/\/agora.xtec.cat\/ceipbalmes\/wp-content\/uploads\/usu527\/2021\/11\/IMG-20211122-WA0011-200x150.jpg 200w, https:\/\/agora.xtec.cat\/ceipbalmes\/wp-content\/uploads\/usu527\/2021\/11\/IMG-20211122-WA0011.jpg 2048w\" sizes=\"auto, (max-width: 346px) 100vw, 346px\" \/><\/a><a href=\"https:\/\/agora.xtec.cat\/ceipbalmes\/wp-content\/uploads\/usu527\/2021\/11\/IMG-20211126-WA0001.jpg\"><img loading=\"lazy\" decoding=\"async\" class=\"wp-image-1830 alignleft\" src=\"https:\/\/agora.xtec.cat\/ceipbalmes\/wp-content\/uploads\/usu527\/2021\/11\/IMG-20211126-WA0001-300x265.jpg\" alt=\"\" width=\"296\" height=\"261\" srcset=\"https:\/\/agora.xtec.cat\/ceipbalmes\/wp-content\/uploads\/usu527\/2021\/11\/IMG-20211126-WA0001-300x265.jpg 300w, https:\/\/agora.xtec.cat\/ceipbalmes\/wp-content\/uploads\/usu527\/2021\/11\/IMG-20211126-WA0001-768x678.jpg 768w, https:\/\/agora.xtec.cat\/ceipbalmes\/wp-content\/uploads\/usu527\/2021\/11\/IMG-20211126-WA0001.jpg 1005w\" sizes=\"auto, (max-width: 296px) 100vw, 296px\" \/><\/a><a href=\"https:\/\/agora.xtec.cat\/ceipbalmes\/wp-content\/uploads\/usu527\/2021\/11\/IMG-20211122-WA0023.jpg\"><img loading=\"lazy\" decoding=\"async\" class=\"wp-image-1819 size-medium alignleft\" src=\"https:\/\/agora.xtec.cat\/ceipbalmes\/wp-content\/uploads\/usu527\/2021\/11\/IMG-20211122-WA0023-138x300.jpg\" alt=\"\" width=\"138\" height=\"300\" srcset=\"https:\/\/agora.xtec.cat\/ceipbalmes\/wp-content\/uploads\/usu527\/2021\/11\/IMG-20211122-WA0023-138x300.jpg 138w, https:\/\/agora.xtec.cat\/ceipbalmes\/wp-content\/uploads\/usu527\/2021\/11\/IMG-20211122-WA0023-473x1024.jpg 473w, https:\/\/agora.xtec.cat\/ceipbalmes\/wp-content\/uploads\/usu527\/2021\/11\/IMG-20211122-WA0023-768x1664.jpg 768w, https:\/\/agora.xtec.cat\/ceipbalmes\/wp-content\/uploads\/usu527\/2021\/11\/IMG-20211122-WA0023-709x1536.jpg 709w, https:\/\/agora.xtec.cat\/ceipbalmes\/wp-content\/uploads\/usu527\/2021\/11\/IMG-20211122-WA0023.jpg 945w\" sizes=\"auto, (max-width: 138px) 100vw, 138px\" \/><\/a> <a href=\"https:\/\/agora.xtec.cat\/ceipbalmes\/wp-content\/uploads\/usu527\/2021\/11\/IMG-20211122-WA0012.jpg\"><img loading=\"lazy\" decoding=\"async\" class=\"wp-image-1820 size-medium alignleft\" src=\"https:\/\/agora.xtec.cat\/ceipbalmes\/wp-content\/uploads\/usu527\/2021\/11\/IMG-20211122-WA0012-225x300.jpg\" alt=\"\" width=\"225\" height=\"300\" srcset=\"https:\/\/agora.xtec.cat\/ceipbalmes\/wp-content\/uploads\/usu527\/2021\/11\/IMG-20211122-WA0012-225x300.jpg 225w, https:\/\/agora.xtec.cat\/ceipbalmes\/wp-content\/uploads\/usu527\/2021\/11\/IMG-20211122-WA0012-768x1024.jpg 768w, https:\/\/agora.xtec.cat\/ceipbalmes\/wp-content\/uploads\/usu527\/2021\/11\/IMG-20211122-WA0012-1152x1536.jpg 1152w, https:\/\/agora.xtec.cat\/ceipbalmes\/wp-content\/uploads\/usu527\/2021\/11\/IMG-20211122-WA0012.jpg 1536w\" sizes=\"auto, (max-width: 225px) 100vw, 225px\" \/><\/a> <a href=\"https:\/\/agora.xtec.cat\/ceipbalmes\/wp-content\/uploads\/usu527\/2021\/11\/IMG-20211122-WA0016-1.jpg\"><img loading=\"lazy\" decoding=\"async\" class=\"wp-image-1821 alignleft\" src=\"https:\/\/agora.xtec.cat\/ceipbalmes\/wp-content\/uploads\/usu527\/2021\/11\/IMG-20211122-WA0016-1-300x225.jpg\" alt=\"\" width=\"399\" height=\"299\" srcset=\"https:\/\/agora.xtec.cat\/ceipbalmes\/wp-content\/uploads\/usu527\/2021\/11\/IMG-20211122-WA0016-1-300x225.jpg 300w, https:\/\/agora.xtec.cat\/ceipbalmes\/wp-content\/uploads\/usu527\/2021\/11\/IMG-20211122-WA0016-1-1024x769.jpg 1024w, https:\/\/agora.xtec.cat\/ceipbalmes\/wp-content\/uploads\/usu527\/2021\/11\/IMG-20211122-WA0016-1-768x576.jpg 768w, https:\/\/agora.xtec.cat\/ceipbalmes\/wp-content\/uploads\/usu527\/2021\/11\/IMG-20211122-WA0016-1-1536x1153.jpg 1536w, https:\/\/agora.xtec.cat\/ceipbalmes\/wp-content\/uploads\/usu527\/2021\/11\/IMG-20211122-WA0016-1-200x150.jpg 200w, https:\/\/agora.xtec.cat\/ceipbalmes\/wp-content\/uploads\/usu527\/2021\/11\/IMG-20211122-WA0016-1.jpg 2048w\" sizes=\"auto, (max-width: 399px) 100vw, 399px\" \/><\/a> <a href=\"https:\/\/agora.xtec.cat\/ceipbalmes\/wp-content\/uploads\/usu527\/2021\/11\/IMG-20211122-WA0018.jpg\"><img loading=\"lazy\" decoding=\"async\" class=\"wp-image-1822 size-medium alignleft\" src=\"https:\/\/agora.xtec.cat\/ceipbalmes\/wp-content\/uploads\/usu527\/2021\/11\/IMG-20211122-WA0018-225x300.jpg\" alt=\"\" width=\"225\" height=\"300\" srcset=\"https:\/\/agora.xtec.cat\/ceipbalmes\/wp-content\/uploads\/usu527\/2021\/11\/IMG-20211122-WA0018-225x300.jpg 225w, https:\/\/agora.xtec.cat\/ceipbalmes\/wp-content\/uploads\/usu527\/2021\/11\/IMG-20211122-WA0018-769x1024.jpg 769w, https:\/\/agora.xtec.cat\/ceipbalmes\/wp-content\/uploads\/usu527\/2021\/11\/IMG-20211122-WA0018-768x1023.jpg 768w, https:\/\/agora.xtec.cat\/ceipbalmes\/wp-content\/uploads\/usu527\/2021\/11\/IMG-20211122-WA0018-1153x1536.jpg 1153w, https:\/\/agora.xtec.cat\/ceipbalmes\/wp-content\/uploads\/usu527\/2021\/11\/IMG-20211122-WA0018.jpg 1537w\" sizes=\"auto, (max-width: 225px) 100vw, 225px\" \/><\/a> <a href=\"https:\/\/agora.xtec.cat\/ceipbalmes\/wp-content\/uploads\/usu527\/2021\/11\/IMG-20211122-WA0022.jpg\"><img loading=\"lazy\" decoding=\"async\" class=\"wp-image-1823 size-medium alignleft\" src=\"https:\/\/agora.xtec.cat\/ceipbalmes\/wp-content\/uploads\/usu527\/2021\/11\/IMG-20211122-WA0022-224x300.jpg\" alt=\"\" width=\"224\" height=\"300\" srcset=\"https:\/\/agora.xtec.cat\/ceipbalmes\/wp-content\/uploads\/usu527\/2021\/11\/IMG-20211122-WA0022-224x300.jpg 224w, https:\/\/agora.xtec.cat\/ceipbalmes\/wp-content\/uploads\/usu527\/2021\/11\/IMG-20211122-WA0022-766x1024.jpg 766w, https:\/\/agora.xtec.cat\/ceipbalmes\/wp-content\/uploads\/usu527\/2021\/11\/IMG-20211122-WA0022-768x1027.jpg 768w, https:\/\/agora.xtec.cat\/ceipbalmes\/wp-content\/uploads\/usu527\/2021\/11\/IMG-20211122-WA0022-1149x1536.jpg 1149w, https:\/\/agora.xtec.cat\/ceipbalmes\/wp-content\/uploads\/usu527\/2021\/11\/IMG-20211122-WA0022.jpg 1496w\" sizes=\"auto, (max-width: 224px) 100vw, 224px\" \/><\/a> <a href=\"https:\/\/agora.xtec.cat\/ceipbalmes\/wp-content\/uploads\/usu527\/2021\/11\/IMG-20211122-WA0024.jpg\"><img loading=\"lazy\" decoding=\"async\" class=\"wp-image-1824 size-medium alignleft\" src=\"https:\/\/agora.xtec.cat\/ceipbalmes\/wp-content\/uploads\/usu527\/2021\/11\/IMG-20211122-WA0024-222x300.jpg\" alt=\"\" width=\"222\" height=\"300\" srcset=\"https:\/\/agora.xtec.cat\/ceipbalmes\/wp-content\/uploads\/usu527\/2021\/11\/IMG-20211122-WA0024-222x300.jpg 222w, https:\/\/agora.xtec.cat\/ceipbalmes\/wp-content\/uploads\/usu527\/2021\/11\/IMG-20211122-WA0024-759x1024.jpg 759w, https:\/\/agora.xtec.cat\/ceipbalmes\/wp-content\/uploads\/usu527\/2021\/11\/IMG-20211122-WA0024-768x1036.jpg 768w, https:\/\/agora.xtec.cat\/ceipbalmes\/wp-content\/uploads\/usu527\/2021\/11\/IMG-20211122-WA0024-1139x1536.jpg 1139w, https:\/\/agora.xtec.cat\/ceipbalmes\/wp-content\/uploads\/usu527\/2021\/11\/IMG-20211122-WA0024.jpg 1518w\" sizes=\"auto, (max-width: 222px) 100vw, 222px\" \/><\/a> <a href=\"https:\/\/agora.xtec.cat\/ceipbalmes\/wp-content\/uploads\/usu527\/2021\/11\/IMG-20211122-WA0025.jpg\"><img loading=\"lazy\" decoding=\"async\" class=\"wp-image-1825 size-medium alignleft\" src=\"https:\/\/agora.xtec.cat\/ceipbalmes\/wp-content\/uploads\/usu527\/2021\/11\/IMG-20211122-WA0025-225x300.jpg\" alt=\"\" width=\"225\" height=\"300\" srcset=\"https:\/\/agora.xtec.cat\/ceipbalmes\/wp-content\/uploads\/usu527\/2021\/11\/IMG-20211122-WA0025-225x300.jpg 225w, https:\/\/agora.xtec.cat\/ceipbalmes\/wp-content\/uploads\/usu527\/2021\/11\/IMG-20211122-WA0025-768x1024.jpg 768w, https:\/\/agora.xtec.cat\/ceipbalmes\/wp-content\/uploads\/usu527\/2021\/11\/IMG-20211122-WA0025-1152x1536.jpg 1152w, https:\/\/agora.xtec.cat\/ceipbalmes\/wp-content\/uploads\/usu527\/2021\/11\/IMG-20211122-WA0025.jpg 1500w\" sizes=\"auto, (max-width: 225px) 100vw, 225px\" \/><\/a> <a href=\"https:\/\/agora.xtec.cat\/ceipbalmes\/wp-content\/uploads\/usu527\/2021\/11\/IMG-20211122-WA0026.jpg\"><img loading=\"lazy\" decoding=\"async\" class=\"wp-image-1826 size-medium alignleft\" src=\"https:\/\/agora.xtec.cat\/ceipbalmes\/wp-content\/uploads\/usu527\/2021\/11\/IMG-20211122-WA0026-225x300.jpg\" alt=\"\" width=\"225\" height=\"300\" srcset=\"https:\/\/agora.xtec.cat\/ceipbalmes\/wp-content\/uploads\/usu527\/2021\/11\/IMG-20211122-WA0026-225x300.jpg 225w, https:\/\/agora.xtec.cat\/ceipbalmes\/wp-content\/uploads\/usu527\/2021\/11\/IMG-20211122-WA0026-768x1024.jpg 768w, https:\/\/agora.xtec.cat\/ceipbalmes\/wp-content\/uploads\/usu527\/2021\/11\/IMG-20211122-WA0026-1152x1536.jpg 1152w, https:\/\/agora.xtec.cat\/ceipbalmes\/wp-content\/uploads\/usu527\/2021\/11\/IMG-20211122-WA0026.jpg 1500w\" sizes=\"auto, (max-width: 225px) 100vw, 225px\" \/><\/a> <a href=\"https:\/\/agora.xtec.cat\/ceipbalmes\/wp-content\/uploads\/usu527\/2021\/11\/IMG-20211122-WA0020.jpg\"><img loading=\"lazy\" decoding=\"async\" class=\"wp-image-1827 size-medium alignleft\" src=\"https:\/\/agora.xtec.cat\/ceipbalmes\/wp-content\/uploads\/usu527\/2021\/11\/IMG-20211122-WA0020-225x300.jpg\" alt=\"\" width=\"225\" height=\"300\" srcset=\"https:\/\/agora.xtec.cat\/ceipbalmes\/wp-content\/uploads\/usu527\/2021\/11\/IMG-20211122-WA0020-225x300.jpg 225w, https:\/\/agora.xtec.cat\/ceipbalmes\/wp-content\/uploads\/usu527\/2021\/11\/IMG-20211122-WA0020-769x1024.jpg 769w, https:\/\/agora.xtec.cat\/ceipbalmes\/wp-content\/uploads\/usu527\/2021\/11\/IMG-20211122-WA0020-768x1023.jpg 768w, https:\/\/agora.xtec.cat\/ceipbalmes\/wp-content\/uploads\/usu527\/2021\/11\/IMG-20211122-WA0020-1153x1536.jpg 1153w, https:\/\/agora.xtec.cat\/ceipbalmes\/wp-content\/uploads\/usu527\/2021\/11\/IMG-20211122-WA0020.jpg 1537w\" sizes=\"auto, (max-width: 225px) 100vw, 225px\" \/><\/a> <a href=\"https:\/\/agora.xtec.cat\/ceipbalmes\/wp-content\/uploads\/usu527\/2021\/11\/IMG-20211122-WA0015.jpg\"><img loading=\"lazy\" decoding=\"async\" class=\"wp-image-1829 size-medium alignleft\" src=\"https:\/\/agora.xtec.cat\/ceipbalmes\/wp-content\/uploads\/usu527\/2021\/11\/IMG-20211122-WA0015-225x300.jpg\" alt=\"\" width=\"225\" height=\"300\" srcset=\"https:\/\/agora.xtec.cat\/ceipbalmes\/wp-content\/uploads\/usu527\/2021\/11\/IMG-20211122-WA0015-225x300.jpg 225w, https:\/\/agora.xtec.cat\/ceipbalmes\/wp-content\/uploads\/usu527\/2021\/11\/IMG-20211122-WA0015-769x1024.jpg 769w, https:\/\/agora.xtec.cat\/ceipbalmes\/wp-content\/uploads\/usu527\/2021\/11\/IMG-20211122-WA0015-768x1023.jpg 768w, https:\/\/agora.xtec.cat\/ceipbalmes\/wp-content\/uploads\/usu527\/2021\/11\/IMG-20211122-WA0015-1153x1536.jpg 1153w, https:\/\/agora.xtec.cat\/ceipbalmes\/wp-content\/uploads\/usu527\/2021\/11\/IMG-20211122-WA0015.jpg 1537w\" sizes=\"auto, (max-width: 225px) 100vw, 225px\" \/><\/a><\/p>\n<div dir=\"auto\"><\/div>\n","protected":false},"excerpt":{"rendered":"<p>&nbsp;<br \/>\n22 de novembre! Dia de la m\u00fasica!<br \/>\nAquest any hem pogut gaudir d&#8217;un concert molt i molt especial!<br \/>\nEls nostres alumnes m\u00fasics, situats en diversos espais de l&#8217;escola, han pogut mostrar-nos i explicar-nos els seus instruments i ens han tocat una pe\u00e7a.<\/p>\n<p>Tot aix\u00f2 s&#8217; ha dut a&hellip;  <a href=\"https:\/\/agora.xtec.cat\/ceipbalmes\/general\/el-dia-de-la-musica\/\" title=\"Read El dia de la M\u00fasica\">Llegeix m\u00e9s\u00bb<\/a><\/p>\n","protected":false},"author":27,"featured_media":1839,"comment_status":"open","ping_status":"closed","sticky":false,"template":"","format":"standard","meta":{"_bbp_topic_count":0,"_bbp_reply_count":0,"_bbp_total_topic_count":0,"_bbp_total_reply_count":0,"_bbp_voice_count":0,"_bbp_anonymous_reply_count":0,"_bbp_topic_count_hidden":0,"_bbp_reply_count_hidden":0,"_bbp_forum_subforum_count":0,"footnotes":""},"categories":[1,26,24,77,2,4],"tags":[],"class_list":["post-1813","post","type-post","status-publish","format-standard","has-post-thumbnail","hentry","category-general","category-grans","category-mitjans","category-musica","category-infantil","category-portada"],"post_mailing_queue_ids":[],"_links":{"self":[{"href":"https:\/\/agora.xtec.cat\/ceipbalmes\/wp-json\/wp\/v2\/posts\/1813","targetHints":{"allow":["GET"]}}],"collection":[{"href":"https:\/\/agora.xtec.cat\/ceipbalmes\/wp-json\/wp\/v2\/posts"}],"about":[{"href":"https:\/\/agora.xtec.cat\/ceipbalmes\/wp-json\/wp\/v2\/types\/post"}],"author":[{"embeddable":true,"href":"https:\/\/agora.xtec.cat\/ceipbalmes\/wp-json\/wp\/v2\/users\/27"}],"replies":[{"embeddable":true,"href":"https:\/\/agora.xtec.cat\/ceipbalmes\/wp-json\/wp\/v2\/comments?post=1813"}],"version-history":[{"count":3,"href":"https:\/\/agora.xtec.cat\/ceipbalmes\/wp-json\/wp\/v2\/posts\/1813\/revisions"}],"predecessor-version":[{"id":1841,"href":"https:\/\/agora.xtec.cat\/ceipbalmes\/wp-json\/wp\/v2\/posts\/1813\/revisions\/1841"}],"wp:featuredmedia":[{"embeddable":true,"href":"https:\/\/agora.xtec.cat\/ceipbalmes\/wp-json\/wp\/v2\/media\/1839"}],"wp:attachment":[{"href":"https:\/\/agora.xtec.cat\/ceipbalmes\/wp-json\/wp\/v2\/media?parent=1813"}],"wp:term":[{"taxonomy":"category","embeddable":true,"href":"https:\/\/agora.xtec.cat\/ceipbalmes\/wp-json\/wp\/v2\/categories?post=1813"},{"taxonomy":"post_tag","embeddable":true,"href":"https:\/\/agora.xtec.cat\/ceipbalmes\/wp-json\/wp\/v2\/tags?post=1813"}],"curies":[{"name":"wp","href":"https:\/\/api.w.org\/{rel}","templated":true}]}}