{"id":1689,"date":"2021-04-27T14:53:40","date_gmt":"2021-04-27T12:53:40","guid":{"rendered":"http:\/\/agora.xtec.cat\/ceipbalmes\/?p=1689"},"modified":"2021-04-27T14:53:40","modified_gmt":"2021-04-27T12:53:40","slug":"ajuts-de-menjador-curs-2021-2022","status":"publish","type":"post","link":"https:\/\/agora.xtec.cat\/ceipbalmes\/general\/ajuts-de-menjador-curs-2021-2022\/","title":{"rendered":"AJUTS DE MENJADOR, curs 2021-2022"},"content":{"rendered":"<p>Benvolgudes fam\u00edlies, <img loading=\"lazy\" decoding=\"async\" class=\"alignleft\" src=\"http:\/\/www.cerdanyola.cat\/sites\/default\/files\/Noticies\/2019\/05\/menjador.jpg\" alt=\"Ajuts de menjador escolar del Consell Comarcal del Vall\u00e8s Occidental | Cerdanyola del Vall\u00e8s\" width=\"247\" height=\"139\" \/><\/p>\n<p>ha comen\u00e7at el termini per presentar la sol\u00b7licitud d&#8217;ajut de menjador pel curs 2021-22.<\/p>\n<p>Finalitzar\u00e0 el 14 de maig.<\/p>\n<p>Trobareu tota la informaci\u00f3 en les instruccions que us adjuntem:\u00a0 \u00a0<a href=\"https:\/\/drive.google.com\/file\/d\/1IRDdSX4SvHyF6XLCO8h0GG8uQt49gyHY\/view?usp=sharing\" target=\"_blank\" rel=\"noopener noreferrer\">INSTRUCCIONS<\/a><\/p>\n<p>Tamb\u00e9 us adjuntem l&#8217;adre\u00e7a web del Consell Comarcal del Bages, on heu de realitzar els tr\u00e0mits o b\u00e9 descarregar-vos l&#8217;impr\u00e8s.<\/p>\n<p><a href=\"https:\/\/www.ccbages.cat\/\">https:\/\/www.ccbages.cat\/<\/a><\/p>\n","protected":false},"excerpt":{"rendered":"<p>Benvolgudes fam\u00edlies,<br \/>\nha comen\u00e7at el termini per presentar la sol\u00b7licitud d&#8217;ajut de menjador pel curs 2021-22.<br \/>\nFinalitzar\u00e0 el 14 de maig.<br \/>\nTrobareu tota la informaci\u00f3 en les instruccions que us adjuntem:\u00a0 \u00a0<a href=\"https:\/\/drive.google.com\/file\/d\/1IRDdSX4SvHyF6XLCO8h0GG8uQt49gyHY\/view?usp=sharing\" target=\"_blank\" rel=\"noopener noreferrer\">INSTRUCCIONS<\/a><br \/>\nTamb\u00e9 us adjuntem l&#8217;adre\u00e7a web del Consell Comarcal del Bages, on heu&hellip;  <a href=\"https:\/\/agora.xtec.cat\/ceipbalmes\/general\/ajuts-de-menjador-curs-2021-2022\/\" title=\"Read AJUTS DE MENJADOR, curs 2021-2022\">Llegeix m\u00e9s\u00bb<\/a><\/p>\n","protected":false},"author":1,"featured_media":0,"comment_status":"open","ping_status":"closed","sticky":false,"template":"","format":"standard","meta":{"_bbp_topic_count":0,"_bbp_reply_count":0,"_bbp_total_topic_count":0,"_bbp_total_reply_count":0,"_bbp_voice_count":0,"_bbp_anonymous_reply_count":0,"_bbp_topic_count_hidden":0,"_bbp_reply_count_hidden":0,"_bbp_forum_subforum_count":0,"footnotes":""},"categories":[1,4],"tags":[107],"class_list":["post-1689","post","type-post","status-publish","format-standard","hentry","category-general","category-portada","tag-general"],"post_mailing_queue_ids":[],"_links":{"self":[{"href":"https:\/\/agora.xtec.cat\/ceipbalmes\/wp-json\/wp\/v2\/posts\/1689","targetHints":{"allow":["GET"]}}],"collection":[{"href":"https:\/\/agora.xtec.cat\/ceipbalmes\/wp-json\/wp\/v2\/posts"}],"about":[{"href":"https:\/\/agora.xtec.cat\/ceipbalmes\/wp-json\/wp\/v2\/types\/post"}],"author":[{"embeddable":true,"href":"https:\/\/agora.xtec.cat\/ceipbalmes\/wp-json\/wp\/v2\/users\/1"}],"replies":[{"embeddable":true,"href":"https:\/\/agora.xtec.cat\/ceipbalmes\/wp-json\/wp\/v2\/comments?post=1689"}],"version-history":[{"count":1,"href":"https:\/\/agora.xtec.cat\/ceipbalmes\/wp-json\/wp\/v2\/posts\/1689\/revisions"}],"predecessor-version":[{"id":1690,"href":"https:\/\/agora.xtec.cat\/ceipbalmes\/wp-json\/wp\/v2\/posts\/1689\/revisions\/1690"}],"wp:attachment":[{"href":"https:\/\/agora.xtec.cat\/ceipbalmes\/wp-json\/wp\/v2\/media?parent=1689"}],"wp:term":[{"taxonomy":"category","embeddable":true,"href":"https:\/\/agora.xtec.cat\/ceipbalmes\/wp-json\/wp\/v2\/categories?post=1689"},{"taxonomy":"post_tag","embeddable":true,"href":"https:\/\/agora.xtec.cat\/ceipbalmes\/wp-json\/wp\/v2\/tags?post=1689"}],"curies":[{"name":"wp","href":"https:\/\/api.w.org\/{rel}","templated":true}]}}