{"id":1685,"date":"2021-04-22T13:46:56","date_gmt":"2021-04-22T11:46:56","guid":{"rendered":"http:\/\/agora.xtec.cat\/ceipbalmes\/?p=1685"},"modified":"2021-04-22T13:56:24","modified_gmt":"2021-04-22T11:56:24","slug":"sant-jordi-a-lescola","status":"publish","type":"post","link":"https:\/\/agora.xtec.cat\/ceipbalmes\/general\/sant-jordi-a-lescola\/","title":{"rendered":"SANT JORDI A L&#8217;ESCOLA"},"content":{"rendered":"<p>Benvolgudes fam\u00edlies,<\/p>\n<p>tenim el gust de presentar-vos els v\u00eddeos que ha preparat l&#8217;alumnat de l&#8217;escola, en motiu de la celebraci\u00f3 de la diada de Sant Jordi.<\/p>\n<p>Ha estat un proc\u00e9s molt enriquidor, educatiu<img loading=\"lazy\" decoding=\"async\" class=\"alignleft\" src=\"https:\/\/pratsdellucanes.cat\/wp-content\/uploads\/2020\/04\/santjordiprats2020.jpg\" alt=\"Prats promou la celebraci\u00f3 de la diada de Sant Jordi des de casa - Ajuntament de Prats de Llu\u00e7an\u00e8s\" width=\"224\" height=\"158\" \/><\/p>\n<p>i divertit pels nens i nenes i esperem que vosaltres tamb\u00e9 el gaudiu.<\/p>\n<p>Clica en aquest enlla\u00e7 perqu\u00e8 &#8230;<\/p>\n<p><span style=\"font-size: 24pt;\"><a style=\"color: #3366ff;\" href=\"https:\/\/view.genial.ly\/6076c9b90229cc0d859f481e\/interactive-image-imagen-interactiva\">comenci la funci\u00f3!<\/a><\/span><\/p>\n","protected":false},"excerpt":{"rendered":"<p>Benvolgudes fam\u00edlies,<br \/>\ntenim el gust de presentar-vos els v\u00eddeos que ha preparat l&#8217;alumnat de l&#8217;escola, en motiu de la celebraci\u00f3 de la diada de Sant Jordi.<br \/>\nHa estat un proc\u00e9s molt enriquidor, educatiu<br \/>\ni divertit pels nens i nenes i esperem que vosaltres tamb\u00e9 el gaudiu.<br \/>\nClica en aquest&hellip;  <a href=\"https:\/\/agora.xtec.cat\/ceipbalmes\/general\/sant-jordi-a-lescola\/\" title=\"Read SANT JORDI A L&#8217;ESCOLA\">Llegeix m\u00e9s\u00bb<\/a><\/p>\n","protected":false},"author":1,"featured_media":0,"comment_status":"open","ping_status":"closed","sticky":false,"template":"","format":"standard","meta":{"_bbp_topic_count":0,"_bbp_reply_count":0,"_bbp_total_topic_count":0,"_bbp_total_reply_count":0,"_bbp_voice_count":0,"_bbp_anonymous_reply_count":0,"_bbp_topic_count_hidden":0,"_bbp_reply_count_hidden":0,"_bbp_forum_subforum_count":0,"footnotes":""},"categories":[1,4],"tags":[68],"class_list":["post-1685","post","type-post","status-publish","format-standard","hentry","category-general","category-portada","tag-sant-jordi"],"post_mailing_queue_ids":[],"_links":{"self":[{"href":"https:\/\/agora.xtec.cat\/ceipbalmes\/wp-json\/wp\/v2\/posts\/1685","targetHints":{"allow":["GET"]}}],"collection":[{"href":"https:\/\/agora.xtec.cat\/ceipbalmes\/wp-json\/wp\/v2\/posts"}],"about":[{"href":"https:\/\/agora.xtec.cat\/ceipbalmes\/wp-json\/wp\/v2\/types\/post"}],"author":[{"embeddable":true,"href":"https:\/\/agora.xtec.cat\/ceipbalmes\/wp-json\/wp\/v2\/users\/1"}],"replies":[{"embeddable":true,"href":"https:\/\/agora.xtec.cat\/ceipbalmes\/wp-json\/wp\/v2\/comments?post=1685"}],"version-history":[{"count":2,"href":"https:\/\/agora.xtec.cat\/ceipbalmes\/wp-json\/wp\/v2\/posts\/1685\/revisions"}],"predecessor-version":[{"id":1687,"href":"https:\/\/agora.xtec.cat\/ceipbalmes\/wp-json\/wp\/v2\/posts\/1685\/revisions\/1687"}],"wp:attachment":[{"href":"https:\/\/agora.xtec.cat\/ceipbalmes\/wp-json\/wp\/v2\/media?parent=1685"}],"wp:term":[{"taxonomy":"category","embeddable":true,"href":"https:\/\/agora.xtec.cat\/ceipbalmes\/wp-json\/wp\/v2\/categories?post=1685"},{"taxonomy":"post_tag","embeddable":true,"href":"https:\/\/agora.xtec.cat\/ceipbalmes\/wp-json\/wp\/v2\/tags?post=1685"}],"curies":[{"name":"wp","href":"https:\/\/api.w.org\/{rel}","templated":true}]}}