{"id":1681,"date":"2021-04-19T10:09:26","date_gmt":"2021-04-19T08:09:26","guid":{"rendered":"http:\/\/agora.xtec.cat\/ceipbalmes\/?p=1681"},"modified":"2021-04-19T10:09:26","modified_gmt":"2021-04-19T08:09:26","slug":"publicacio-barem-provisional-preinscripcions-curs-2021-22","status":"publish","type":"post","link":"https:\/\/agora.xtec.cat\/ceipbalmes\/general\/publicacio-barem-provisional-preinscripcions-curs-2021-22\/","title":{"rendered":"Publicaci\u00f3 barem provisional (preinscripcions curs 2021-22)"},"content":{"rendered":"<p>&nbsp;<\/p>\n<p><img decoding=\"async\" src=\"https:\/\/jm-badalona.com\/wp-content\/uploads\/2021\/01\/Banner-PRE2122-0-scaled.jpg\" \/><\/p>\n<p>Benvolgudes fam\u00edlies,<\/p>\n<p>clicant aquest enlla\u00e7 podeu accedir a la llista de sol\u00b7licituds que heu demanat el centre en primera opci\u00f3 i amb el barem de punts provisional, amb els quals participeu en el proc\u00e9s de preinscripci\u00f3 pel curs 2021-22.<\/p>\n<p><a href=\"https:\/\/drive.google.com\/file\/d\/1RnZEwaBLerIiCT4FdwTw-5Dmk0yFAjf-\/view?usp=sharing\"><span style=\"font-family: arial, helvetica, sans-serif; font-size: 18pt; color: #0000ff;\">\u00a0LLISTAT.<\/span><\/a><\/p>\n<p>&nbsp;<\/p>\n<p>Gr\u00e0cies.<\/p>\n","protected":false},"excerpt":{"rendered":"<p>&nbsp;<\/p>\n<p>Benvolgudes fam\u00edlies,<br \/>\nclicant aquest enlla\u00e7 podeu accedir a la llista de sol\u00b7licituds que heu demanat el centre en primera opci\u00f3 i amb el barem de punts provisional, amb els quals participeu en el proc\u00e9s de preinscripci\u00f3 pel curs 2021-22.<br \/>\n<a href=\"https:\/\/drive.google.com\/file\/d\/1RnZEwaBLerIiCT4FdwTw-5Dmk0yFAjf-\/view?usp=sharing\">\u00a0LLISTAT.<\/a><br \/>\n&nbsp;<br \/>\nGr\u00e0cies.<\/p>\n","protected":false},"author":1,"featured_media":1683,"comment_status":"open","ping_status":"closed","sticky":false,"template":"","format":"standard","meta":{"_bbp_topic_count":0,"_bbp_reply_count":0,"_bbp_total_topic_count":0,"_bbp_total_reply_count":0,"_bbp_voice_count":0,"_bbp_anonymous_reply_count":0,"_bbp_topic_count_hidden":0,"_bbp_reply_count_hidden":0,"_bbp_forum_subforum_count":0,"footnotes":""},"categories":[1,4],"tags":[109],"class_list":["post-1681","post","type-post","status-publish","format-standard","has-post-thumbnail","hentry","category-general","category-portada","tag-preinscripcio-2021-22"],"post_mailing_queue_ids":[],"_links":{"self":[{"href":"https:\/\/agora.xtec.cat\/ceipbalmes\/wp-json\/wp\/v2\/posts\/1681","targetHints":{"allow":["GET"]}}],"collection":[{"href":"https:\/\/agora.xtec.cat\/ceipbalmes\/wp-json\/wp\/v2\/posts"}],"about":[{"href":"https:\/\/agora.xtec.cat\/ceipbalmes\/wp-json\/wp\/v2\/types\/post"}],"author":[{"embeddable":true,"href":"https:\/\/agora.xtec.cat\/ceipbalmes\/wp-json\/wp\/v2\/users\/1"}],"replies":[{"embeddable":true,"href":"https:\/\/agora.xtec.cat\/ceipbalmes\/wp-json\/wp\/v2\/comments?post=1681"}],"version-history":[{"count":2,"href":"https:\/\/agora.xtec.cat\/ceipbalmes\/wp-json\/wp\/v2\/posts\/1681\/revisions"}],"predecessor-version":[{"id":1684,"href":"https:\/\/agora.xtec.cat\/ceipbalmes\/wp-json\/wp\/v2\/posts\/1681\/revisions\/1684"}],"wp:featuredmedia":[{"embeddable":true,"href":"https:\/\/agora.xtec.cat\/ceipbalmes\/wp-json\/wp\/v2\/media\/1683"}],"wp:attachment":[{"href":"https:\/\/agora.xtec.cat\/ceipbalmes\/wp-json\/wp\/v2\/media?parent=1681"}],"wp:term":[{"taxonomy":"category","embeddable":true,"href":"https:\/\/agora.xtec.cat\/ceipbalmes\/wp-json\/wp\/v2\/categories?post=1681"},{"taxonomy":"post_tag","embeddable":true,"href":"https:\/\/agora.xtec.cat\/ceipbalmes\/wp-json\/wp\/v2\/tags?post=1681"}],"curies":[{"name":"wp","href":"https:\/\/api.w.org\/{rel}","templated":true}]}}