{"id":1649,"date":"2021-03-03T13:38:02","date_gmt":"2021-03-03T12:38:02","guid":{"rendered":"http:\/\/agora.xtec.cat\/ceipbalmes\/?p=1649"},"modified":"2021-04-22T13:54:18","modified_gmt":"2021-04-22T11:54:18","slug":"tallers-descriptura-creativa-amb-la-sonia-moya","status":"publish","type":"post","link":"https:\/\/agora.xtec.cat\/ceipbalmes\/general\/tallers-descriptura-creativa-amb-la-sonia-moya\/","title":{"rendered":"Tallers d&#8217;escriptura creativa amb la S\u00f2nia Moya"},"content":{"rendered":"<p style=\"text-align: right;\"><a href=\"https:\/\/agora.xtec.cat\/ceipbalmes\/wp-content\/uploads\/usu527\/2021\/03\/foto-poesia.jpg\"><img loading=\"lazy\" decoding=\"async\" class=\"alignnone size-full wp-image-1651\" src=\"https:\/\/agora.xtec.cat\/ceipbalmes\/wp-content\/uploads\/usu527\/2021\/03\/foto-poesia.jpg\" alt=\"\" width=\"957\" height=\"775\" srcset=\"https:\/\/agora.xtec.cat\/ceipbalmes\/wp-content\/uploads\/usu527\/2021\/03\/foto-poesia.jpg 957w, https:\/\/agora.xtec.cat\/ceipbalmes\/wp-content\/uploads\/usu527\/2021\/03\/foto-poesia-300x243.jpg 300w, https:\/\/agora.xtec.cat\/ceipbalmes\/wp-content\/uploads\/usu527\/2021\/03\/foto-poesia-768x622.jpg 768w\" sizes=\"auto, (max-width: 957px) 100vw, 957px\" \/><\/a>Les dues \u00faltimes setmanes, la S\u00f2nia Moya, escriptora i mestra, ens ha visitat i ha dut a terme un taller d&#8217;escriptura creativa amb les nenes i nens de 6\u00e8.<\/p>\n<p>Han sigut tallers molt enriquidors per als infants, ja que abans de posar-nos a escriure, la S\u00f2nia, ens ha preparat activitats d&#8217;expressi\u00f3 corporal i d&#8217;expressi\u00f3 pl\u00e0stica per tal d&#8217;ajudar-nos a recollir i plasmar de forma escrita les nostres viv\u00e8ncies, emocions, sentiments o idees personals.<\/p>\n<p>Les nenes i nens hem gaudit molt de les propostes, i tot i que sempre ens \u00e9s dif\u00edcil enfrontar-nos a un full en blanc, ella ens ha acompanyat i ens ha donat estrat\u00e8gies i idees que podrem aprofitar en un futur.<\/p>\n<p>Els grups de 6\u00e8 volem mostrar el nostre agra\u00efment a la S\u00f2nia perqu\u00e8 sempre \u00e9s satisfactori i enriquidor poder compartir experi\u00e8ncies amb experts externs al centre, per\u00f2 aquest curs encara m\u00e9s.<\/p>\n","protected":false},"excerpt":{"rendered":"<p><a href=\"https:\/\/agora.xtec.cat\/ceipbalmes\/wp-content\/uploads\/usu527\/2021\/03\/foto-poesia.jpg\"><\/a>Les dues \u00faltimes setmanes, la S\u00f2nia Moya, escriptora i mestra, ens ha visitat i ha dut a terme un taller d&#8217;escriptura creativa amb les nenes i nens de 6\u00e8.<br \/>\nHan sigut tallers molt enriquidors per als infants, ja que abans de posar-nos a escriure, la&hellip;  <a href=\"https:\/\/agora.xtec.cat\/ceipbalmes\/general\/tallers-descriptura-creativa-amb-la-sonia-moya\/\" title=\"Read Tallers d&#8217;escriptura creativa amb la S\u00f2nia Moya\">Llegeix m\u00e9s\u00bb<\/a><\/p>\n","protected":false},"author":9,"featured_media":1651,"comment_status":"closed","ping_status":"closed","sticky":false,"template":"","format":"standard","meta":{"_bbp_topic_count":0,"_bbp_reply_count":0,"_bbp_total_topic_count":0,"_bbp_total_reply_count":0,"_bbp_voice_count":0,"_bbp_anonymous_reply_count":0,"_bbp_topic_count_hidden":0,"_bbp_reply_count_hidden":0,"_bbp_forum_subforum_count":0,"footnotes":""},"categories":[15,1,26],"tags":[],"class_list":["post-1649","post","type-post","status-publish","format-standard","has-post-thumbnail","hentry","category-6e","category-general","category-grans"],"post_mailing_queue_ids":[],"_links":{"self":[{"href":"https:\/\/agora.xtec.cat\/ceipbalmes\/wp-json\/wp\/v2\/posts\/1649","targetHints":{"allow":["GET"]}}],"collection":[{"href":"https:\/\/agora.xtec.cat\/ceipbalmes\/wp-json\/wp\/v2\/posts"}],"about":[{"href":"https:\/\/agora.xtec.cat\/ceipbalmes\/wp-json\/wp\/v2\/types\/post"}],"author":[{"embeddable":true,"href":"https:\/\/agora.xtec.cat\/ceipbalmes\/wp-json\/wp\/v2\/users\/9"}],"replies":[{"embeddable":true,"href":"https:\/\/agora.xtec.cat\/ceipbalmes\/wp-json\/wp\/v2\/comments?post=1649"}],"version-history":[{"count":3,"href":"https:\/\/agora.xtec.cat\/ceipbalmes\/wp-json\/wp\/v2\/posts\/1649\/revisions"}],"predecessor-version":[{"id":1656,"href":"https:\/\/agora.xtec.cat\/ceipbalmes\/wp-json\/wp\/v2\/posts\/1649\/revisions\/1656"}],"wp:featuredmedia":[{"embeddable":true,"href":"https:\/\/agora.xtec.cat\/ceipbalmes\/wp-json\/wp\/v2\/media\/1651"}],"wp:attachment":[{"href":"https:\/\/agora.xtec.cat\/ceipbalmes\/wp-json\/wp\/v2\/media?parent=1649"}],"wp:term":[{"taxonomy":"category","embeddable":true,"href":"https:\/\/agora.xtec.cat\/ceipbalmes\/wp-json\/wp\/v2\/categories?post=1649"},{"taxonomy":"post_tag","embeddable":true,"href":"https:\/\/agora.xtec.cat\/ceipbalmes\/wp-json\/wp\/v2\/tags?post=1649"}],"curies":[{"name":"wp","href":"https:\/\/api.w.org\/{rel}","templated":true}]}}