{"id":1588,"date":"2021-02-18T08:00:27","date_gmt":"2021-02-18T07:00:27","guid":{"rendered":"http:\/\/agora.xtec.cat\/ceipbalmes\/?p=1588"},"modified":"2021-02-17T23:22:03","modified_gmt":"2021-02-17T22:22:03","slug":"preinscripcio-2021-22-i-portes-obertes","status":"publish","type":"post","link":"https:\/\/agora.xtec.cat\/ceipbalmes\/general\/preinscripcio-2021-22-i-portes-obertes\/","title":{"rendered":"PREINSCRIPCI\u00d3 2021-22 I PORTES OBERTES"},"content":{"rendered":"<p><span style=\"font-family: arial, helvetica, sans-serif; font-size: 1em;\"><a href=\"https:\/\/agora.xtec.cat\/ceipbalmes\/wp-content\/uploads\/usu527\/2021\/02\/banner-verd-preins-web-centres.png\"><img loading=\"lazy\" decoding=\"async\" class=\"alignnone size-full wp-image-1589\" src=\"https:\/\/agora.xtec.cat\/ceipbalmes\/wp-content\/uploads\/usu527\/2021\/02\/banner-verd-preins-web-centres.png\" alt=\"\" width=\"900\" height=\"170\" srcset=\"https:\/\/agora.xtec.cat\/ceipbalmes\/wp-content\/uploads\/usu527\/2021\/02\/banner-verd-preins-web-centres.png 900w, https:\/\/agora.xtec.cat\/ceipbalmes\/wp-content\/uploads\/usu527\/2021\/02\/banner-verd-preins-web-centres-300x57.png 300w, https:\/\/agora.xtec.cat\/ceipbalmes\/wp-content\/uploads\/usu527\/2021\/02\/banner-verd-preins-web-centres-768x145.png 768w\" sizes=\"auto, (max-width: 900px) 100vw, 900px\" \/><\/a>\r\n\t<div class=\"slideshow_container slideshow_container_style-light\" style=\"height: 179px; \" data-slideshow-id=\"103\" data-style-name=\"style-light\" data-style-version=\"2.3.1\" >\r\n\r\n\t\t\t\t\t<div class=\"slideshow_loading_icon\"><\/div>\r\n\t\t\r\n\t\t<div class=\"slideshow_content\" style=\"display: none;\">\r\n\r\n\t\t\t<div class=\"slideshow_view\">\r\n\t\t\t\t<div class=\"slideshow_slide slideshow_slide_image\">\r\n\t\t\t\t\t<a href=\"http:\/\/www.jurjur.org\/\" target=\"_self\" >\t\t\t\t\t\t<img src=\"https:\/\/agora.xtec.cat\/ceipbalmes\/wp-content\/uploads\/usu527\/2014\/09\/albertbachiller.png\" alt=\"Il\u00b7lustraci\u00f3 per Albert Bachiller\" width=\"1244\" height=\"269\" \/>\r\n\t\t\t\t\t<\/a>\t\t\t\t\t<div class=\"slideshow_description_box slideshow_transparent\">\r\n\t\t\t\t\t\t<div class=\"slideshow_title\"><a href=\"http:\/\/www.jurjur.org\/\" target=\"_self\" >Il\u00b7lustraci\u00f3 per Albert Bachiller<\/a><\/div>\t\t\t\t\t\t\t\t\t\t\t<\/div>\r\n\t\t\t\t<\/div>\r\n\r\n\t\t\t\t\t\t<div style=\"clear: both;\"><\/div><\/div><div class=\"slideshow_view\">\r\n\t\t\t\t<div class=\"slideshow_slide slideshow_slide_image\">\r\n\t\t\t\t\t<a href=\"https:\/\/www.flickr.com\/photos\/namoscato\/8297366194\" target=\"_self\" >\t\t\t\t\t\t<img src=\"https:\/\/agora.xtec.cat\/ceipbalmes\/wp-content\/uploads\/usu527\/2014\/09\/Photo-by-Nick-Amoscato.jpg\" alt=\"Photo by Nick Amoscato\" width=\"638\" height=\"215\" \/>\r\n\t\t\t\t\t<\/a>\t\t\t\t\t<div class=\"slideshow_description_box slideshow_transparent\">\r\n\t\t\t\t\t\t<div class=\"slideshow_title\"><a href=\"https:\/\/www.flickr.com\/photos\/namoscato\/8297366194\" target=\"_self\" >Photo by Nick Amoscato<\/a><\/div>\t\t\t\t\t\t\t\t\t\t\t<\/div>\r\n\t\t\t\t<\/div>\r\n\r\n\t\t\t\t\t\t<div style=\"clear: both;\"><\/div><\/div><div class=\"slideshow_view\">\r\n\t\t\t\t<div class=\"slideshow_slide slideshow_slide_image\">\r\n\t\t\t\t\t<a href=\"http:\/\/upload.wikimedia.org\/wikipedia\/commons\/6\/68\/Boxwood_PS_kindergarten_classroom.jpg\" target=\"_self\" >\t\t\t\t\t\t<img src=\"https:\/\/agora.xtec.cat\/ceipbalmes\/wp-content\/uploads\/usu527\/2014\/09\/classe.png\" alt=\"By ChinaFlag (Own work) [Public domain], via Wikimedia Commons\" width=\"1194\" height=\"427\" \/>\r\n\t\t\t\t\t<\/a>\t\t\t\t\t<div class=\"slideshow_description_box slideshow_transparent\">\r\n\t\t\t\t\t\t<div class=\"slideshow_title\"><a href=\"http:\/\/upload.wikimedia.org\/wikipedia\/commons\/6\/68\/Boxwood_PS_kindergarten_classroom.jpg\" target=\"_self\" >classe<\/a><\/div>\t\t\t\t\t\t\t\t\t\t\t<\/div>\r\n\t\t\t\t<\/div>\r\n\r\n\t\t\t\t\t\t<div style=\"clear: both;\"><\/div><\/div>\r\n\t\t<\/div>\r\n\r\n\t\t<div class=\"slideshow_controlPanel slideshow_transparent\" style=\"display: none;\"><ul><li class=\"slideshow_togglePlay\" data-play-text=\"Visualitza\" data-pause-text=\"Pausa\"><\/li><\/ul><\/div>\r\n\r\n\t\t<div class=\"slideshow_button slideshow_previous slideshow_transparent\" role=\"button\" data-previous-text=\"Anterior\" style=\"display: none;\"><\/div>\r\n\t\t<div class=\"slideshow_button slideshow_next slideshow_transparent\" role=\"button\" data-next-text=\"Seg\u00fcent\" style=\"display: none;\"><\/div>\r\n\r\n\t\t<div class=\"slideshow_pagination\" style=\"display: none;\" data-go-to-text=\"V\u00e9s a la diapositiva\"><div class=\"slideshow_pagination_center\"><\/div><\/div>\r\n\r\n\t\t<!-- WordPress Slideshow Version 2.3.1 -->\r\n\r\n\t\t\t<\/div>\r\n\r\n<\/span><\/p>\n<p><span style=\"font-family: arial, helvetica, sans-serif; font-size: 1em;\">Benvolgudes fam\u00edlies, la presentaci\u00f3 de sol\u00b7licituds de preinscripci\u00f3 per<\/span><span style=\"font-family: arial, helvetica, sans-serif; font-size: 1em;\">d<\/span><span style=\"font-size: 1em;\"> Educaci\u00f3 infantil<\/span><span style=\"font-family: arial, helvetica, sans-serif; font-size: 1em;\"> de segon cicle i educaci\u00f3 prim\u00e0ria ser\u00e0 del 15 al 24 de mar\u00e7 de 2021, en format online. Estigueu pendents de les not\u00edcies , \u00a0doncs s&#8217;informar\u00e0 del procediment.<\/span><\/p>\n<p><span style=\"font-family: arial, helvetica, sans-serif;\">Per aquelles fam\u00edlies que volgueu visitar l&#8217;escola, heu de trucar el centre en horari de 10 a 16h per concertar la visita: 938 340 235.<\/span><br \/>\n<span style=\"font-family: arial, helvetica, sans-serif;\">Les visites es faran durant la setmana del 1 al 5 de marc, de 16:45 a 17:15, en grups m\u00e0xim de 10 persones.<\/span><\/p>\n<p>&nbsp;<\/p>\n","protected":false},"excerpt":{"rendered":"<p><a href=\"https:\/\/agora.xtec.cat\/ceipbalmes\/wp-content\/uploads\/usu527\/2021\/02\/banner-verd-preins-web-centres.png\"><\/a><\/p>\n<p>\t\t\t\t\t<a href=\"http:\/\/www.jurjur.org\/\" target=\"_self\" ><br \/>\n\t\t\t\t\t<\/a><br \/>\n\t\t\t\t\t\t<a href=\"http:\/\/www.jurjur.org\/\" target=\"_self\" >Il\u00b7lustraci\u00f3 per Albert Bachiller<\/a>\t\t\t\t\t\t\t\t\t\t\t<\/p>\n<p>\t\t\t\t\t<a href=\"https:\/\/www.flickr.com\/photos\/namoscato\/8297366194\" target=\"_self\" ><br \/>\n\t\t\t\t\t<\/a><br \/>\n\t\t\t\t\t\t<a href=\"https:\/\/www.flickr.com\/photos\/namoscato\/8297366194\" target=\"_self\" >Photo by Nick Amoscato<\/a>\t\t\t\t\t\t\t\t\t\t\t<\/p>\n<p>\t\t\t\t\t<a href=\"http:\/\/upload.wikimedia.org\/wikipedia\/commons\/6\/68\/Boxwood_PS_kindergarten_classroom.jpg\" target=\"_self\" ><br \/>\n\t\t\t\t\t<\/a><br \/>\n\t\t\t\t\t\t<a href=\"http:\/\/upload.wikimedia.org\/wikipedia\/commons\/6\/68\/Boxwood_PS_kindergarten_classroom.jpg\" target=\"_self\" >classe<\/a>\t\t\t\t\t\t\t\t\t\t\t<\/p>\n<ul>\n<li class=\"slideshow_togglePlay\" data-play-text=\"Visualitza\" data-pause-text=\"Pausa\"><\/li>\n<\/ul>\n<p>Benvolgudes fam\u00edlies, la presentaci\u00f3 de sol\u00b7licituds de preinscripci\u00f3 perd Educaci\u00f3 infantil de segon cicle i educaci\u00f3 prim\u00e0ria&hellip;  <a href=\"https:\/\/agora.xtec.cat\/ceipbalmes\/general\/preinscripcio-2021-22-i-portes-obertes\/\" title=\"Read PREINSCRIPCI\u00d3 2021-22 I PORTES OBERTES\">Llegeix m\u00e9s\u00bb<\/a><\/p>\n","protected":false},"author":1,"featured_media":1589,"comment_status":"closed","ping_status":"closed","sticky":false,"template":"","format":"standard","meta":{"_bbp_topic_count":0,"_bbp_reply_count":0,"_bbp_total_topic_count":0,"_bbp_total_reply_count":0,"_bbp_voice_count":0,"_bbp_anonymous_reply_count":0,"_bbp_topic_count_hidden":0,"_bbp_reply_count_hidden":0,"_bbp_forum_subforum_count":0,"footnotes":""},"categories":[1,4],"tags":[107,108],"class_list":["post-1588","post","type-post","status-publish","format-standard","has-post-thumbnail","hentry","category-general","category-portada","tag-general","tag-portada"],"post_mailing_queue_ids":[],"_links":{"self":[{"href":"https:\/\/agora.xtec.cat\/ceipbalmes\/wp-json\/wp\/v2\/posts\/1588","targetHints":{"allow":["GET"]}}],"collection":[{"href":"https:\/\/agora.xtec.cat\/ceipbalmes\/wp-json\/wp\/v2\/posts"}],"about":[{"href":"https:\/\/agora.xtec.cat\/ceipbalmes\/wp-json\/wp\/v2\/types\/post"}],"author":[{"embeddable":true,"href":"https:\/\/agora.xtec.cat\/ceipbalmes\/wp-json\/wp\/v2\/users\/1"}],"replies":[{"embeddable":true,"href":"https:\/\/agora.xtec.cat\/ceipbalmes\/wp-json\/wp\/v2\/comments?post=1588"}],"version-history":[{"count":3,"href":"https:\/\/agora.xtec.cat\/ceipbalmes\/wp-json\/wp\/v2\/posts\/1588\/revisions"}],"predecessor-version":[{"id":1593,"href":"https:\/\/agora.xtec.cat\/ceipbalmes\/wp-json\/wp\/v2\/posts\/1588\/revisions\/1593"}],"wp:featuredmedia":[{"embeddable":true,"href":"https:\/\/agora.xtec.cat\/ceipbalmes\/wp-json\/wp\/v2\/media\/1589"}],"wp:attachment":[{"href":"https:\/\/agora.xtec.cat\/ceipbalmes\/wp-json\/wp\/v2\/media?parent=1588"}],"wp:term":[{"taxonomy":"category","embeddable":true,"href":"https:\/\/agora.xtec.cat\/ceipbalmes\/wp-json\/wp\/v2\/categories?post=1588"},{"taxonomy":"post_tag","embeddable":true,"href":"https:\/\/agora.xtec.cat\/ceipbalmes\/wp-json\/wp\/v2\/tags?post=1588"}],"curies":[{"name":"wp","href":"https:\/\/api.w.org\/{rel}","templated":true}]}}