{"id":1546,"date":"2020-10-07T09:34:07","date_gmt":"2020-10-07T07:34:07","guid":{"rendered":"http:\/\/agora.xtec.cat\/ceipbalmes\/?p=1546"},"modified":"2020-10-07T09:37:04","modified_gmt":"2020-10-07T07:37:04","slug":"reestructuracio-torns-dentrada-i-sortida","status":"publish","type":"post","link":"https:\/\/agora.xtec.cat\/ceipbalmes\/general\/reestructuracio-torns-dentrada-i-sortida\/","title":{"rendered":"REESTRUCTURACI\u00d3 TORNS D&#8217;ENTRADA I SORTIDA"},"content":{"rendered":"<p style=\"text-align: justify;\">Benvolgudes fam\u00edlies,<\/p>\n<div dir=\"auto\" style=\"text-align: justify;\">a partir del DIJOUS 8 d&#8217;octubre,\u00a0 procedim a reestructurar els horaris d&#8217;entrada i sortida del centre per escur\u00e7ar una mica el temps d&#8217;espera d&#8217;alguns grups-classe.<\/div>\n<div dir=\"auto\"><\/div>\n<div dir=\"auto\" style=\"text-align: justify;\"><\/div>\n<div dir=\"auto\" style=\"text-align: justify;\"><span style=\"font-size: large;\">Per garantir una entrada segura, continuem necessitant de la vostra col\u00b7laboraci\u00f3 i de la de<b>\u00a0tot l&#8217;alumnat<\/b>:\u00a0<\/span><\/div>\n<div dir=\"auto\"><\/div>\n<div dir=\"auto\" style=\"text-align: justify;\"><\/div>\n<div dir=\"auto\" style=\"text-align: justify;\">\u00a0 \u00a0 \u00a0 1.- Cal que us mantingueu (alumnes i acompanyants) en la<b>\u00a0zona<\/b>\u00a0exterior\u00a0<b>indicada per a cada grup<\/b>\u00a0fins al moment que toqui entrar\/sortir al centre.<\/div>\n<div dir=\"auto\"><\/div>\n<div dir=\"auto\" style=\"text-align: justify;\"><\/div>\n<div dir=\"auto\" style=\"text-align: justify;\">\u00a0 \u00a0 \u00a0 2.- Hem d&#8217;evitar aglomeracions davant les portes; espereu si est\u00e0 passant un grup i doneu prefer\u00e8ncia al &#8220;transport escolar&#8221; i als &#8220;camins escolars&#8221; si coincidiu;<\/div>\n<div dir=\"auto\"><\/div>\n<div dir=\"auto\" style=\"text-align: justify;\">\u00a0 \u00a0 \u00a0 \u00a0 \u00a0 \u00a0recordeu aquestes indicacions als vostres fills i filles.<\/div>\n<div dir=\"auto\"><\/div>\n<div dir=\"auto\" style=\"text-align: justify;\"><\/div>\n<div dir=\"auto\" style=\"text-align: justify;\">\u00a0 \u00a0 \u00a0 3.- Sigueu puntuals.<\/div>\n<div dir=\"auto\" style=\"text-align: justify;\"><\/div>\n<div dir=\"auto\" style=\"text-align: justify;\"><\/div>\n<div dir=\"auto\" style=\"text-align: justify;\"><u><span style=\"font-size: large;\">Els nous torns d&#8217;entrada i sortida s\u00f3n :<\/span><\/u><\/div>\n<div dir=\"auto\" style=\"text-align: justify;\"><\/div>\n<div dir=\"auto\">\n<ul style=\"text-align: justify;\">\n<li><span style=\"font-size: large;\">L&#8217; alumnat que ve en &#8220;transport escolar&#8221; i amb els &#8220;camins escolars&#8221; entra a les 8:58h i marxa\u00a0 a partir de les 16:30h.<\/span><\/li>\n<\/ul>\n<ul style=\"text-align: justify;\">\n<li><span style=\"font-size: large;\">La resta d&#8217;alumnat:\u00a0 \u00a0 \u00a0 \u00a0 \u00a0 \u00a0 \u00a0 \u00a0 \u00a0<\/span>\n<ul>\n<li style=\"list-style-type: none;\">\n<ul>\n<li style=\"list-style-type: none;\">\n<ul>\n<li>al mat\u00ed,\u00a0entra a l&#8217;escola a les 9h, per\u00f2 l&#8217;entrada es fa amb el seu grup classe i seguint l&#8217;ordre indicat en els cartells de la valla (comen\u00e7a el grup m\u00e9s proper a la porta d&#8217;acc\u00e9s i anem continuant per ordre).<\/li>\n<li><span style=\"font-size: 12pt;\">Per la tarda, l&#8217;alumnat surt a partir de\u00a0 les 16:25h, poc a poc, a mesura que els vingueu a buscar (fins a les 16:30h)<\/span><\/li>\n<\/ul>\n<\/li>\n<\/ul>\n<\/li>\n<\/ul>\n<\/li>\n<\/ul>\n<div style=\"text-align: justify;\"><span style=\"font-family: sans-serif;\">\u00a0<\/span><\/div>\n<div style=\"text-align: justify;\"><u>Al migdia tothom que dina a casa surt a les 12:30 i entra a les 15h<\/u>, entrant a poc a poc, com fins ara.<span style=\"font-family: sans-serif;\"><br \/>\n<\/span><\/div>\n<div><\/div>\n<div><\/div>\n<div style=\"text-align: justify;\"><\/div>\n<div style=\"text-align: justify;\">MOLTES GR\u00c0CIES PER COL\u00b7LABORAR<\/div>\n<\/div>\n","protected":false},"excerpt":{"rendered":"<p>Benvolgudes fam\u00edlies,<br \/>\na partir del DIJOUS 8 d&#8217;octubre,\u00a0 procedim a reestructurar els horaris d&#8217;entrada i sortida del centre per escur\u00e7ar una mica el temps d&#8217;espera d&#8217;alguns grups-classe.<\/p>\n<p>Per garantir una entrada segura, continuem necessitant de la vostra col\u00b7laboraci\u00f3 i de la de\u00a0tot l&#8217;alumnat:\u00a0<\/p>\n<p>\u00a0 \u00a0 \u00a0 1.- Cal&hellip;  <a href=\"https:\/\/agora.xtec.cat\/ceipbalmes\/general\/reestructuracio-torns-dentrada-i-sortida\/\" title=\"Read REESTRUCTURACI\u00d3 TORNS D&#8217;ENTRADA I SORTIDA\">Llegeix m\u00e9s\u00bb<\/a><\/p>\n","protected":false},"author":1,"featured_media":0,"comment_status":"open","ping_status":"closed","sticky":false,"template":"","format":"standard","meta":{"_bbp_topic_count":0,"_bbp_reply_count":0,"_bbp_total_topic_count":0,"_bbp_total_reply_count":0,"_bbp_voice_count":0,"_bbp_anonymous_reply_count":0,"_bbp_topic_count_hidden":0,"_bbp_reply_count_hidden":0,"_bbp_forum_subforum_count":0,"footnotes":""},"categories":[1,4],"tags":[],"class_list":["post-1546","post","type-post","status-publish","format-standard","hentry","category-general","category-portada"],"post_mailing_queue_ids":[],"_links":{"self":[{"href":"https:\/\/agora.xtec.cat\/ceipbalmes\/wp-json\/wp\/v2\/posts\/1546","targetHints":{"allow":["GET"]}}],"collection":[{"href":"https:\/\/agora.xtec.cat\/ceipbalmes\/wp-json\/wp\/v2\/posts"}],"about":[{"href":"https:\/\/agora.xtec.cat\/ceipbalmes\/wp-json\/wp\/v2\/types\/post"}],"author":[{"embeddable":true,"href":"https:\/\/agora.xtec.cat\/ceipbalmes\/wp-json\/wp\/v2\/users\/1"}],"replies":[{"embeddable":true,"href":"https:\/\/agora.xtec.cat\/ceipbalmes\/wp-json\/wp\/v2\/comments?post=1546"}],"version-history":[{"count":4,"href":"https:\/\/agora.xtec.cat\/ceipbalmes\/wp-json\/wp\/v2\/posts\/1546\/revisions"}],"predecessor-version":[{"id":1550,"href":"https:\/\/agora.xtec.cat\/ceipbalmes\/wp-json\/wp\/v2\/posts\/1546\/revisions\/1550"}],"wp:attachment":[{"href":"https:\/\/agora.xtec.cat\/ceipbalmes\/wp-json\/wp\/v2\/media?parent=1546"}],"wp:term":[{"taxonomy":"category","embeddable":true,"href":"https:\/\/agora.xtec.cat\/ceipbalmes\/wp-json\/wp\/v2\/categories?post=1546"},{"taxonomy":"post_tag","embeddable":true,"href":"https:\/\/agora.xtec.cat\/ceipbalmes\/wp-json\/wp\/v2\/tags?post=1546"}],"curies":[{"name":"wp","href":"https:\/\/api.w.org\/{rel}","templated":true}]}}