{"id":1543,"date":"2020-09-17T16:01:52","date_gmt":"2020-09-17T14:01:52","guid":{"rendered":"http:\/\/agora.xtec.cat\/ceipbalmes\/?p=1543"},"modified":"2020-09-17T16:02:13","modified_gmt":"2020-09-17T14:02:13","slug":"entrades-i-sortides-en-cas-de-pluja","status":"publish","type":"post","link":"https:\/\/agora.xtec.cat\/ceipbalmes\/general\/entrades-i-sortides-en-cas-de-pluja\/","title":{"rendered":"ENTRADES I SORTIDES EN CAS DE PLUJA"},"content":{"rendered":"<p style=\"text-align: justify;\"><span style=\"font-family: helvetica, arial, sans-serif;\">Benvolgudes fam\u00edlies,<\/span><\/p>\n<p style=\"text-align: justify;\"><span style=\"font-family: helvetica, arial, sans-serif;\">en cas de pluja coincidint en les hores d&#8217;entrada o sortida del centre, ens organitzarem de la seg\u00fcent manera (sempre mantenint les mesures de prevenci\u00f3 i seguretat que el Departament ens demana).<\/span><\/p>\n<p style=\"text-align: justify;\"><span style=\"font-family: helvetica, arial, sans-serif;\"><b>ARRIBADA (mat\u00ed i migdia):\u00a0<\/b><\/span><\/p>\n<p style=\"text-align: justify;\"><span style=\"font-family: helvetica, arial, sans-serif;\">&#8211; els docents estan a la seva aula, on esperen els alumnes.<\/span><\/p>\n<p style=\"text-align: justify;\"><span style=\"font-family: helvetica, arial, sans-serif;\">&#8211; l&#8217;alumnat\u00a0 arriba a l&#8217;escola a l&#8217;hora que t\u00e9 assignada (9h o 9:10h ,igual que els altres dies);\u00a0<\/span><span style=\"font-family: helvetica, arial, sans-serif;\"> entra al pati per la porta assignada al seu grup\u00a0 (tamb\u00e9 com cada dia) i entra directament a l&#8217;edifici per les escales assignades (com cada dia). NO HA D&#8217;ESPERAR AL MESTRE NI HA DE FER FILES, puja directe a la seva aula. A les portes i pel vest\u00edbul hi haur\u00e0 persones responsables vigilant per una correcta circulaci\u00f3 dels alumnes (caminar a poc a poc, evitar aglomeracions,&#8230;)<\/span><\/p>\n<p style=\"text-align: justify;\"><span style=\"font-family: helvetica, arial, sans-serif;\"><b>SORTIDA (migdia i tarda):<\/b><\/span><\/p>\n<p style=\"text-align: justify;\"><span style=\"font-family: helvetica, arial, sans-serif;\">&#8211; Cada mestre acompanya el seu grup al punt acordat en cas de pluja, des d&#8217;on els anir\u00e0 entregant a les fam\u00edlies amb la m\u00e0xima rapidesa, per\u00f2 respectant tamb\u00e9 els torns i evitant aglomeracions. Aquests punts s\u00f3n:<\/span><\/p>\n<ul>\n<li style=\"list-style-type: none;\">\n<ul>\n<li><span style=\"font-family: helvetica, arial, sans-serif;\">Per l&#8217;alumnat d&#8217;educaci\u00f3 infantil, la sortida es far\u00e0 des del vest\u00edbul de Direcci\u00f3.<\/span><\/li>\n<li><span style=\"font-family: helvetica, arial, sans-serif;\">Per l&#8217;alumnat de primer i segon de prim\u00e0ria, la sortida es far\u00e0 des de la Biblioteca.<\/span><\/li>\n<li><span style=\"font-family: helvetica, arial, sans-serif;\">Per l&#8217;alumnat de tercer, quart, cinqu\u00e8 i sis\u00e8, la sortida es far\u00e0 des del porxo, al costat del gimn\u00e0s.<\/span><\/li>\n<\/ul>\n<\/li>\n<\/ul>\n<p style=\"text-align: justify;\"><span style=\"font-family: helvetica, arial, sans-serif;\">Preguem, si us plau, que les fam\u00edlies que us espereu\u00a0 a fora faciliteu el pas a l&#8217;alumnat que arriba o marxa en transport escolar i els dels Camins escolars. Eviteu aglomeracions davant la porta, situant-vos sempre que us sigui possible a la zona on hi ha els cartells corresponents o on us puguin veure els i les mestres.<\/span><\/p>\n<p style=\"text-align: justify;\"><span style=\"font-family: helvetica, arial, sans-serif;\">Aquelles fam\u00edlies que ho considereu oport\u00fa, els dies que es preveu pluja, podeu donar un paraig\u00fces plegable al vostre fill\/a perqu\u00e8 el guardi dins la motxilla.\u00a0<\/span><\/p>\n<p style=\"text-align: justify;\"><span style=\"font-family: helvetica, arial, sans-serif;\">Moltes gr\u00e0cies per la vostra col\u00b7laboraci\u00f3<\/span><\/p>\n","protected":false},"excerpt":{"rendered":"<p>Benvolgudes fam\u00edlies,<br \/>\nen cas de pluja coincidint en les hores d&#8217;entrada o sortida del centre, ens organitzarem de la seg\u00fcent manera (sempre mantenint les mesures de prevenci\u00f3 i seguretat que el Departament ens demana).<br \/>\nARRIBADA (mat\u00ed i migdia):\u00a0<br \/>\n&#8211; els docents estan a la seva aula, on esperen&hellip;  <a href=\"https:\/\/agora.xtec.cat\/ceipbalmes\/general\/entrades-i-sortides-en-cas-de-pluja\/\" title=\"Read ENTRADES I SORTIDES EN CAS DE PLUJA\">Llegeix m\u00e9s\u00bb<\/a><\/p>\n","protected":false},"author":1,"featured_media":0,"comment_status":"open","ping_status":"closed","sticky":false,"template":"","format":"standard","meta":{"_bbp_topic_count":0,"_bbp_reply_count":0,"_bbp_total_topic_count":0,"_bbp_total_reply_count":0,"_bbp_voice_count":0,"_bbp_anonymous_reply_count":0,"_bbp_topic_count_hidden":0,"_bbp_reply_count_hidden":0,"_bbp_forum_subforum_count":0,"footnotes":""},"categories":[1,4],"tags":[],"class_list":["post-1543","post","type-post","status-publish","format-standard","hentry","category-general","category-portada"],"post_mailing_queue_ids":[],"_links":{"self":[{"href":"https:\/\/agora.xtec.cat\/ceipbalmes\/wp-json\/wp\/v2\/posts\/1543","targetHints":{"allow":["GET"]}}],"collection":[{"href":"https:\/\/agora.xtec.cat\/ceipbalmes\/wp-json\/wp\/v2\/posts"}],"about":[{"href":"https:\/\/agora.xtec.cat\/ceipbalmes\/wp-json\/wp\/v2\/types\/post"}],"author":[{"embeddable":true,"href":"https:\/\/agora.xtec.cat\/ceipbalmes\/wp-json\/wp\/v2\/users\/1"}],"replies":[{"embeddable":true,"href":"https:\/\/agora.xtec.cat\/ceipbalmes\/wp-json\/wp\/v2\/comments?post=1543"}],"version-history":[{"count":2,"href":"https:\/\/agora.xtec.cat\/ceipbalmes\/wp-json\/wp\/v2\/posts\/1543\/revisions"}],"predecessor-version":[{"id":1545,"href":"https:\/\/agora.xtec.cat\/ceipbalmes\/wp-json\/wp\/v2\/posts\/1543\/revisions\/1545"}],"wp:attachment":[{"href":"https:\/\/agora.xtec.cat\/ceipbalmes\/wp-json\/wp\/v2\/media?parent=1543"}],"wp:term":[{"taxonomy":"category","embeddable":true,"href":"https:\/\/agora.xtec.cat\/ceipbalmes\/wp-json\/wp\/v2\/categories?post=1543"},{"taxonomy":"post_tag","embeddable":true,"href":"https:\/\/agora.xtec.cat\/ceipbalmes\/wp-json\/wp\/v2\/tags?post=1543"}],"curies":[{"name":"wp","href":"https:\/\/api.w.org\/{rel}","templated":true}]}}