{"id":1534,"date":"2020-09-11T07:36:46","date_gmt":"2020-09-11T05:36:46","guid":{"rendered":"http:\/\/agora.xtec.cat\/ceipbalmes\/?p=1534"},"modified":"2020-09-11T07:36:57","modified_gmt":"2020-09-11T05:36:57","slug":"actualitzacio-de-les-mesures-sanitaries-en-data-9-de-setembre","status":"publish","type":"post","link":"https:\/\/agora.xtec.cat\/ceipbalmes\/general\/actualitzacio-de-les-mesures-sanitaries-en-data-9-de-setembre\/","title":{"rendered":"ACTUALITZACI\u00d3 DE LES MESURES SANIT\u00c0RIES, en data 9 de setembre"},"content":{"rendered":"<p>Per la situaci\u00f3 actual de la pand\u00e8mia, us informem que Salut ha disposat que durant els primers 14 dies d&#8217;escola, tot l&#8217;alumnat de prim\u00e0ria haur\u00e0 de dur la mascareta posada sempre dins l&#8217;escola. Tamb\u00e9 ha informat de que els s\u00edmptomes com mal de coll o refredat nasal, han d&#8217;anar acompanyats per febre m\u00e9s alta de 37&#8217;5\u00ba o un altre s\u00edmptoma del COVID-19 per ser motiu de no ha de venir a l&#8217;escola.<\/p>\n<ul>\n<li><a href=\"https:\/\/drive.google.com\/file\/d\/1dABimkSFNR06HAcna0ihzs9WgdLBngZo\/view?usp=sharing\">Infografia Salut-escola<\/a><\/li>\n<li><a href=\"https:\/\/drive.google.com\/file\/d\/1g4LTWEADxt7Dnx37Rly9c3_gvZ42f7be\/view?usp=sharing\">Noves mesures SANITAT-ESCOLA (9 setembre)<\/a><\/li>\n<li><a href=\"http:\/\/ow.ly\/JxvE30r8ZmM\">SANITAT-ESCOLA<\/a><\/li>\n<\/ul>\n","protected":false},"excerpt":{"rendered":"<p>Per la situaci\u00f3 actual de la pand\u00e8mia, us informem que Salut ha disposat que durant els primers 14 dies d&#8217;escola, tot l&#8217;alumnat de prim\u00e0ria haur\u00e0 de dur la mascareta posada sempre dins l&#8217;escola. Tamb\u00e9 ha informat de que els s\u00edmptomes com mal de coll o&hellip;  <a href=\"https:\/\/agora.xtec.cat\/ceipbalmes\/general\/actualitzacio-de-les-mesures-sanitaries-en-data-9-de-setembre\/\" title=\"Read ACTUALITZACI\u00d3 DE LES MESURES SANIT\u00c0RIES, en data 9 de setembre\">Llegeix m\u00e9s\u00bb<\/a><\/p>\n","protected":false},"author":1,"featured_media":0,"comment_status":"open","ping_status":"closed","sticky":false,"template":"","format":"standard","meta":{"_bbp_topic_count":0,"_bbp_reply_count":0,"_bbp_total_topic_count":0,"_bbp_total_reply_count":0,"_bbp_voice_count":0,"_bbp_anonymous_reply_count":0,"_bbp_topic_count_hidden":0,"_bbp_reply_count_hidden":0,"_bbp_forum_subforum_count":0,"footnotes":""},"categories":[1],"tags":[],"class_list":["post-1534","post","type-post","status-publish","format-standard","hentry","category-general"],"post_mailing_queue_ids":[],"_links":{"self":[{"href":"https:\/\/agora.xtec.cat\/ceipbalmes\/wp-json\/wp\/v2\/posts\/1534","targetHints":{"allow":["GET"]}}],"collection":[{"href":"https:\/\/agora.xtec.cat\/ceipbalmes\/wp-json\/wp\/v2\/posts"}],"about":[{"href":"https:\/\/agora.xtec.cat\/ceipbalmes\/wp-json\/wp\/v2\/types\/post"}],"author":[{"embeddable":true,"href":"https:\/\/agora.xtec.cat\/ceipbalmes\/wp-json\/wp\/v2\/users\/1"}],"replies":[{"embeddable":true,"href":"https:\/\/agora.xtec.cat\/ceipbalmes\/wp-json\/wp\/v2\/comments?post=1534"}],"version-history":[{"count":1,"href":"https:\/\/agora.xtec.cat\/ceipbalmes\/wp-json\/wp\/v2\/posts\/1534\/revisions"}],"predecessor-version":[{"id":1535,"href":"https:\/\/agora.xtec.cat\/ceipbalmes\/wp-json\/wp\/v2\/posts\/1534\/revisions\/1535"}],"wp:attachment":[{"href":"https:\/\/agora.xtec.cat\/ceipbalmes\/wp-json\/wp\/v2\/media?parent=1534"}],"wp:term":[{"taxonomy":"category","embeddable":true,"href":"https:\/\/agora.xtec.cat\/ceipbalmes\/wp-json\/wp\/v2\/categories?post=1534"},{"taxonomy":"post_tag","embeddable":true,"href":"https:\/\/agora.xtec.cat\/ceipbalmes\/wp-json\/wp\/v2\/tags?post=1534"}],"curies":[{"name":"wp","href":"https:\/\/api.w.org\/{rel}","templated":true}]}}