{"id":1520,"date":"2020-09-10T18:30:38","date_gmt":"2020-09-10T16:30:38","guid":{"rendered":"http:\/\/agora.xtec.cat\/ceipbalmes\/?p=1520"},"modified":"2020-09-11T07:35:20","modified_gmt":"2020-09-11T05:35:20","slug":"comenca-lescola","status":"publish","type":"post","link":"https:\/\/agora.xtec.cat\/ceipbalmes\/general\/comenca-lescola\/","title":{"rendered":"COMEN\u00c7A L&#8217;ESCOLA!"},"content":{"rendered":"<p><span style=\"color: #800080; font-family: verdana, geneva, sans-serif; font-size: 14pt;\">Benvolgudes fam\u00edlies, ja ho tenim tot preparat per comen\u00e7ar l&#8217;escola dilluns dia 14. <\/span><\/p>\n<p><span style=\"color: #800080; font-family: verdana, geneva, sans-serif; font-size: 14pt;\">Us esperem amb molta il\u00b7lusi\u00f3 per reprendre les classes.<\/span><\/p>\n<p>Adjuntem informaci\u00f3 que us hem enviat per correu electr\u00f2nic.<\/p>\n<ul>\n<li><a href=\"https:\/\/drive.google.com\/file\/d\/1sfLq28qot3h1-pMXyotZdoQ-IPUneMja\/view?usp=sharing\">Aspectes organitzatius\u00a0<\/a><\/li>\n<li><a href=\"https:\/\/drive.google.com\/file\/d\/1AdP78pWR_yx7ns9aULHe4bYMX3OG1FP0\/view?usp=sharing\">DECLARACI\u00d3 responsable-Ed. Infantil<\/a><\/li>\n<li><a href=\"https:\/\/drive.google.com\/file\/d\/13YcKvqXWcpEaXBb5FoaEg8VuoJSxr2s_\/view?usp=sharing\">DECLARACI\u00d3 responsable-Prim\u00e0ria (1r a 6\u00e8)<\/a><\/li>\n<li><a href=\"https:\/\/drive.google.com\/file\/d\/1l4IwY7Q_jembq2EFIHw0j1P1JHdoKiXf\/view?usp=sharing\">Equip docent<\/a><\/li>\n<li><a href=\"https:\/\/drive.google.com\/file\/d\/1k0nCuwleXgb7tM8b2HoS2lISiycxDnMV\/view?usp=sharing\">Infografia transport escolar<\/a><\/li>\n<li><a href=\"https:\/\/drive.google.com\/file\/d\/1Ou8w3nqddwPDY2fqieGzrwkJyqMluqNT\/view?usp=sharing\">Protocol del transport escolar<\/a><\/li>\n<li><a href=\"https:\/\/drive.google.com\/file\/d\/1LErO417BC95kpIHkN-8g8Q9UqIHziUx1\/view?usp=sharing\">PLA D&#8217;ORGANITZACI\u00d3 DE CENTRE<\/a><\/li>\n<\/ul>\n<p>El pla d&#8217;organitzaci\u00f3 de centre inclou tamb\u00e9 les actuacions previstes en cas de confinament.<\/p>\n<p>&nbsp;<\/p>\n","protected":false},"excerpt":{"rendered":"<p>Benvolgudes fam\u00edlies, ja ho tenim tot preparat per comen\u00e7ar l&#8217;escola dilluns dia 14.<br \/>\nUs esperem amb molta il\u00b7lusi\u00f3 per reprendre les classes.<br \/>\nAdjuntem informaci\u00f3 que us hem enviat per correu electr\u00f2nic.<\/p>\n<ul>\n<li><a href=\"https:\/\/drive.google.com\/file\/d\/1sfLq28qot3h1-pMXyotZdoQ-IPUneMja\/view?usp=sharing\">Aspectes organitzatius\u00a0<\/a><\/li>\n<li><a href=\"https:\/\/drive.google.com\/file\/d\/1AdP78pWR_yx7ns9aULHe4bYMX3OG1FP0\/view?usp=sharing\">DECLARACI\u00d3 responsable-Ed. Infantil<\/a><\/li>\n<li><a href=\"https:\/\/drive.google.com\/file\/d\/13YcKvqXWcpEaXBb5FoaEg8VuoJSxr2s_\/view?usp=sharing\">DECLARACI\u00d3 responsable-Prim\u00e0ria (1r a 6\u00e8)<\/a><\/li>\n<li><a href=\"https:\/\/drive.google.com\/file\/d\/1l4IwY7Q_jembq2EFIHw0j1P1JHdoKiXf\/view?usp=sharing\">Equip docent<\/a><\/li>\n<li><a href=\"https:\/\/drive.google.com\/file\/d\/1k0nCuwleXgb7tM8b2HoS2lISiycxDnMV\/view?usp=sharing\">Infografia transport escolar<\/a><\/li>\n<li><a&hellip;  <a href=\"https:\/\/agora.xtec.cat\/ceipbalmes\/general\/comenca-lescola\/\" title=\"Read COMEN\u00c7A L&#8217;ESCOLA!\">Llegeix m\u00e9s\u00bb<\/a><br \/>\n","protected":false},"author":1,"featured_media":0,"comment_status":"open","ping_status":"closed","sticky":false,"template":"","format":"standard","meta":{"_bbp_topic_count":0,"_bbp_reply_count":0,"_bbp_total_topic_count":0,"_bbp_total_reply_count":0,"_bbp_voice_count":0,"_bbp_anonymous_reply_count":0,"_bbp_topic_count_hidden":0,"_bbp_reply_count_hidden":0,"_bbp_forum_subforum_count":0,"footnotes":""},"categories":[1,4],"tags":[],"class_list":["post-1520","post","type-post","status-publish","format-standard","hentry","category-general","category-portada"],"post_mailing_queue_ids":[],"_links":{"self":[{"href":"https:\/\/agora.xtec.cat\/ceipbalmes\/wp-json\/wp\/v2\/posts\/1520","targetHints":{"allow":["GET"]}}],"collection":[{"href":"https:\/\/agora.xtec.cat\/ceipbalmes\/wp-json\/wp\/v2\/posts"}],"about":[{"href":"https:\/\/agora.xtec.cat\/ceipbalmes\/wp-json\/wp\/v2\/types\/post"}],"author":[{"embeddable":true,"href":"https:\/\/agora.xtec.cat\/ceipbalmes\/wp-json\/wp\/v2\/users\/1"}],"replies":[{"embeddable":true,"href":"https:\/\/agora.xtec.cat\/ceipbalmes\/wp-json\/wp\/v2\/comments?post=1520"}],"version-history":[{"count":2,"href":"https:\/\/agora.xtec.cat\/ceipbalmes\/wp-json\/wp\/v2\/posts\/1520\/revisions"}],"predecessor-version":[{"id":1533,"href":"https:\/\/agora.xtec.cat\/ceipbalmes\/wp-json\/wp\/v2\/posts\/1520\/revisions\/1533"}],"wp:attachment":[{"href":"https:\/\/agora.xtec.cat\/ceipbalmes\/wp-json\/wp\/v2\/media?parent=1520"}],"wp:term":[{"taxonomy":"category","embeddable":true,"href":"https:\/\/agora.xtec.cat\/ceipbalmes\/wp-json\/wp\/v2\/categories?post=1520"},{"taxonomy":"post_tag","embeddable":true,"href":"https:\/\/agora.xtec.cat\/ceipbalmes\/wp-json\/wp\/v2\/tags?post=1520"}],"curies":[{"name":"wp","href":"https:\/\/api.w.org\/{rel}","templated":true}]}}