{"id":1512,"date":"2020-06-22T12:45:36","date_gmt":"2020-06-22T10:45:36","guid":{"rendered":"http:\/\/agora.xtec.cat\/ceipbalmes\/?p=1512"},"modified":"2020-06-22T12:45:36","modified_gmt":"2020-06-22T10:45:36","slug":"camins-escolars-2020-21","status":"publish","type":"post","link":"https:\/\/agora.xtec.cat\/ceipbalmes\/general\/camins-escolars-2020-21\/","title":{"rendered":"CAMINS ESCOLARS 2020-21"},"content":{"rendered":"<p>&nbsp;<\/p>\n<p style=\"font-weight: 400;\"><span style=\"font-size: 14pt;\"><em>El cam\u00ed escolar \u00e9s un itinerari d&#8217;anada i tornada a l&#8217;escola que permet el despla\u00e7ament segur, acollidor i educatiu dels infants. Ens ajuda a recuperar l&#8217;espai p\u00fablic i convertir-lo en una possibilitat magn\u00edfica d&#8217;aprendre a moure&#8217;ns amb autonomia, de forma saludable i contribuint a la millora del medi ambient.<\/em><\/span><\/p>\n<p style=\"font-weight: 400; text-align: center;\"><span style=\"font-size: 14pt;\"><em>Caminem plegats\/des?<\/em><\/span><\/p>\n<p><a href=\"https:\/\/agora.xtec.cat\/ceipbalmes\/wp-content\/uploads\/usu527\/2020\/06\/image001.png\"><img loading=\"lazy\" decoding=\"async\" class=\"aligncenter size-large wp-image-1513\" src=\"https:\/\/agora.xtec.cat\/ceipbalmes\/wp-content\/uploads\/usu527\/2020\/06\/image001-1024x726.png\" alt=\"\" width=\"1024\" height=\"726\" srcset=\"https:\/\/agora.xtec.cat\/ceipbalmes\/wp-content\/uploads\/usu527\/2020\/06\/image001-1024x726.png 1024w, https:\/\/agora.xtec.cat\/ceipbalmes\/wp-content\/uploads\/usu527\/2020\/06\/image001-300x213.png 300w, https:\/\/agora.xtec.cat\/ceipbalmes\/wp-content\/uploads\/usu527\/2020\/06\/image001-768x545.png 768w\" sizes=\"auto, (max-width: 1024px) 100vw, 1024px\" \/><\/a><\/p>\n<p>&nbsp;<\/p>\n<p style=\"font-weight: 400;\"><span style=\"font-size: 14pt;\">Un curs m\u00e9s, des de l\u2019\u00c0rea d\u2019Educaci\u00f3 de l\u2019Ajuntament de Castellbell i el Vilar, es posa a disposici\u00f3 de infants i fam\u00edlies de l\u2019escola Jaume Balmes el servei de <strong>Camins Escolars<\/strong>, amb les l\u00ednies del Borr\u00e0s i el Bur\u00e9s.<\/span><\/p>\n<p style=\"font-weight: 400;\"><span style=\"font-size: 14pt;\">Amb aquesta iniciativa fomentem h\u00e0bits saludables, recuperant el costum d\u2019anar caminant a l\u2019escola i descongestionem la via p\u00fablica de vehicles, contribuint a la reducci\u00f3 de les emissions de gasos que produeixen els cotxes i conscienciem als infants de la import\u00e0ncia que aix\u00f2 t\u00e9 per el nostre entorn.<\/span><\/p>\n<p style=\"font-weight: 400;\"><span style=\"font-size: 14pt;\">Per tal de fer la previsi\u00f3 de places i preveure el nombre de monitors\/es que faran l\u2019acompanyament dels infants, podeu fer\u00a0la confirmaci\u00f3 d\u2019\u00fas del servei pel proper curs abans de l\u2019 <strong>1 de juliol de 2020<\/strong>, a trav\u00e9s del <strong>formulari <\/strong>que trobareu a:<\/span><\/p>\n<p style=\"font-weight: 400; text-align: center;\"><span style=\"font-size: 14pt;\"><span style=\"font-size: 18pt;\"><a href=\"http:\/\/castellbellielvilar.cat\/ajuntament\/camins-escolars\/\" data-saferedirecturl=\"https:\/\/www.google.com\/url?q=http:\/\/castellbellielvilar.cat\/ajuntament\/camins-escolars\/&amp;source=gmail&amp;ust=1592907971202000&amp;usg=AFQjCNF4c0odvx-SGUtSxtYyg87dA5AyhA\">http:\/\/castellbellielvilar.cat\/ajuntament\/camins-escolars\/<\/a><\/span><\/span><\/p>\n<p style=\"font-weight: 400;\"><span style=\"font-size: 14pt;\">En el cas que no us sigui possible enviar-lo per mail, us podeu posar en contacte amb nosaltres via correu electr\u00f2nic\u00a0<a href=\"mailto:educaciocastellbellielvilar@gmail.com\">educaciocastellbellielvilar@gmail.com<\/a><\/span><\/p>\n<p style=\"font-weight: 400;\"><span style=\"font-size: 14pt;\"><em>\u00a0<\/em><\/span><\/p>\n<p style=\"font-weight: 400;\"><span style=\"font-size: 14pt;\">Per tal de garantir la seguretat dels infants i fomentar el bon funcionament del servei us fem saber :<\/span><\/p>\n<ol>\n<li><span style=\"font-size: 14pt;\">El servei de camins escolars <strong>t\u00e9 uns horaris, unes parades i itineraris fixes<\/strong>:<\/span><\/li>\n<\/ol>\n<ul>\n<li style=\"list-style-type: none;\">\n<ul>\n<li style=\"list-style-type: none;\">\n<ul>\n<li style=\"list-style-type: none;\">\n<ul>\n<li><span style=\"font-size: 14pt;\"><em>L\u00ednia 1: Bur\u00e9s-Escola-Bur\u00e9s.<\/em> Punt de recollida: parada d\u2019autobusos. Horari mat\u00ed 8,40 h.<\/span><\/li>\n<li><span style=\"font-size: 14pt;\"><em style=\"font-family: inherit;\">L\u00ednia 2: Borr\u00e0s-Escola-Borr\u00e0s.<\/em><span style=\"font-family: inherit;\">\u00a0Punt de recollida: parada d\u2019autobusos C\/ Sant Jeroni. Horari Mat\u00ed: 8,35h.<\/span><\/span><\/li>\n<\/ul>\n<\/li>\n<\/ul>\n<\/li>\n<\/ul>\n<\/li>\n<\/ul>\n<ul>\n<li style=\"list-style-type: none;\">\n<ul>\n<li style=\"font-weight: 400;\"><span style=\"font-size: 14pt;\">\u00c9s molt important ser puntual.<\/span><\/li>\n<li style=\"font-weight: 400;\"><span style=\"font-size: 14pt;\">Els recorreguts es faran des del tram inicial al final. No ser\u00e0 perm\u00e8s deixar o recollir els infants a mig cam\u00ed.<\/span><\/li>\n<li style=\"font-weight: 400;\"><span style=\"font-size: 14pt;\">Cal que el responsable de la fam\u00edlia, porti i vagi a buscar l\u2019infant a la parada.<\/span><\/li>\n<li style=\"font-weight: 400;\"><span style=\"font-size: 14pt;\">Els infants que se\u2019ls permeti tornar sols a casa des de la parada, caldr\u00e0 que pare\/mare\/tutor\/a signi una autoritzaci\u00f3 que facilitaran els\/les monitores a l\u2019inici de curs.<\/span><\/li>\n<\/ul>\n<\/li>\n<\/ul>\n<p style=\"font-weight: 400;\"><span style=\"font-size: 14pt;\">2. El servei de camins escolars t\u00e9 <strong>l\u2019acompanyament de monitors\/es<\/strong>. Ells\/es s\u00f3n els responsables dels infants i per tant cal seguir en tot moment les seves indicacions per tal de garantir la seguretat.<\/span><\/p>\n<ul>\n<li style=\"list-style-type: none;\">\n<ul>\n<li style=\"font-weight: 400;\"><span style=\"font-size: 14pt;\">Caldr\u00e0 fer-los saber les faltes d\u2019assist\u00e8ncia dels infants de forma anticipada.<\/span><\/li>\n<li style=\"font-weight: 400;\"><span style=\"font-size: 14pt;\">Els\/les monitors\/es faran un registre diari d\u2019assist\u00e8ncia. En el cas de fer moltes faltes injustificades es podr\u00e0 donar de baixa a l\u2019infant del servei.<\/span><\/li>\n<li style=\"font-weight: 400;\"><span style=\"font-size: 14pt;\">\u00c9s important que les fam\u00edlies donin suport a la tasca educativa dels i les monitores, indicant als infants que han de respectar les consignes dels i les monitores amb respecte i confian\u00e7a.<\/span><\/li>\n<li style=\"font-weight: 400;\"><span style=\"font-size: 14pt;\">El mal \u00fas del servei de cam\u00ed escolar o el no seguiment de les regles indicades podr\u00e0 ser motiu de sanci\u00f3 consistent en ser donat de baixa del servei per part de l\u2019Ajuntament de Castellbell i el Vilar.<\/span><\/li>\n<\/ul>\n<\/li>\n<\/ul>\n","protected":false},"excerpt":{"rendered":"<p>&nbsp;<br \/>\nEl cam\u00ed escolar \u00e9s un itinerari d&#8217;anada i tornada a l&#8217;escola que permet el despla\u00e7ament segur, acollidor i educatiu dels infants. Ens ajuda a recuperar l&#8217;espai p\u00fablic i convertir-lo en una possibilitat magn\u00edfica d&#8217;aprendre a moure&#8217;ns amb autonomia, de forma saludable i contribuint a la&hellip;  <a href=\"https:\/\/agora.xtec.cat\/ceipbalmes\/general\/camins-escolars-2020-21\/\" title=\"Read CAMINS ESCOLARS 2020-21\">Llegeix m\u00e9s\u00bb<\/a><\/p>\n","protected":false},"author":1,"featured_media":1513,"comment_status":"open","ping_status":"closed","sticky":false,"template":"","format":"standard","meta":{"_bbp_topic_count":0,"_bbp_reply_count":0,"_bbp_total_topic_count":0,"_bbp_total_reply_count":0,"_bbp_voice_count":0,"_bbp_anonymous_reply_count":0,"_bbp_topic_count_hidden":0,"_bbp_reply_count_hidden":0,"_bbp_forum_subforum_count":0,"footnotes":""},"categories":[1],"tags":[],"class_list":["post-1512","post","type-post","status-publish","format-standard","has-post-thumbnail","hentry","category-general"],"post_mailing_queue_ids":[],"_links":{"self":[{"href":"https:\/\/agora.xtec.cat\/ceipbalmes\/wp-json\/wp\/v2\/posts\/1512","targetHints":{"allow":["GET"]}}],"collection":[{"href":"https:\/\/agora.xtec.cat\/ceipbalmes\/wp-json\/wp\/v2\/posts"}],"about":[{"href":"https:\/\/agora.xtec.cat\/ceipbalmes\/wp-json\/wp\/v2\/types\/post"}],"author":[{"embeddable":true,"href":"https:\/\/agora.xtec.cat\/ceipbalmes\/wp-json\/wp\/v2\/users\/1"}],"replies":[{"embeddable":true,"href":"https:\/\/agora.xtec.cat\/ceipbalmes\/wp-json\/wp\/v2\/comments?post=1512"}],"version-history":[{"count":3,"href":"https:\/\/agora.xtec.cat\/ceipbalmes\/wp-json\/wp\/v2\/posts\/1512\/revisions"}],"predecessor-version":[{"id":1516,"href":"https:\/\/agora.xtec.cat\/ceipbalmes\/wp-json\/wp\/v2\/posts\/1512\/revisions\/1516"}],"wp:featuredmedia":[{"embeddable":true,"href":"https:\/\/agora.xtec.cat\/ceipbalmes\/wp-json\/wp\/v2\/media\/1513"}],"wp:attachment":[{"href":"https:\/\/agora.xtec.cat\/ceipbalmes\/wp-json\/wp\/v2\/media?parent=1512"}],"wp:term":[{"taxonomy":"category","embeddable":true,"href":"https:\/\/agora.xtec.cat\/ceipbalmes\/wp-json\/wp\/v2\/categories?post=1512"},{"taxonomy":"post_tag","embeddable":true,"href":"https:\/\/agora.xtec.cat\/ceipbalmes\/wp-json\/wp\/v2\/tags?post=1512"}],"curies":[{"name":"wp","href":"https:\/\/api.w.org\/{rel}","templated":true}]}}