{"id":1507,"date":"2020-06-16T13:27:04","date_gmt":"2020-06-16T11:27:04","guid":{"rendered":"http:\/\/agora.xtec.cat\/ceipbalmes\/?p=1507"},"modified":"2020-06-16T13:29:44","modified_gmt":"2020-06-16T11:29:44","slug":"casal-destiu-2020","status":"publish","type":"post","link":"https:\/\/agora.xtec.cat\/ceipbalmes\/general\/casal-destiu-2020\/","title":{"rendered":"CASAL D&#8217;ESTIU 2020"},"content":{"rendered":"<p>&nbsp;<\/p>\n<p><span style=\"font-size: 14pt;\">A continuaci\u00f3 adjuntem tota la informaci\u00f3 relativa al Casal d&#8217;Estiu d&#8217;enguany:<\/span><\/p>\n<p><a href=\"https:\/\/drive.google.com\/file\/d\/14ukonh7IcPP3pyDBtfbb-7zl4k5oD0Jr\/view?usp=sharing\"><span style=\"font-size: 14pt;\"><strong>Carta de l&#8217;Alcaldessa<\/strong> de Castellbell i el Vilar<\/span><\/a><\/p>\n<p><span style=\"font-size: 14pt;\"><a href=\"https:\/\/drive.google.com\/file\/d\/1NPpeIFLBwQ09wzAZun7aZENAuQlW7rHZ\/view?usp=sharing\"><strong>Llibret informatiu per a les fam\u00edlies<\/strong><\/a> (preus, organitzaci\u00f3, &#8230;)<\/span><\/p>\n<p><a href=\"https:\/\/agora.xtec.cat\/ceipbalmes\/wp-content\/uploads\/usu527\/2020\/06\/CARTELL-CASAL-DESTIU.png\"><br \/>\n<img loading=\"lazy\" decoding=\"async\" class=\"aligncenter size-full wp-image-1508\" src=\"https:\/\/agora.xtec.cat\/ceipbalmes\/wp-content\/uploads\/usu527\/2020\/06\/CARTELL-CASAL-DESTIU.png\" alt=\"\" width=\"428\" height=\"600\" srcset=\"https:\/\/agora.xtec.cat\/ceipbalmes\/wp-content\/uploads\/usu527\/2020\/06\/CARTELL-CASAL-DESTIU.png 428w, https:\/\/agora.xtec.cat\/ceipbalmes\/wp-content\/uploads\/usu527\/2020\/06\/CARTELL-CASAL-DESTIU-214x300.png 214w\" sizes=\"auto, (max-width: 428px) 100vw, 428px\" \/><\/a><\/p>\n<p><span style=\"font-size: 18pt;\"><b>INFORMACIONS A TENIR EN COMPTE:<\/b><\/span><\/p>\n<p style=\"text-align: justify;\"><span style=\"font-size: 14pt;\">La <b>INSCRIPCI\u00d3 <\/b><span style=\"font-weight: 400;\">es far\u00e0 <\/span><b>ON LINE <\/b><span style=\"font-weight: 400;\"><strong>del 16 al 22 de juny<\/strong>.\u00a0<\/span><\/span><\/p>\n<p style=\"text-align: justify;\"><span style=\"font-size: 14pt;\"><span style=\"font-weight: 400;\">Hi ha un <\/span><b>AJUT <\/b><span style=\"font-weight: 400;\"><strong>per a totes les fam\u00edlies<\/strong> de Castellbell i el Vilar, que es veu <\/span><b>reflectit directament en el preu.\u00a0<\/b><\/span><\/p>\n<p style=\"text-align: justify;\"><span style=\"font-weight: 400; font-size: 14pt;\">Al marge d\u2019aquest ajut, es preveu que des de la Generalitat es puguin sol\u00b7licitar altres tipus d\u2019ajuts, pendents de sortir, i dels quals us mantindrem informades. Des dels serveis socials municipals s\u2019ha previst altres ajudes per a les fam\u00edlies amb situaci\u00f3 de vulnerabilitat.<\/span><\/p>\n<p style=\"text-align: justify;\"><span style=\"font-size: 14pt;\"><b>Reuni\u00f3 informativa VIRTUAL el dia 17 de juny a les 20:30h. <\/b><span style=\"font-weight: 400;\">\u00c9s molt important l&#8217;assist\u00e8ncia a la reuni\u00f3, ja que s\u2019exposaran les mesures de seguretat (entrades graonades, grups de conviv\u00e8ncia&#8230;). Per aquelles fam\u00edlies que tingueu dificultat d\u2019accedir aquest dia a la videoconfer\u00e8ncia, podreu veure el resum de la reuni\u00f3 en l\u2019enlla\u00e7 del v\u00eddeo que es publicar\u00e0 a la web del Casal d\u2019estiu.\u00a0<\/span><\/span><\/p>\n<p style=\"text-align: justify;\"><span style=\"font-weight: 400; font-size: 14pt;\"><strong>DUBTES:<\/strong><\/span><\/p>\n<p style=\"text-align: justify;\"><span style=\"font-weight: 400; font-size: 14pt;\">podeu contactar a trav\u00e9s del <strong>correu<\/strong> <a href=\"mailto:educaciocastellbellielvilar@gmail.com\" target=\"_blank\" rel=\"noopener noreferrer\">educaciocastellbellielvilar@<wbr \/>gmail.com<\/a> <\/span><\/p>\n<p style=\"text-align: justify;\"><span style=\"font-size: 14pt;\"><span style=\"font-weight: 400;\">o del<strong> tel\u00e8fon<\/strong> de contacte de l&#8217;Ajuntament: <\/span><span style=\"font-weight: 400;\">663 333 154 (de 9h. a 14h. \u2013 fins el 19 de juny de 2020).<\/span><\/span><\/p>\n<p>&nbsp;<\/p>\n","protected":false},"excerpt":{"rendered":"<p>&nbsp;<br \/>\nA continuaci\u00f3 adjuntem tota la informaci\u00f3 relativa al Casal d&#8217;Estiu d&#8217;enguany:<br \/>\n<a href=\"https:\/\/drive.google.com\/file\/d\/14ukonh7IcPP3pyDBtfbb-7zl4k5oD0Jr\/view?usp=sharing\">Carta de l&#8217;Alcaldessa de Castellbell i el Vilar<\/a><br \/>\n<a href=\"https:\/\/drive.google.com\/file\/d\/1NPpeIFLBwQ09wzAZun7aZENAuQlW7rHZ\/view?usp=sharing\">Llibret informatiu per a les fam\u00edlies<\/a> (preus, organitzaci\u00f3, &#8230;)<br \/>\n<a href=\"https:\/\/agora.xtec.cat\/ceipbalmes\/wp-content\/uploads\/usu527\/2020\/06\/CARTELL-CASAL-DESTIU.png\"><br \/>\n<\/a><br \/>\nINFORMACIONS A TENIR EN COMPTE:<br \/>\nLa INSCRIPCI\u00d3 es far\u00e0 ON LINE del 16 al 22 de juny.\u00a0<br \/>\nHi ha&hellip;  <a href=\"https:\/\/agora.xtec.cat\/ceipbalmes\/general\/casal-destiu-2020\/\" title=\"Read CASAL D&#8217;ESTIU 2020\">Llegeix m\u00e9s\u00bb<\/a><\/p>\n","protected":false},"author":1,"featured_media":1508,"comment_status":"open","ping_status":"closed","sticky":false,"template":"","format":"standard","meta":{"_bbp_topic_count":0,"_bbp_reply_count":0,"_bbp_total_topic_count":0,"_bbp_total_reply_count":0,"_bbp_voice_count":0,"_bbp_anonymous_reply_count":0,"_bbp_topic_count_hidden":0,"_bbp_reply_count_hidden":0,"_bbp_forum_subforum_count":0,"footnotes":""},"categories":[1],"tags":[],"class_list":["post-1507","post","type-post","status-publish","format-standard","has-post-thumbnail","hentry","category-general"],"post_mailing_queue_ids":[],"_links":{"self":[{"href":"https:\/\/agora.xtec.cat\/ceipbalmes\/wp-json\/wp\/v2\/posts\/1507","targetHints":{"allow":["GET"]}}],"collection":[{"href":"https:\/\/agora.xtec.cat\/ceipbalmes\/wp-json\/wp\/v2\/posts"}],"about":[{"href":"https:\/\/agora.xtec.cat\/ceipbalmes\/wp-json\/wp\/v2\/types\/post"}],"author":[{"embeddable":true,"href":"https:\/\/agora.xtec.cat\/ceipbalmes\/wp-json\/wp\/v2\/users\/1"}],"replies":[{"embeddable":true,"href":"https:\/\/agora.xtec.cat\/ceipbalmes\/wp-json\/wp\/v2\/comments?post=1507"}],"version-history":[{"count":2,"href":"https:\/\/agora.xtec.cat\/ceipbalmes\/wp-json\/wp\/v2\/posts\/1507\/revisions"}],"predecessor-version":[{"id":1511,"href":"https:\/\/agora.xtec.cat\/ceipbalmes\/wp-json\/wp\/v2\/posts\/1507\/revisions\/1511"}],"wp:featuredmedia":[{"embeddable":true,"href":"https:\/\/agora.xtec.cat\/ceipbalmes\/wp-json\/wp\/v2\/media\/1508"}],"wp:attachment":[{"href":"https:\/\/agora.xtec.cat\/ceipbalmes\/wp-json\/wp\/v2\/media?parent=1507"}],"wp:term":[{"taxonomy":"category","embeddable":true,"href":"https:\/\/agora.xtec.cat\/ceipbalmes\/wp-json\/wp\/v2\/categories?post=1507"},{"taxonomy":"post_tag","embeddable":true,"href":"https:\/\/agora.xtec.cat\/ceipbalmes\/wp-json\/wp\/v2\/tags?post=1507"}],"curies":[{"name":"wp","href":"https:\/\/api.w.org\/{rel}","templated":true}]}}