{"id":1285,"date":"2020-04-23T06:56:49","date_gmt":"2020-04-23T04:56:49","guid":{"rendered":"http:\/\/agora.xtec.cat\/ceipbalmes\/?p=1285"},"modified":"2020-04-23T07:26:55","modified_gmt":"2020-04-23T05:26:55","slug":"dijous-23-dabril-sant-jordi","status":"publish","type":"post","link":"https:\/\/agora.xtec.cat\/ceipbalmes\/general\/dijous-23-dabril-sant-jordi\/","title":{"rendered":"DIJOUS 23 D&#8217;ABRIL &#8211; SANT JORDI!!"},"content":{"rendered":"<p>&nbsp;<\/p>\n<p style=\"text-align: center;\"><a href=\"https:\/\/agora.xtec.cat\/ceipbalmes\/wp-content\/uploads\/usu527\/2020\/04\/SANT-JORDI-2020.jpg\"><strong>FeLi\u00c7 DiaDa de SaNT JoRDi!!!<\/strong><\/a><\/p>\n<p style=\"text-align: center;\"><a href=\"https:\/\/agora.xtec.cat\/ceipbalmes\/wp-content\/uploads\/usu527\/2020\/04\/SANT-JORDI-2020.jpg\"><img loading=\"lazy\" decoding=\"async\" class=\"aligncenter size-large wp-image-1371\" src=\"https:\/\/agora.xtec.cat\/ceipbalmes\/wp-content\/uploads\/usu527\/2020\/04\/SANT-JORDI-2020-1024x872.jpg\" alt=\"\" width=\"1024\" height=\"872\" srcset=\"https:\/\/agora.xtec.cat\/ceipbalmes\/wp-content\/uploads\/usu527\/2020\/04\/SANT-JORDI-2020-1024x872.jpg 1024w, https:\/\/agora.xtec.cat\/ceipbalmes\/wp-content\/uploads\/usu527\/2020\/04\/SANT-JORDI-2020-300x256.jpg 300w, https:\/\/agora.xtec.cat\/ceipbalmes\/wp-content\/uploads\/usu527\/2020\/04\/SANT-JORDI-2020-768x654.jpg 768w, https:\/\/agora.xtec.cat\/ceipbalmes\/wp-content\/uploads\/usu527\/2020\/04\/SANT-JORDI-2020.jpg 1600w\" sizes=\"auto, (max-width: 1024px) 100vw, 1024px\" \/>(il\u00b7lustraci\u00f3 d&#8217;en Mart\u00ed Trull\u00e0s, 6\u00e8 B)<\/a><\/p>\n<p style=\"text-align: left;\">Aquesta \u00e9s una jornada diferent a la d&#8217;altres anys, no podem sortir al carrer a remenar i triar a les parades de llibres&#8230; per aix\u00f2 <strong>us fem arribar els LLIBRES a casa<\/strong> en format digital! Gr\u00e0cies a la iniciativa d&#8217;editorials com Barcanova o Anaya, que han penjat en obert molts contes i llibres a la plataforma <a href=\"https:\/\/issuu.com\/home\">Issuu<\/a>, podeu escollir lectures entre molts t\u00edtols diferents. Us compartim uns quants, per\u00f2 n&#8217;hi ha molts m\u00e9s!<\/p>\n<p style=\"text-align: center;\">SeGuiM Ga\u00dcdiNt SeMpRe de La LeCT\u00dcRa\u00aaa!!<\/p>\n<p>&nbsp;<\/p>\n<p style=\"text-align: center;\"><strong>NIVELL PRIMERS\/eS LECTORS\/eS<\/strong><\/p>\n<p style=\"text-align: left;\"><em><strong>EN PATUFET\u00a0 <\/strong><\/em><span style=\"font-family: inherit; font-size: 1em;\">Un conte de Salvador Comelles, il\u00b7lustrat per Elisa Bernat. De la col\u00b7lecci\u00f3 El Petit Univers.<\/span><\/p>\n<p>https:\/\/issuu.com\/editorial_barcanova\/docs\/patufet<\/p>\n<p>&nbsp;<\/p>\n<p style=\"text-align: left;\"><strong style=\"font-family: inherit; font-size: 1em;\"><em>EL FOLLET ORIOL I EL CASTELL DELS CONJURS <\/em><\/strong><span style=\"font-family: inherit; font-size: 1em;\">Una nova aventura del follet Oriol, un personatge creat por \u00d2scar Sard\u00e0. Els llibres d\u2019aquesta col\u00b7lecci\u00f3 es caracteritzen per tenir dues tipologies textuals que permeten, d\u2019una banda, que l\u2019adult faci una lectura del text m\u00e9s llarg a l\u2019infant i, de l\u2019altra, que l\u2019infant s\u2019atreveixi a fer la lectura d\u2019una frase, escrita amb lletra de pal, que resumeixi el contingut de cada il\u00b7lustraci\u00f3.\u00a0<\/span><\/p>\n<p>https:\/\/issuu.com\/editorial_barcanova\/docs\/folletoriolcastellconjurs<\/p>\n<p>&nbsp;<\/p>\n<p><strong><em>LA A AVENTURERA<\/em> <\/strong>\u00a1Todas las aventuras extraordinarias de esta valiente letra!<\/p>\n<div data-url=\"https:\/\/issuu.com\/grupoanayasa\/docs\/bs00699901_la_a_aventurera\" style=\"width: 500px; height: 249px;\" class=\"issuuembed\"><\/div>\n<p><script type=\"text\/javascript\" src=\"\/\/e.issuu.com\/embed.js\" async=\"true\"><\/script><\/p>\n<div class=\"DocumentInfo__description--19zE9\">\n<p>&nbsp;<\/p>\n<p><em><strong>MIS PRIMEROS CUENTOS CORTOS<\/strong><\/em> Catorce historias de la peque\u00f1a Nen\u00e9.<\/p>\n<div data-url=\"https:\/\/issuu.com\/grupoanayasa\/docs\/bc00332101_primeroscuentos_cast\" style=\"width: 500px; height: 191px;\" class=\"issuuembed\"><\/div>\n<p><script type=\"text\/javascript\" src=\"\/\/e.issuu.com\/embed.js\" async=\"true\"><\/script><\/p>\n<p>&nbsp;<\/p>\n<p><em><strong>LOS POLLITOS EN EL COLEGIO<\/strong><\/em> Acompa\u00f1a a estos seis traviesos pollitos en sus simp\u00e1ticas aventuras.<\/p>\n<p>https:\/\/issuu.com\/anayainfantil\/docs\/los_pollitos_escuela_issuu<\/p>\n<p>&nbsp;<\/p>\n<p><em><strong>COM ENSENYAR A RENTAR-SE LES DENTS AL TEU COCODRIL<\/strong><\/em> En Dril i la Jana tenen una dif\u00edcil tasca a complir: rentar-se les dents!<\/p>\n<div data-url=\"https:\/\/issuu.com\/grupoanayasa\/docs\/bc004482_como_cocodrilo_interior_cat\" style=\"width: 500px; height: 252px;\" class=\"issuuembed\"><\/div>\n<p><script type=\"text\/javascript\" src=\"\/\/e.issuu.com\/embed.js\" async=\"true\"><\/script><\/p>\n<p>&nbsp;<\/p>\n<p style=\"text-align: center;\"><strong>NIVELL APRENENT<\/strong><\/p>\n<p><em><strong>CAPERUCITA DE COLORES<\/strong><\/em> \u00a1Descubre las aventuras de esta nueva caperucita!<\/p>\n<div data-url=\"https:\/\/issuu.com\/grupoanayasa\/docs\/bc00460101_08_caperucita_colores\" style=\"width: 500px; height: 253px;\" class=\"issuuembed\"><\/div>\n<p><script type=\"text\/javascript\" src=\"\/\/e.issuu.com\/embed.js\" async=\"true\"><\/script><\/p>\n<p>&nbsp;<\/p>\n<p><strong><em>LA TORTUGA PORUGA I LA SEVA AMIGA ERUGA<\/em><\/strong> La tortuga d&#8217;aquesta hist\u00f2ria \u00e9s terriblement poruga; tant, que ja de molt petita decideix amagar el cap a sota de la closca i no tornar-lo a treure mai m\u00e9s. Per aix\u00f2 mai no ha pogut veure les margarides silvestres, ni els peixos del rierol, ni el cel rogent de la posta, ni cap dels animalons que viuen al bosc. Per sort, per\u00f2, un bon dia la tortuga poruga es fa amiga d&#8217;una petita eruga verda que l&#8217;ajuda a viure pel bosc i li explica com \u00e9s de bonic el m\u00f3n que l&#8217;envolta. Per\u00f2, ser\u00e0 capa\u00e7 de conv\u00e8ncer-la perqu\u00e8 tregui el cap de sota la closca? Una novel\u00b7la de de Carles Sala i Vila, amb il\u00b7lustracions de Marta Monta\u00f1\u00e1 Col\u00b7lecci\u00f3 Pluja de Llibres Editorial Barcanova A partir de 6 anys.<\/p>\n<\/div>\n<p>https:\/\/issuu.com\/editorial_barcanova\/docs\/bg00256601tortuga_poruga<\/p>\n<div class=\"DocumentInfo__description--19zE9\">\n<div class=\"DocumentInfo__infoContainer--HECsz\">\n<div class=\"DocumentInfo__description--19zE9\" lang=\"es\">\n<p>&nbsp;<\/p>\n<p class=\"ixu-paragraph ixu-paragraph--small\"><em><strong>LA VERITABLE HIST\u00d2RIA DEL LLOP<\/strong><\/em> El llop est\u00e0 fart de ser sempre el dolent: es menja els nens, espanta les \u00e0vies, destrossa les cases i mil coses m\u00e9s. Per\u00f2 aix\u00f2 s&#8217;ha acabat! Ha decidit netejar el seu nom i donar a con\u00e8ixer la seva veritable hist\u00f2ria, per\u00f2 no ser\u00e0 f\u00e0cil. L&#8217;autora d&#8217;aquest llibre va viure moltes aventures fins a descobrir aquest secret i, miraculosament, ha aconseguit deixar testimoni de com \u00e9s realment el llop. Si tu tamb\u00e9 ho vols descobrir, haur\u00e0s de comen\u00e7ar a llegir aquesta hist\u00f2ria, per\u00f2 vigila&#8230; Les coses mai no tornaran a ser com abans! Una novel\u00b7la de Nathalie Pons, amb il\u00b7lustracions de Carlos Lluch Col\u00b7lecci\u00f3 Sopa de Llibres.<\/p>\n<p>https:\/\/issuu.com\/editorial_barcanova\/docs\/bg00233101veritable_llop<\/p>\n<p>&nbsp;<\/p>\n<\/div>\n<\/div>\n<p><strong><em>EL FOC DE LA NIT<\/em><\/strong> La pau del bosc de Tasserra es veur\u00e0 alterada per l&#8217;atac d&#8217;un estol d&#8217;ocellots esverats i cridaners. En Tim no s&#8217;hauria imaginat mai que aquella cuca petita i lletja que acabava de con\u00e8ixer tenia la soluci\u00f3 per enfrontar-se a aquells ocells tan estranys i que acabaria convertint-se en una bona amiga. Una novel\u00b7la de Toni Villalobos, amb il\u00b7lustracions de Marta Balaguer Col\u00b7lecci\u00f3: Pluja de llibres +6<\/p>\n<\/div>\n<p>https:\/\/issuu.com\/editorial_barcanova\/docs\/bg00285401foc_nit<\/p>\n<div class=\"DocumentInfo__description--19zE9\">\n<p>&nbsp;<\/p>\n<p style=\"text-align: center;\"><strong>NIVELL EXPERT\/A<\/strong><\/p>\n<p><em><strong>TXELL ESPIELL I EL SEGRESTADOR DE GOSSOS<\/strong><\/em> Primer llibre d&#8217;una col\u00b7lecci\u00f3 divertida i esbojarrada, plena de misteris i aventures. Aconseguir\u00e0 la Txell Espiell resoldre el misteri?<\/p>\n<div data-url=\"https:\/\/issuu.com\/grupoanayasa\/docs\/bc00336601_lola_pimienta_catalan\" style=\"width: 500px; height: 355px;\" class=\"issuuembed\"><\/div>\n<p><script type=\"text\/javascript\" src=\"\/\/e.issuu.com\/embed.js\" async=\"true\"><\/script><\/p>\n<p>&nbsp;<\/p>\n<p class=\"ixu-paragraph ixu-paragraph--small\"><em><strong>T&#8217;AGRADA BALLAR? <\/strong><\/em>Un grup de noies s&#8217;ajunten per participar en competicions de ball urb\u00e0. El seu somni \u00e9s inscriure&#8217;s en l&#8217;European Best Dance Crew, la competici\u00f3 m\u00e9s important d&#8217;Europa, per\u00f2, per poder-s&#8217;hi presentar, necessiten una cinquena integrant. Sembla que alg\u00fa s&#8217;ha proposat que no ho aconsegueixin! Qui \u00e9s la persona que saboteja els cartells que han fet per al c\u00e0sting? Aconseguiran formar el grup a temps per participar en la competici\u00f3?<\/p>\n<\/div>\n<p>https:\/\/issuu.com\/editorial_barcanova\/docs\/t_agrada_ballar<\/p>\n<p>&nbsp;<\/p>\n<p><em><strong>CUENTOS CORTOS DE ANIMALES EN PELIGRO<\/strong><\/em> A trav\u00e9s de diferentes relatos descubrir\u00e1s los animales de nuestro planeta cuya existencia est\u00e1 en peligro.<\/p>\n<div class=\"DocumentInfo__description--19zE9\">\n<div data-url=\"https:\/\/issuu.com\/grupoanayasa\/docs\/bc00436801_animalesenpeligro\" style=\"width: 500px; height: 250px;\" class=\"issuuembed\"><\/div>\n<p><script type=\"text\/javascript\" src=\"\/\/e.issuu.com\/embed.js\" async=\"true\"><\/script><\/p>\n<p>&nbsp;<\/p>\n<p><em><strong>EL MISTERIO DE LA CASA DEL TERROR<\/strong> <\/em>Nada puede salir mal en la feria, el lugar m\u00e1s divertido de la ciudad. \u00bfNada? Los monstruos de la casa del terror te retan a descubrirlos en un misterio que pone los pelos de punta. Demuestra tus dotes detectivescas en los nuevos casos pr\u00e1cticos de la Lechuza Detective. Esta vez, el investigador \u00a1eres t\u00fa! Descifra mensajes en clave, busca pistas escondidas entre las p\u00e1ginas, escucha los consejos de los expertos y pon a prueba los inventos de Rat\u00f3n.<\/p>\n<p>https:\/\/issuu.com\/anayainfantil\/docs\/lechuza_detective_el_misterio_de_la_casa_del_terro<\/p>\n<p>&nbsp;<\/p>\n<p><strong><em>El Club dels Can\u00edbals es cruspeix Dr\u00e0cula<\/em><\/strong> Com poden fer-se amics un mico superintel\u00b7ligent i un noi que no s&#8217;ha llegit el llibre que li han encarregat de llegir a classe? En quin moment la noia m\u00e9s llesta de l&#8217;escola, el noi m\u00e9s animalot de classe, una aficionada a la tecnologia i un xicot una mica despistat decideixen unir-se i fundar un club conegut amb el nom de Can\u00edbals? I qu\u00e8 te a veure tot aix\u00f2 amb Dr\u00e0cula? Doncs a aquesta inc\u00f2gnita i a d&#8217;altres dona resposta aquest divertid\u00edssim llibre.<\/p>\n<p>https:\/\/issuu.com\/editorial_barcanova\/docs\/club_canibals_dracual<\/p>\n<p>&nbsp;<\/p>\n<p class=\"ixu-paragraph ixu-paragraph--small\"><strong><em>LA BALADA DELS UNICORNS<\/em><\/strong> L&#8217;Escola d&#8217;Artefactes i Oficis acull, en el Londres victori\u00e0, els joves m\u00e9s brillants. S\u00f3n capa\u00e7os de crear cases motoritzades, barrets voladors i un munt de ginys. L&#8217;\u00c0gata McLeod \u00e9s una jove inventora i una de les millors alumnes, per\u00f2 hi ha moltes coses que desconeix de la instituci\u00f3 i del seu passat. Ens trobem en una \u00e8poca alternativa en qu\u00e8 la m\u00e0gia i l&#8217;steampunk viuen en una perfecta harmonia, criatures mixtes conviuen amb criatures amb parts del cos mec\u00e0niques, amb persones amb tatuatges m\u00e0gics&#8230; I hi ha un assass\u00ed que roba l&#8217;\u00e0nima de les seves v\u00edctimes amb un artefacte.<\/p>\n<\/div>\n<p>https:\/\/issuu.com\/editorial_barcanova\/docs\/balada_unicorns<\/p>\n<p>&nbsp;<\/p>\n<p style=\"text-align: center;\">Seguim connectades!!<\/p>\n<p style=\"text-align: center;\">#joemquedoacasa #totanirabe<\/p>\n","protected":false},"excerpt":{"rendered":"<p>&nbsp;<br \/>\n<a href=\"https:\/\/agora.xtec.cat\/ceipbalmes\/wp-content\/uploads\/usu527\/2020\/04\/SANT-JORDI-2020.jpg\">FeLi\u00c7 DiaDa de SaNT JoRDi!!!<\/a><br \/>\n<a href=\"https:\/\/agora.xtec.cat\/ceipbalmes\/wp-content\/uploads\/usu527\/2020\/04\/SANT-JORDI-2020.jpg\">(il\u00b7lustraci\u00f3 d&#8217;en Mart\u00ed Trull\u00e0s, 6\u00e8 B)<\/a><br \/>\nAquesta \u00e9s una jornada diferent a la d&#8217;altres anys, no podem sortir al carrer a remenar i triar a les parades de llibres&#8230; per aix\u00f2 us fem arribar els LLIBRES a casa en format&hellip;  <a href=\"https:\/\/agora.xtec.cat\/ceipbalmes\/general\/dijous-23-dabril-sant-jordi\/\" title=\"Read DIJOUS 23 D&#8217;ABRIL &#8211; SANT JORDI!!\">Llegeix m\u00e9s\u00bb<\/a><\/p>\n","protected":false},"author":1,"featured_media":1371,"comment_status":"open","ping_status":"closed","sticky":false,"template":"","format":"standard","meta":{"_bbp_topic_count":0,"_bbp_reply_count":0,"_bbp_total_topic_count":0,"_bbp_total_reply_count":0,"_bbp_voice_count":0,"_bbp_anonymous_reply_count":0,"_bbp_topic_count_hidden":0,"_bbp_reply_count_hidden":0,"_bbp_forum_subforum_count":0,"footnotes":""},"categories":[1],"tags":[],"class_list":["post-1285","post","type-post","status-publish","format-standard","has-post-thumbnail","hentry","category-general"],"post_mailing_queue_ids":[],"_links":{"self":[{"href":"https:\/\/agora.xtec.cat\/ceipbalmes\/wp-json\/wp\/v2\/posts\/1285","targetHints":{"allow":["GET"]}}],"collection":[{"href":"https:\/\/agora.xtec.cat\/ceipbalmes\/wp-json\/wp\/v2\/posts"}],"about":[{"href":"https:\/\/agora.xtec.cat\/ceipbalmes\/wp-json\/wp\/v2\/types\/post"}],"author":[{"embeddable":true,"href":"https:\/\/agora.xtec.cat\/ceipbalmes\/wp-json\/wp\/v2\/users\/1"}],"replies":[{"embeddable":true,"href":"https:\/\/agora.xtec.cat\/ceipbalmes\/wp-json\/wp\/v2\/comments?post=1285"}],"version-history":[{"count":3,"href":"https:\/\/agora.xtec.cat\/ceipbalmes\/wp-json\/wp\/v2\/posts\/1285\/revisions"}],"predecessor-version":[{"id":1373,"href":"https:\/\/agora.xtec.cat\/ceipbalmes\/wp-json\/wp\/v2\/posts\/1285\/revisions\/1373"}],"wp:featuredmedia":[{"embeddable":true,"href":"https:\/\/agora.xtec.cat\/ceipbalmes\/wp-json\/wp\/v2\/media\/1371"}],"wp:attachment":[{"href":"https:\/\/agora.xtec.cat\/ceipbalmes\/wp-json\/wp\/v2\/media?parent=1285"}],"wp:term":[{"taxonomy":"category","embeddable":true,"href":"https:\/\/agora.xtec.cat\/ceipbalmes\/wp-json\/wp\/v2\/categories?post=1285"},{"taxonomy":"post_tag","embeddable":true,"href":"https:\/\/agora.xtec.cat\/ceipbalmes\/wp-json\/wp\/v2\/tags?post=1285"}],"curies":[{"name":"wp","href":"https:\/\/api.w.org\/{rel}","templated":true}]}}