{"id":1281,"date":"2020-04-21T07:09:47","date_gmt":"2020-04-21T05:09:47","guid":{"rendered":"http:\/\/agora.xtec.cat\/ceipbalmes\/?p=1281"},"modified":"2020-04-21T07:09:47","modified_gmt":"2020-04-21T05:09:47","slug":"dimarts-21-dabril","status":"publish","type":"post","link":"https:\/\/agora.xtec.cat\/ceipbalmes\/general\/dimarts-21-dabril\/","title":{"rendered":"DIMARTS 21 D&#8217;ABRIL"},"content":{"rendered":"<p style=\"text-align: center;\">DIMARTS l&#8217;encetem amb una proposta m\u00f2bil molt divertida,<\/p>\n<p style=\"text-align: center;\">la nostra versi\u00f3 del DRAC de la Llegenda de Sant Jordi, per\u00f2 en format titella!<\/p>\n<p style=\"text-align: center;\"><iframe loading=\"lazy\" src=\"https:\/\/www.youtube.com\/embed\/hW_kyVXKqMM\" width=\"560\" height=\"315\" frameborder=\"0\"><\/iframe><\/p>\n<p>Recordeu <strong>clicar sobre el t\u00edtol de v\u00eddeo<\/strong> per a poder obrir-lo al canal de Youtube. Trobareu tota la informaci\u00f3, enlla\u00e7os d&#8217;inter\u00e8s i el correu electr\u00f2nic de la mestra, dins la capseta de la descripci\u00f3.<\/p>\n<p>&nbsp;<\/p>\n<p style=\"text-align: center;\">El <strong>BONUS EXTRA <\/strong>d&#8217;avui s\u00f3n <a href=\"https:\/\/drive.google.com\/open?id=1Z_601JJpw9Ixq0Dr5W6ZLfNsngCW-d2V\">divuit n\u00fameros de NAMAKA<\/a>, la revista infantil m\u00e9s divertida i salvatge!<\/p>\n<p style=\"text-align: center;\">En versi\u00f3 digital <em>pdf<\/em>, per llegir i rellegir, per imprimir o compartir&#8230; per\u00f2 sobretot per gaudir!<\/p>\n<p><a href=\"https:\/\/drive.google.com\/open?id=1Z_601JJpw9Ixq0Dr5W6ZLfNsngCW-d2V\"><img decoding=\"async\" class=\"aligncenter\" src=\"https:\/\/revistanamaka.com\/wp-content\/uploads\/2019\/04\/namaka_subscripcio_digital_paper-min.png\" \/><\/a><\/p>\n<p style=\"text-align: center;\">Seguim connectades!!<\/p>\n<p style=\"text-align: center;\">#joemquedoacasa #totanirabe<\/p>\n","protected":false},"excerpt":{"rendered":"<p>DIMARTS l&#8217;encetem amb una proposta m\u00f2bil molt divertida,<br \/>\nla nostra versi\u00f3 del DRAC de la Llegenda de Sant Jordi, per\u00f2 en format titella!<\/p>\n<p>Recordeu clicar sobre el t\u00edtol de v\u00eddeo per a poder obrir-lo al canal de Youtube. Trobareu tota la informaci\u00f3, enlla\u00e7os d&#8217;inter\u00e8s i el correu&hellip;  <a href=\"https:\/\/agora.xtec.cat\/ceipbalmes\/general\/dimarts-21-dabril\/\" title=\"Read DIMARTS 21 D&#8217;ABRIL\">Llegeix m\u00e9s\u00bb<\/a><\/p>\n","protected":false},"author":1,"featured_media":0,"comment_status":"open","ping_status":"closed","sticky":false,"template":"","format":"standard","meta":{"_bbp_topic_count":0,"_bbp_reply_count":0,"_bbp_total_topic_count":0,"_bbp_total_reply_count":0,"_bbp_voice_count":0,"_bbp_anonymous_reply_count":0,"_bbp_topic_count_hidden":0,"_bbp_reply_count_hidden":0,"_bbp_forum_subforum_count":0,"footnotes":""},"categories":[1],"tags":[],"class_list":["post-1281","post","type-post","status-publish","format-standard","hentry","category-general"],"post_mailing_queue_ids":[],"_links":{"self":[{"href":"https:\/\/agora.xtec.cat\/ceipbalmes\/wp-json\/wp\/v2\/posts\/1281","targetHints":{"allow":["GET"]}}],"collection":[{"href":"https:\/\/agora.xtec.cat\/ceipbalmes\/wp-json\/wp\/v2\/posts"}],"about":[{"href":"https:\/\/agora.xtec.cat\/ceipbalmes\/wp-json\/wp\/v2\/types\/post"}],"author":[{"embeddable":true,"href":"https:\/\/agora.xtec.cat\/ceipbalmes\/wp-json\/wp\/v2\/users\/1"}],"replies":[{"embeddable":true,"href":"https:\/\/agora.xtec.cat\/ceipbalmes\/wp-json\/wp\/v2\/comments?post=1281"}],"version-history":[{"count":3,"href":"https:\/\/agora.xtec.cat\/ceipbalmes\/wp-json\/wp\/v2\/posts\/1281\/revisions"}],"predecessor-version":[{"id":1314,"href":"https:\/\/agora.xtec.cat\/ceipbalmes\/wp-json\/wp\/v2\/posts\/1281\/revisions\/1314"}],"wp:attachment":[{"href":"https:\/\/agora.xtec.cat\/ceipbalmes\/wp-json\/wp\/v2\/media?parent=1281"}],"wp:term":[{"taxonomy":"category","embeddable":true,"href":"https:\/\/agora.xtec.cat\/ceipbalmes\/wp-json\/wp\/v2\/categories?post=1281"},{"taxonomy":"post_tag","embeddable":true,"href":"https:\/\/agora.xtec.cat\/ceipbalmes\/wp-json\/wp\/v2\/tags?post=1281"}],"curies":[{"name":"wp","href":"https:\/\/api.w.org\/{rel}","templated":true}]}}