{"id":1147,"date":"2020-03-16T15:07:52","date_gmt":"2020-03-16T14:07:52","guid":{"rendered":"http:\/\/agora.xtec.cat\/ceipbalmes\/?p=1147"},"modified":"2020-04-19T15:37:43","modified_gmt":"2020-04-19T13:37:43","slug":"recull-de-recursos-educatius","status":"publish","type":"post","link":"https:\/\/agora.xtec.cat\/ceipbalmes\/general\/recull-de-recursos-educatius\/","title":{"rendered":"RECULL DE RECURSOS EDUCATIUS"},"content":{"rendered":"<p>A continuaci\u00f3 trobareu un seguit de recursos educatius per aquests dies de confinament. Algunes propostes s\u00f3n <em>on line<\/em>, d&#8217;altres per gaudir-les en fam\u00edlia. Esperem que en pugueu treure profit!<\/p>\n<p>Aquests dies s\u00f3n una bona oportunitat per a que els nens i nenes puguin col\u00b7laborar en les<strong> tasques de casa:<\/strong> parar i desparar la taula, plegar la roba, fer els llits, posar o desparar el rentaplats \u2026 Cal <strong>reorganitzar les rutines<\/strong>, podem fins i tot planejar un horari setmanal de tasques, activitats i projectes que podeu o voleu fer. Pautar una estoneta per a cada cosa: tasques a fer en llevar-nos, activitats d&#8217;aprenentatge, estones l\u00fadiques, estones per a connectar-se a aplicacions o programes, estones per fer activitats en fam\u00edlia, rutines pels \u00e0pats, h\u00e0bits d&#8217;ordre o higiene personal, &#8230; Els nens i nenes necessiten rutines que els ajudin a establir un marc de refer\u00e8ncia i els donin seguretat, per tant podem construir uns nous h\u00e0bits familiars per aquests dies i prescriure un horari aproximat, aix\u00f2 ajudar\u00e0 a que els nostres infants estiguin m\u00e9s tranquils i se sentin acompanyats.<\/p>\n<p>Entre tota la fam\u00edlia podeu elaborar el<strong> men\u00fa setmanal <\/strong>dels \u00e0pats principals, vigilant que sigui saludable i equilibrat! Triar <strong>receptes<\/strong> que ells i elles mateixes puguin elaborar o amb l&#8217;ajuda d&#8217;algun adult si s&#8217;escau. Tamb\u00e9 podeu provar de fer rebosteria i elaborar galetes, pa de pessic o postres. La <strong>cuina<\/strong> \u00e9s un espai m\u00e0gic per aprendre, donat que podem treballar la comprensi\u00f3 lectora i oral, el llenguatge matem\u00e0tic amb el c\u00e0lcul de quantitats o les unitats de mesura, coneixement del medi experimentant amb les qualitats de la mat\u00e8ria,&#8230; A m\u00e9s de les compet\u00e8ncies transversals d&#8217;aprendre a aprendre,\u00a0 l&#8217;autonomia i iniciativa personal, etc.<\/p>\n<p>\u00c9s un bon moment per a recuperar<strong> jocs de taula<\/strong> de la prestatgeria! Tamb\u00e9 podeu aprendre <strong>nous jocs de cartes<\/strong>, un recurs bon\u00edssim per treballar aspectes matem\u00e0tics com el recompte, l&#8217;associaci\u00f3, l&#8217;an\u00e0lisi i interpretaci\u00f3,&#8230; Fins i tot poden <strong>construir o inventar els seus propis jocs<\/strong>, afegir o canviar algunes regles en els jocs tradicionals, en qualsevol cas caldr\u00e0 posar-se d&#8217;acord i redactar-les per a que totes les jugadores les coneguin!<\/p>\n<p>Aquests dies tamb\u00e9 cal llegir, LLEGIR molt! \u00c9s una oportunitat per a <strong>crear un bon h\u00e0bit lector<\/strong>. Malauradament les biblioteques p\u00fabliques estan tancades, per\u00f2 els quioscs romanen oberts. Triem lectures que resultin llamineres per a la canalla, tan se val si s\u00f3n revistes, contes, c\u00f2mics o novel\u00b7les.<\/p>\n<p>Si disposeu de qualsevol carnet d&#8217;una biblioteca p\u00fablica podeu emprar el <a href=\"https:\/\/catalunya.ebiblio.es\/opac\/#\"><strong>servei en xarxa eBiblio<\/strong><\/a>, que permet descarregar en pr\u00e9stec un gran cat\u00e0leg de publicacions en format digital. Us deixem l&#8217;enlla\u00e7 que explica com fer-ho, nom\u00e9s heu de clicar sobre el logotip:<a href=\"http:\/\/catalunya.ebiblio.es\/ayuda\/E0360\/ca\/introduccio.htm#\"><img loading=\"lazy\" decoding=\"async\" class=\"aligncenter\" src=\"http:\/\/catalunya.ebiblio.es\/ayuda\/E0360\/ca\/imagenes\/logo03.png\" width=\"248\" height=\"125\" \/><\/a><\/p>\n<p>Podeu descarregar-vos l&#8217;aplicaci\u00f3 a qualsevol dispositiu m\u00f2bil i gaudir de la lectura que m\u00e9s us vingui de gust!<\/p>\n<p>&nbsp;<\/p>\n<p>Tamb\u00e9 us deixem alguns recursos en l\u00ednia per a practicar la <strong>LECTO &#8211; ESCRIPTURA<\/strong>:<\/p>\n<ul>\n<li><strong><a href=\"http:\/\/www.edu365.cat\/infantil\/llegir\/llegir\/portada.html\" target=\"_blank\" rel=\"noopener noreferrer\">Lletra per lletra.<\/a><\/strong> Un joc molt divertit perqu\u00e8 els m\u00e9s petits formin paraules.<\/li>\n<\/ul>\n<p><a href=\"http:\/\/www.edu365.cat\/infantil\/llegir\/llegir\/portada.html\" target=\"_blank\" rel=\"noopener noreferrer\"><img loading=\"lazy\" decoding=\"async\" class=\"wp-image-8906 aligncenter\" src=\"https:\/\/natibergada.cat\/wp-content\/uploads\/2020\/03\/Captura-de-pantalla-2020-03-12-a-les-14.19.07.png\" sizes=\"auto, (max-width: 500px) 100vw, 500px\" srcset=\"https:\/\/natibergada.cat\/wp-content\/uploads\/2020\/03\/Captura-de-pantalla-2020-03-12-a-les-14.19.07.png 994w, https:\/\/natibergada.cat\/wp-content\/uploads\/2020\/03\/Captura-de-pantalla-2020-03-12-a-les-14.19.07-300x155.png 300w, https:\/\/natibergada.cat\/wp-content\/uploads\/2020\/03\/Captura-de-pantalla-2020-03-12-a-les-14.19.07-768x398.png 768w\" alt=\"\" width=\"500\" height=\"259\" \/><\/a><\/p>\n<ul>\n<li><strong><a href=\"http:\/\/www.edu365.com\/primaria\/catala\/endevinalles\/portada.htm\" target=\"_blank\" rel=\"noopener noreferrer\">M\u2019endevines?<\/a><\/strong> Web amb un gran recull d\u2019endevinalles per infants d\u2019Infantil i Prim\u00e0ria.<\/li>\n<\/ul>\n<p><a href=\"http:\/\/www.edu365.com\/primaria\/catala\/endevinalles\/portada.htm\" target=\"_blank\" rel=\"noopener noreferrer\"><img loading=\"lazy\" decoding=\"async\" class=\"wp-image-8877 alignnone aligncenter\" src=\"https:\/\/natibergada.cat\/wp-content\/uploads\/2020\/03\/Captura-de-pantalla-2020-03-12-a-les-11.08.53.png\" sizes=\"auto, (max-width: 500px) 100vw, 500px\" srcset=\"https:\/\/natibergada.cat\/wp-content\/uploads\/2020\/03\/Captura-de-pantalla-2020-03-12-a-les-11.08.53.png 972w, https:\/\/natibergada.cat\/wp-content\/uploads\/2020\/03\/Captura-de-pantalla-2020-03-12-a-les-11.08.53-300x161.png 300w, https:\/\/natibergada.cat\/wp-content\/uploads\/2020\/03\/Captura-de-pantalla-2020-03-12-a-les-11.08.53-768x412.png 768w\" alt=\"\" width=\"500\" height=\"269\" \/><\/a><\/p>\n<ul>\n<li><strong><a href=\"https:\/\/www.ccma.cat\/tv3\/super3\/una-ma-de-contes\/\" target=\"_blank\" rel=\"noopener noreferrer\">Una m\u00e0 de contes: <\/a><\/strong>\u00c9s una web que recull una gran quantitat de v\u00eddeos que expliquen contes molt originals. Una veu en off explica la hist\u00f2ria i s\u2019il\u00b7lustra amb t\u00e8cniques art\u00edstiques molt diferent. Visita la web\u00a0<strong style=\"font-family: inherit; font-size: 1em;\"><a href=\"https:\/\/www.ccma.cat\/tv3\/super3\/una-ma-de-contes\/la-girafa-fari-perd-les-taques\/video\/5818551\/\" target=\"_blank\" rel=\"noopener noreferrer\">Una m\u00e0 de contes<\/a><\/strong><span style=\"font-family: inherit; font-size: 1em;\"> i descobreix MOLTS contes.<\/span><\/li>\n<\/ul>\n<p><a href=\"https:\/\/www.ccma.cat\/tv3\/super3\/una-ma-de-contes\/la-girafa-fari-perd-les-taques\/video\/5818551\/\" target=\"_blank\" rel=\"noopener noreferrer\"><img loading=\"lazy\" decoding=\"async\" class=\"wp-image-8853 alignnone aligncenter\" src=\"https:\/\/natibergada.cat\/wp-content\/uploads\/2020\/03\/Captura-de-pantalla-2020-03-12-a-les-6.42.54.png\" sizes=\"auto, (max-width: 500px) 100vw, 500px\" srcset=\"https:\/\/natibergada.cat\/wp-content\/uploads\/2020\/03\/Captura-de-pantalla-2020-03-12-a-les-6.42.54.png 1003w, https:\/\/natibergada.cat\/wp-content\/uploads\/2020\/03\/Captura-de-pantalla-2020-03-12-a-les-6.42.54-300x152.png 300w, https:\/\/natibergada.cat\/wp-content\/uploads\/2020\/03\/Captura-de-pantalla-2020-03-12-a-les-6.42.54-768x389.png 768w\" alt=\"\" width=\"500\" height=\"253\" \/><\/a><\/p>\n<ul>\n<li><strong><a href=\"http:\/\/www.edu365.cat\/primaria\/catala\/entrena\/index.html\" target=\"_blank\" rel=\"noopener noreferrer\">Entrena\u2019t a llegir: <\/a><\/strong>Aplicaci\u00f3 amb activitats \u00fatils per millorar la lectura, tant la velocitat com la comprensi\u00f3. Les activitats estan repartides en tres nivells: Comen\u00e7a a c\u00f3rrer, mig fons i marat\u00f3.<\/li>\n<\/ul>\n<p><a href=\"http:\/\/www.edu365.cat\/primaria\/catala\/entrena\/index.html\" target=\"_blank\" rel=\"noopener noreferrer\"><img loading=\"lazy\" decoding=\"async\" class=\"wp-image-8854 alignnone aligncenter\" src=\"https:\/\/natibergada.cat\/wp-content\/uploads\/2020\/03\/entrenat-a-llegir.png\" sizes=\"auto, (max-width: 500px) 100vw, 500px\" srcset=\"https:\/\/natibergada.cat\/wp-content\/uploads\/2020\/03\/entrenat-a-llegir.png 757w, https:\/\/natibergada.cat\/wp-content\/uploads\/2020\/03\/entrenat-a-llegir-300x167.png 300w\" alt=\"\" width=\"500\" height=\"278\" \/><\/a><\/p>\n<ul>\n<li><strong><a href=\"http:\/\/www.edu365.cat\/primaria\/contes\/contesweb\/index.html\" target=\"_blank\" rel=\"noopener noreferrer\">Els contes d\u2019en Tom i la Laia: <\/a><\/strong>En aquesta p\u00e0gina trobareu contes interactius per llegir, escoltar i fer activitats de comprensi\u00f3 de la lectura. Contes adre\u00e7ats a Educaci\u00f3 infantil i Cicle Inicial.<\/li>\n<\/ul>\n<p><a href=\"http:\/\/www.edu365.cat\/primaria\/contes\/contesweb\/index.html\" target=\"_blank\" rel=\"noopener noreferrer\"><img loading=\"lazy\" decoding=\"async\" class=\"wp-image-8856 alignnone aligncenter\" src=\"https:\/\/natibergada.cat\/wp-content\/uploads\/2020\/03\/Captura-de-pantalla-2020-03-12-a-les-6.55.46.png\" sizes=\"auto, (max-width: 500px) 100vw, 500px\" srcset=\"https:\/\/natibergada.cat\/wp-content\/uploads\/2020\/03\/Captura-de-pantalla-2020-03-12-a-les-6.55.46.png 698w, https:\/\/natibergada.cat\/wp-content\/uploads\/2020\/03\/Captura-de-pantalla-2020-03-12-a-les-6.55.46-300x163.png 300w\" alt=\"\" width=\"500\" height=\"271\" \/><\/a><\/p>\n<ul>\n<li><strong><a href=\"http:\/\/www.jverdaguer.org\/jsmedia\/005eficas\/\" target=\"_blank\" rel=\"noopener noreferrer\">Lectura efica\u00e7: <\/a><\/strong>\u00a0Gran recull d\u2019exercicis per millorar la lectura. Aquests exercicis s\u00f3n molt \u00fatils per treballar la percepci\u00f3 visual i la comprensi\u00f3 mental del que s\u2019ha llegit.<\/li>\n<\/ul>\n<p><a href=\"http:\/\/www.jverdaguer.org\/jsmedia\/005eficas\/\" target=\"_blank\" rel=\"noopener noreferrer\"><img loading=\"lazy\" decoding=\"async\" class=\"wp-image-8881 alignnone aligncenter\" src=\"https:\/\/natibergada.cat\/wp-content\/uploads\/2020\/03\/Captura-de-pantalla-2020-03-12-a-les-12.27.04.png\" sizes=\"auto, (max-width: 500px) 100vw, 500px\" srcset=\"https:\/\/natibergada.cat\/wp-content\/uploads\/2020\/03\/Captura-de-pantalla-2020-03-12-a-les-12.27.04.png 953w, https:\/\/natibergada.cat\/wp-content\/uploads\/2020\/03\/Captura-de-pantalla-2020-03-12-a-les-12.27.04-300x184.png 300w, https:\/\/natibergada.cat\/wp-content\/uploads\/2020\/03\/Captura-de-pantalla-2020-03-12-a-les-12.27.04-768x471.png 768w\" alt=\"\" width=\"500\" height=\"307\" \/><\/a><\/p>\n<ul>\n<li><strong><a href=\"http:\/\/www.edu365.cat\/infantil\/llegir\/poesia\/menu_nat.htm\" target=\"_blank\" rel=\"noopener noreferrer\">Poemes Naturals<\/a><\/strong> Recull de poemes molt divertits per treballar amb els infants d\u2019Infantil i Prim\u00e0ria.<\/li>\n<\/ul>\n<p><a href=\"http:\/\/www.edu365.cat\/infantil\/llegir\/poesia\/menu_nat.htm\" target=\"_blank\" rel=\"noopener noreferrer\"><img loading=\"lazy\" decoding=\"async\" class=\"wp-image-8883 alignnone aligncenter\" src=\"https:\/\/natibergada.cat\/wp-content\/uploads\/2020\/03\/Captura-de-pantalla-2020-03-12-a-les-12.29.54.png\" sizes=\"auto, (max-width: 500px) 100vw, 500px\" srcset=\"https:\/\/natibergada.cat\/wp-content\/uploads\/2020\/03\/Captura-de-pantalla-2020-03-12-a-les-12.29.54.png 973w, https:\/\/natibergada.cat\/wp-content\/uploads\/2020\/03\/Captura-de-pantalla-2020-03-12-a-les-12.29.54-300x161.png 300w, https:\/\/natibergada.cat\/wp-content\/uploads\/2020\/03\/Captura-de-pantalla-2020-03-12-a-les-12.29.54-768x412.png 768w\" alt=\"\" width=\"500\" height=\"268\" \/><\/a><\/p>\n<ul>\n<li><strong><a href=\"https:\/\/win.memcat.org\/infantil\/contesb\/index.html\" target=\"_blank\" rel=\"noopener noreferrer\">Contes bojos:<\/a><\/strong> P\u00e0gina web que cont\u00e9 diferents plantilles per elaborar contes molt esbojarrats. Per comen\u00e7ar cal omplir unes paraules en un formulari. Les paraules que es posin serviran per formar el conte. Quan estigui complet es pot llegir i imprimir. Es creen contes molt i molt divertits!<\/li>\n<\/ul>\n<p><a href=\"https:\/\/win.memcat.org\/infantil\/contesb\/index.html\" target=\"_blank\" rel=\"noopener noreferrer\"><img loading=\"lazy\" decoding=\"async\" class=\"wp-image-8860 aligncenter\" src=\"https:\/\/natibergada.cat\/wp-content\/uploads\/2020\/03\/contes-bojos.jpg\" sizes=\"auto, (max-width: 500px) 100vw, 500px\" srcset=\"https:\/\/natibergada.cat\/wp-content\/uploads\/2020\/03\/contes-bojos.jpg 1082w, https:\/\/natibergada.cat\/wp-content\/uploads\/2020\/03\/contes-bojos-300x157.jpg 300w, https:\/\/natibergada.cat\/wp-content\/uploads\/2020\/03\/contes-bojos-1024x538.jpg 1024w, https:\/\/natibergada.cat\/wp-content\/uploads\/2020\/03\/contes-bojos-768x403.jpg 768w\" alt=\"\" width=\"500\" height=\"262\" \/><\/a><\/p>\n<ul>\n<li><strong><a href=\"http:\/\/www.edu365.cat\/primaria\/catala\/ortografia\/index.html\" target=\"_blank\" rel=\"noopener noreferrer\">Aventura\u2019t amb l\u2019ortografia:<\/a><\/strong> Recull d\u2019activitats per practicar l\u2019ortografia. Hi ha tres nivells de dificultat i un munt de propostes diferents.<\/li>\n<\/ul>\n<p><a href=\"http:\/\/www.edu365.cat\/primaria\/catala\/ortografia\/index.html\" target=\"_blank\" rel=\"noopener noreferrer\"><img loading=\"lazy\" decoding=\"async\" class=\"wp-image-8983 alignnone aligncenter\" src=\"https:\/\/natibergada.cat\/wp-content\/uploads\/2020\/03\/Captura-de-pantalla-2020-03-12-a-les-23.05.15.png\" sizes=\"auto, (max-width: 500px) 100vw, 500px\" srcset=\"https:\/\/natibergada.cat\/wp-content\/uploads\/2020\/03\/Captura-de-pantalla-2020-03-12-a-les-23.05.15.png 817w, https:\/\/natibergada.cat\/wp-content\/uploads\/2020\/03\/Captura-de-pantalla-2020-03-12-a-les-23.05.15-300x244.png 300w, https:\/\/natibergada.cat\/wp-content\/uploads\/2020\/03\/Captura-de-pantalla-2020-03-12-a-les-23.05.15-768x624.png 768w\" alt=\"\" width=\"500\" height=\"406\" \/><\/a><\/p>\n<ul>\n<li><strong><a href=\"https:\/\/www.youtube.com\/watch?v=8mLNlwZM4iE\" target=\"_blank\" rel=\"noopener noreferrer\">El petit pr\u00edncep. Audioconte: <\/a><\/strong>Descobreix el conte \u201c<strong style=\"font-family: inherit; font-size: 1em;\"><a href=\"https:\/\/www.youtube.com\/watch?v=8mLNlwZM4iE\" target=\"_blank\" rel=\"noopener noreferrer\">El Petit Pr\u00edncep<\/a><\/strong><span style=\"font-family: inherit; font-size: 1em;\">\u201d d\u2019Antoine de Saint-Exup\u00e9ry, recitat en catal\u00e0. Tamb\u00e9 el pots escoltar en\u00a0<\/span><strong style=\"font-family: inherit; font-size: 1em;\"><a href=\"https:\/\/www.youtube.com\/watch?v=SVtK0hGmuFo\">castell\u00e0<\/a><\/strong><span style=\"font-family: inherit; font-size: 1em;\">.<\/span><\/li>\n<\/ul>\n<p><a href=\"https:\/\/www.youtube.com\/watch?v=8mLNlwZM4iE\" target=\"_blank\" rel=\"noopener noreferrer\"><img loading=\"lazy\" decoding=\"async\" class=\"wp-image-8862 alignnone aligncenter\" src=\"https:\/\/natibergada.cat\/wp-content\/uploads\/2020\/03\/Audioconte.jpg\" sizes=\"auto, (max-width: 500px) 100vw, 500px\" srcset=\"https:\/\/natibergada.cat\/wp-content\/uploads\/2020\/03\/Audioconte.jpg 741w, https:\/\/natibergada.cat\/wp-content\/uploads\/2020\/03\/Audioconte-300x205.jpg 300w\" alt=\"\" width=\"500\" height=\"341\" \/><\/a><\/p>\n<p>&nbsp;<\/p>\n<p>Us compartim tamb\u00e9 un secret universal: a la majoria de nens i nenes els encanta <strong>MODELAR<\/strong>! Com que probablement no tothom teniu fang a casa, us proposem una manera senzilla per a preparar <strong>pasta de sal<\/strong>. Aquest material es pot pintar un cop eixut o tenyir-lo amb diferents colorants alimentaris quan el prepareu. Si cliqueu sobre la imatge s&#8217;obrir\u00e0 l&#8217;enlla\u00e7 a la web on s&#8217;explica com elaborar-ho.<a href=\"https:\/\/www.pequeocio.com\/hacer-masa-de-sal-casera\/\"><img decoding=\"async\" class=\"aligncenter\" src=\"https:\/\/www.pequeocio.com\/wp-content\/uploads\/2013\/12\/masa-de-sal-2.jpg\" alt=\"receta de masa de sal\" \/><\/a><\/p>\n<p>Per a les <strong>fam\u00edlies m\u00e9s tecnol\u00f2giques<\/strong> potser us agradaria poder fer la vostra pr\u00f2pia <strong>PEL\u00b7L\u00cdCULA D&#8217;ANIMACI\u00d3<\/strong>, amb la t\u00e8cnica <em>stop motion<\/em> \u00e9s molt f\u00e0cil. L&#8217;<em>stop motion<\/em> consisteix en capturar fotografies consecutives d\u2019un objecte movent-lo una mica entre fotografia i fotografia de manera que, visualitzant-les r\u00e0pidament, sembla que l\u2019objecte es mou. A continuaci\u00f3 us deixem un v\u00eddeo tutorial on s&#8217;explica en qu\u00e8 consisteix, com fer-ho i algunes aplicacions que podeu instal\u00b7lar a qualsevol tauleta o tel\u00e8fon m\u00f2bil per fer el muntatge de les fotografies que aneu prenent. Un cop us familiaritzeu amb l&#8217;aplicaci\u00f3 (est\u00e0 xupat!), podeu decidir el gui\u00f3 del curtmetratge, preparar el material i fer el muntatge. Despr\u00e9s podeu compartir la vostra pel\u00b7l\u00edcula animada amb tothom!<\/p>\n<p style=\"text-align: center;\"><iframe loading=\"lazy\" src=\"https:\/\/www.youtube.com\/embed\/-YSvexfDQYk\" width=\"560\" height=\"315\" frameborder=\"0\"><\/iframe><\/p>\n<p style=\"text-align: left;\">Com a curiositat, inserim un v\u00eddeo on podeu veure l&#8217;evoluci\u00f3 d&#8217;aquesta t\u00e8cnica d&#8217;animaci\u00f3 al llarg del temps:<\/p>\n<p style=\"text-align: center;\"><iframe loading=\"lazy\" src=\"https:\/\/www.youtube.com\/embed\/X0QemvmpzfQ\" width=\"560\" height=\"315\" frameborder=\"0\"><\/iframe><\/p>\n<p>&nbsp;<\/p>\n<p style=\"text-align: center;\">Per a practicar l&#8217;<strong>ANGL\u00c8S<\/strong>, ja sabeu que l&#8217;escola est\u00e0 subscrita al programa <a href=\"http:\/\/www.koalatext.com\/public\/\">KoalaText<\/a><\/p>\n<p><a href=\"http:\/\/koalatext.com\/public\/\"><img loading=\"lazy\" decoding=\"async\" class=\"aligncenter\" src=\"http:\/\/agora.xtec.cat\/ceipbalmes\/wp-content\/uploads\/usu527\/2018\/01\/logo-koala-text.jpg\" width=\"283\" height=\"283\" \/><\/a><\/p>\n<p>Donat l&#8217;estat d&#8217;excepcionalitat d&#8217;aquests dies l&#8217;acc\u00e9s a tot el contingut \u00e9s obert, per\u00f2 si teniu alguna dificultat per accedir i no disposeu de la contrasenya, podeu sol\u00b7licitar-la a trav\u00e9s del correu del centre info@balmescastellbell.cat<\/p>\n<p>Tamb\u00e9 podeu veure i triar entre les propostes que trobeu a la <a href=\"https:\/\/agora.xtec.cat\/ceipbalmes\/categoria\/angles\/\"><strong>p\u00e0gina d&#8217;angl\u00e8s <\/strong><\/a>d&#8217;aquesta mateixa web.<\/p>\n<p>&nbsp;<\/p>\n<p>I si el que voleu s\u00f3n recursos per a practicar el<strong> llenguatge MATEM\u00c0TIC<\/strong>, aqu\u00ed us en deixem uns quants:<\/p>\n<ul>\n<li><strong><a href=\"https:\/\/www.vedoque.com\/juegos\/juego.php?j=dados\" target=\"_blank\" rel=\"noopener noreferrer\">Dados:<\/a><\/strong> C\u00e0lcul mental tot jugant amb els daus. Un joc molt divertit. Hi ha 5 nivells de dificultat.<\/li>\n<\/ul>\n<p><a href=\"https:\/\/www.vedoque.com\/juegos\/juego.php?j=dados\" target=\"_blank\" rel=\"noopener noreferrer\"><img loading=\"lazy\" decoding=\"async\" class=\"wp-image-8920 alignnone aligncenter\" src=\"https:\/\/natibergada.cat\/wp-content\/uploads\/2020\/03\/Captura-de-pantalla-2020-03-12-a-les-17.23.08.png\" sizes=\"auto, (max-width: 500px) 100vw, 500px\" srcset=\"https:\/\/natibergada.cat\/wp-content\/uploads\/2020\/03\/Captura-de-pantalla-2020-03-12-a-les-17.23.08.png 598w, https:\/\/natibergada.cat\/wp-content\/uploads\/2020\/03\/Captura-de-pantalla-2020-03-12-a-les-17.23.08-300x225.png 300w\" alt=\"\" width=\"500\" height=\"375\" \/><\/a><\/p>\n<ul>\n<li><strong><a href=\"https:\/\/www.arcademics.com\/games\/grand-prix\" target=\"_blank\" rel=\"noopener noreferrer\">Grand Prix Multiplication.<\/a><\/strong> Un joc de cotxes molt divertit i \u00fatil per practicar les taules de multiplicar.<\/li>\n<\/ul>\n<p><a href=\"https:\/\/www.arcademics.com\/games\/grand-prix\" target=\"_blank\" rel=\"noopener noreferrer\"><img loading=\"lazy\" decoding=\"async\" class=\"wp-image-8925 alignnone aligncenter\" src=\"https:\/\/natibergada.cat\/wp-content\/uploads\/2020\/03\/Captura-de-pantalla-2020-03-12-a-les-17.54.39.png\" sizes=\"auto, (max-width: 500px) 100vw, 500px\" srcset=\"https:\/\/natibergada.cat\/wp-content\/uploads\/2020\/03\/Captura-de-pantalla-2020-03-12-a-les-17.54.39.png 1007w, https:\/\/natibergada.cat\/wp-content\/uploads\/2020\/03\/Captura-de-pantalla-2020-03-12-a-les-17.54.39-300x171.png 300w, https:\/\/natibergada.cat\/wp-content\/uploads\/2020\/03\/Captura-de-pantalla-2020-03-12-a-les-17.54.39-768x439.png 768w\" alt=\"\" width=\"500\" height=\"286\" \/><\/a><\/p>\n<ul>\n<li><strong><a href=\"http:\/\/www3.gobiernodecanarias.org\/medusa\/eltanquematematico\/todo_mate\/calculo_m\/calculomental_p_p.html\" target=\"_blank\" rel=\"noopener noreferrer\">C\u00e0lcul mental<\/a>. <\/strong>Operacions de c\u00e0lcul mental divertides? Comprova-ho!<\/li>\n<\/ul>\n<p><a href=\"http:\/\/www3.gobiernodecanarias.org\/medusa\/eltanquematematico\/todo_mate\/calculo_m\/calculomental_p_p.html\" target=\"_blank\" rel=\"noopener noreferrer\"><img loading=\"lazy\" decoding=\"async\" class=\"wp-image-9079 alignnone aligncenter\" src=\"https:\/\/natibergada.cat\/wp-content\/uploads\/2020\/03\/Captura-de-pantalla-2020-03-13-a-les-13.13.21.png\" sizes=\"auto, (max-width: 500px) 100vw, 500px\" srcset=\"https:\/\/natibergada.cat\/wp-content\/uploads\/2020\/03\/Captura-de-pantalla-2020-03-13-a-les-13.13.21.png 880w, https:\/\/natibergada.cat\/wp-content\/uploads\/2020\/03\/Captura-de-pantalla-2020-03-13-a-les-13.13.21-300x235.png 300w, https:\/\/natibergada.cat\/wp-content\/uploads\/2020\/03\/Captura-de-pantalla-2020-03-13-a-les-13.13.21-768x600.png 768w\" alt=\"\" width=\"500\" height=\"391\" \/><\/a><\/p>\n<ul>\n<li><strong><a href=\"https:\/\/www.ictgames.com\/mobilePage\/index.html\" target=\"_blank\" rel=\"noopener noreferrer\">Ictgames:<\/a><\/strong> P\u00e0gina web amb un gran recull de jocs matem\u00e0tics<\/li>\n<\/ul>\n<p><a href=\"https:\/\/www.ictgames.com\/mobilePage\/index.html\" target=\"_blank\" rel=\"noopener noreferrer\"><img loading=\"lazy\" decoding=\"async\" class=\"wp-image-9075 aligncenter\" src=\"https:\/\/natibergada.cat\/wp-content\/uploads\/2020\/03\/Captura-de-pantalla-2020-03-13-a-les-13.03.30.png\" sizes=\"auto, (max-width: 500px) 100vw, 500px\" srcset=\"https:\/\/natibergada.cat\/wp-content\/uploads\/2020\/03\/Captura-de-pantalla-2020-03-13-a-les-13.03.30.png 760w, https:\/\/natibergada.cat\/wp-content\/uploads\/2020\/03\/Captura-de-pantalla-2020-03-13-a-les-13.03.30-300x263.png 300w\" alt=\"\" width=\"500\" height=\"438\" \/><\/a><\/p>\n<p>&nbsp;<\/p>\n<ul>\n<li><strong><a href=\"http:\/\/ntic.educacion.es\/w3\/\/recursos\/primaria\/matematicas\/longitud\/menu.html\" target=\"_blank\" rel=\"noopener noreferrer\">La Longitud :<\/a><\/strong> Web amb un recull de jocs matem\u00e0tics per treballar les unitats de mesura: de longitud, de pes i massa, de volum i capacitat.<\/li>\n<\/ul>\n<p><a href=\"http:\/\/ntic.educacion.es\/w3\/\/recursos\/primaria\/matematicas\/longitud\/menu.html\" target=\"_blank\" rel=\"noopener noreferrer\"><img loading=\"lazy\" decoding=\"async\" class=\"wp-image-8921 aligncenter\" src=\"https:\/\/natibergada.cat\/wp-content\/uploads\/2020\/03\/Captura-de-pantalla-2020-03-12-a-les-17.40.12.png\" sizes=\"auto, (max-width: 500px) 100vw, 500px\" srcset=\"https:\/\/natibergada.cat\/wp-content\/uploads\/2020\/03\/Captura-de-pantalla-2020-03-12-a-les-17.40.12.png 1121w, https:\/\/natibergada.cat\/wp-content\/uploads\/2020\/03\/Captura-de-pantalla-2020-03-12-a-les-17.40.12-300x190.png 300w, https:\/\/natibergada.cat\/wp-content\/uploads\/2020\/03\/Captura-de-pantalla-2020-03-12-a-les-17.40.12-1024x648.png 1024w, https:\/\/natibergada.cat\/wp-content\/uploads\/2020\/03\/Captura-de-pantalla-2020-03-12-a-les-17.40.12-768x486.png 768w\" alt=\"\" width=\"500\" height=\"316\" \/><\/a><\/p>\n<ul>\n<li><strong><a href=\"http:\/\/ntic.educacion.es\/w3\/recursos\/primaria\/matematicas\/pesomasa\/menu.html\" target=\"_blank\" rel=\"noopener noreferrer\">El pes i la massa<\/a><\/strong><\/li>\n<\/ul>\n<p><a href=\"http:\/\/ntic.educacion.es\/w3\/recursos\/primaria\/matematicas\/pesomasa\/menu.html\" target=\"_blank\" rel=\"noopener noreferrer\"><img loading=\"lazy\" decoding=\"async\" class=\"wp-image-8922 aligncenter\" src=\"https:\/\/natibergada.cat\/wp-content\/uploads\/2020\/03\/Captura-de-pantalla-2020-03-12-a-les-17.45.49.png\" sizes=\"auto, (max-width: 500px) 100vw, 500px\" srcset=\"https:\/\/natibergada.cat\/wp-content\/uploads\/2020\/03\/Captura-de-pantalla-2020-03-12-a-les-17.45.49.png 945w, https:\/\/natibergada.cat\/wp-content\/uploads\/2020\/03\/Captura-de-pantalla-2020-03-12-a-les-17.45.49-300x227.png 300w, https:\/\/natibergada.cat\/wp-content\/uploads\/2020\/03\/Captura-de-pantalla-2020-03-12-a-les-17.45.49-768x580.png 768w\" alt=\"\" width=\"500\" height=\"378\" \/><\/a><\/p>\n<ul>\n<li><strong><a href=\"http:\/\/ntic.educacion.es\/w3\/recursos\/primaria\/matematicas\/volumen\/menu.html\" target=\"_blank\" rel=\"noopener noreferrer\">El volum i la capacitat<\/a><\/strong><\/li>\n<\/ul>\n<p><a href=\"http:\/\/ntic.educacion.es\/w3\/recursos\/primaria\/matematicas\/volumen\/menu.html\" target=\"_blank\" rel=\"noopener noreferrer\"><img loading=\"lazy\" decoding=\"async\" class=\"wp-image-8923 aligncenter\" src=\"https:\/\/natibergada.cat\/wp-content\/uploads\/2020\/03\/Captura-de-pantalla-2020-03-12-a-les-17.47.36.png\" sizes=\"auto, (max-width: 500px) 100vw, 500px\" srcset=\"https:\/\/natibergada.cat\/wp-content\/uploads\/2020\/03\/Captura-de-pantalla-2020-03-12-a-les-17.47.36.png 1022w, https:\/\/natibergada.cat\/wp-content\/uploads\/2020\/03\/Captura-de-pantalla-2020-03-12-a-les-17.47.36-300x219.png 300w, https:\/\/natibergada.cat\/wp-content\/uploads\/2020\/03\/Captura-de-pantalla-2020-03-12-a-les-17.47.36-768x561.png 768w\" alt=\"\" width=\"500\" height=\"365\" \/><\/a><\/p>\n<ul>\n<li><strong><a href=\"http:\/\/www.ceip-diputacio.com\/portadaCM-CS.htm\" target=\"_blank\" rel=\"noopener noreferrer\">La motxilla.<\/a><\/strong> Una web que cont\u00e9 un gran recull de jocs matem\u00e0tics molt divertits.<\/li>\n<\/ul>\n<p><a href=\"http:\/\/www.ceip-diputacio.com\/portadaCM-CS.htm\" target=\"_blank\" rel=\"noopener noreferrer\"><img loading=\"lazy\" decoding=\"async\" class=\"wp-image-8929 alignnone aligncenter\" src=\"https:\/\/natibergada.cat\/wp-content\/uploads\/2020\/03\/Captura-de-pantalla-2020-03-12-a-les-18.09.09.png\" sizes=\"auto, (max-width: 500px) 100vw, 500px\" srcset=\"https:\/\/natibergada.cat\/wp-content\/uploads\/2020\/03\/Captura-de-pantalla-2020-03-12-a-les-18.09.09.png 1041w, https:\/\/natibergada.cat\/wp-content\/uploads\/2020\/03\/Captura-de-pantalla-2020-03-12-a-les-18.09.09-300x169.png 300w, https:\/\/natibergada.cat\/wp-content\/uploads\/2020\/03\/Captura-de-pantalla-2020-03-12-a-les-18.09.09-1024x578.png 1024w, https:\/\/natibergada.cat\/wp-content\/uploads\/2020\/03\/Captura-de-pantalla-2020-03-12-a-les-18.09.09-768x434.png 768w\" alt=\"\" width=\"500\" height=\"282\" \/><\/a><\/p>\n<p>&nbsp;<\/p>\n<p style=\"text-align: left;\">Tamb\u00e9 us recordem que el programa InfoK \u00e9s un recurs molt bo per a mantenir-se <strong>informat amb les NOT\u00cdCIES m\u00e9s actuals<\/strong>:<\/p>\n<p style=\"text-align: center;\"><iframe loading=\"lazy\" src=\"https:\/\/www.ccma.cat\/video\/embed\/super3\/6034957\/\" width=\"500px\" height=\"281px\" frameborder=\"0\"><\/iframe><\/p>\n<p>&nbsp;<\/p>\n<p>L&#8217;escola tamb\u00e9 est\u00e0 subscrita al <a href=\"http:\/\/www.eltricicle.cat\/index.php\/ca\/\"><strong>setmanari digital Tricicle<\/strong><\/a>, amb not\u00edcies d&#8217;actualitat per a totes les edats. Sol\u00b7liciteu la clau d&#8217;acc\u00e9s a trav\u00e9s del correu de centre info@balmescastellbell.cat.<\/p>\n<p><a href=\"http:\/\/www.eltricicle.cat\/index.php\/ca\/\"><img decoding=\"async\" src=\"https:\/\/www.conselharan.org\/wp-content\/uploads\/2018\/07\/Imatge-1200.jpg\" alt=\"Resultat d'imatges per a &quot;el tricicle setmanari&quot;\" \/><\/a><\/p>\n<p>Al canal de Youtube <a href=\"https:\/\/www.youtube.com\/channel\/UCGkVdu_EVrqqxQ7OnLFK8RQ\"><strong>Happy Learning Espa\u00f1ol<\/strong><\/a> trobareu v\u00eddeos amb continguts tant de <strong>coneixement del MEDI NATURAL<\/strong> (les plantes, els animals, el cos hum\u00e0, el planeta terra, la mat\u00e8ria, l\u2019efecte hivernacle\u2026), com de<strong> coneixement del MEDI SOCIAL<\/strong>\u00a0(etapes de la hist\u00f2ria).<a href=\"https:\/\/www.youtube.com\/watch?v=dTgofE8nrk0&amp;feature=emb_logo\" target=\"_blank\" rel=\"noopener noreferrer\"><img loading=\"lazy\" decoding=\"async\" class=\"alignnone wp-image-9094 aligncenter\" src=\"https:\/\/natibergada.cat\/wp-content\/uploads\/2020\/03\/Captura-de-pantalla-2020-03-13-a-les-14.00.24.png\" sizes=\"auto, (max-width: 500px) 100vw, 500px\" srcset=\"https:\/\/natibergada.cat\/wp-content\/uploads\/2020\/03\/Captura-de-pantalla-2020-03-13-a-les-14.00.24.png 953w, https:\/\/natibergada.cat\/wp-content\/uploads\/2020\/03\/Captura-de-pantalla-2020-03-13-a-les-14.00.24-300x168.png 300w, https:\/\/natibergada.cat\/wp-content\/uploads\/2020\/03\/Captura-de-pantalla-2020-03-13-a-les-14.00.24-768x430.png 768w\" alt=\"\" width=\"500\" height=\"280\" \/><\/a><\/p>\n<ul>\n<li><strong><a href=\"http:\/\/www.edu365.cat\/infantil\/monperunforat\/\" target=\"_blank\" rel=\"noopener noreferrer\">El m\u00f3n per un forat: <\/a><\/strong>\u00a0Recull de v\u00eddeos, fotografies, dibuixos i activitats interactives per treballar l\u2019entorn natural i social: els \u00e9ssers vius, els paisatges i la societat.<\/li>\n<\/ul>\n<p><a href=\"http:\/\/www.edu365.cat\/infantil\/monperunforat\/\" target=\"_blank\" rel=\"noopener noreferrer\"><img loading=\"lazy\" decoding=\"async\" class=\"wp-image-9096 size-full alignnone aligncenter\" src=\"https:\/\/natibergada.cat\/wp-content\/uploads\/2020\/03\/Captura-de-pantalla-2020-03-13-a-les-14.02.40.png\" sizes=\"auto, (max-width: 500px) 100vw, 500px\" srcset=\"https:\/\/natibergada.cat\/wp-content\/uploads\/2020\/03\/Captura-de-pantalla-2020-03-13-a-les-14.02.40.png 500w, https:\/\/natibergada.cat\/wp-content\/uploads\/2020\/03\/Captura-de-pantalla-2020-03-13-a-les-14.02.40-300x140.png 300w\" alt=\"\" width=\"500\" height=\"234\" \/><\/a><\/p>\n<ul>\n<li>\n<p class=\"title style-scope ytd-video-primary-info-renderer\"><a href=\"https:\/\/www.youtube.com\/playlist?list=PLAEgyhwFFlNq6_vITqUCK01JIHJSPAQeR\"><strong>Din\u00e0miks<\/strong><\/a>. Per a descobrir les meravelles de la <strong>CI\u00c8NCIA<\/strong> i fer <strong>experiments<\/strong> incre\u00efbles!<\/p>\n<\/li>\n<\/ul>\n<p><a href=\"https:\/\/www.youtube.com\/watch?v=HQlcYAM4kvQ&amp;list=PLAEgyhwFFlNq6_vITqUCK01JIHJSPAQeR&amp;index=5\" target=\"_blank\" rel=\"noopener noreferrer\"><img loading=\"lazy\" decoding=\"async\" class=\"alignnone wp-image-8900 aligncenter\" src=\"https:\/\/natibergada.cat\/wp-content\/uploads\/2020\/03\/Captura-de-pantalla-2020-03-12-a-les-14.06.14.png\" sizes=\"auto, (max-width: 500px) 100vw, 500px\" srcset=\"https:\/\/natibergada.cat\/wp-content\/uploads\/2020\/03\/Captura-de-pantalla-2020-03-12-a-les-14.06.14.png 882w, https:\/\/natibergada.cat\/wp-content\/uploads\/2020\/03\/Captura-de-pantalla-2020-03-12-a-les-14.06.14-300x169.png 300w, https:\/\/natibergada.cat\/wp-content\/uploads\/2020\/03\/Captura-de-pantalla-2020-03-12-a-les-14.06.14-768x432.png 768w\" alt=\"\" width=\"500\" height=\"281\" \/><\/a><\/p>\n<p style=\"text-align: center;\">Seguim connectades!!<\/p>\n<p style=\"text-align: center;\"><em>#joemquedoacasa<\/em><\/p>\n","protected":false},"excerpt":{"rendered":"<p>A continuaci\u00f3 trobareu un seguit de recursos educatius per aquests dies de confinament. Algunes propostes s\u00f3n on line, d&#8217;altres per gaudir-les en fam\u00edlia. Esperem que en pugueu treure profit!<br \/>\nAquests dies s\u00f3n una bona oportunitat per a que els nens i nenes puguin col\u00b7laborar en les&hellip;  <a href=\"https:\/\/agora.xtec.cat\/ceipbalmes\/general\/recull-de-recursos-educatius\/\" title=\"Read RECULL DE RECURSOS EDUCATIUS\">Llegeix m\u00e9s\u00bb<\/a><\/p>\n","protected":false},"author":1,"featured_media":1156,"comment_status":"open","ping_status":"closed","sticky":false,"template":"","format":"standard","meta":{"_bbp_topic_count":0,"_bbp_reply_count":0,"_bbp_total_topic_count":0,"_bbp_total_reply_count":0,"_bbp_voice_count":0,"_bbp_anonymous_reply_count":0,"_bbp_topic_count_hidden":0,"_bbp_reply_count_hidden":0,"_bbp_forum_subforum_count":0,"footnotes":""},"categories":[1],"tags":[],"class_list":["post-1147","post","type-post","status-publish","format-standard","has-post-thumbnail","hentry","category-general"],"post_mailing_queue_ids":[],"_links":{"self":[{"href":"https:\/\/agora.xtec.cat\/ceipbalmes\/wp-json\/wp\/v2\/posts\/1147","targetHints":{"allow":["GET"]}}],"collection":[{"href":"https:\/\/agora.xtec.cat\/ceipbalmes\/wp-json\/wp\/v2\/posts"}],"about":[{"href":"https:\/\/agora.xtec.cat\/ceipbalmes\/wp-json\/wp\/v2\/types\/post"}],"author":[{"embeddable":true,"href":"https:\/\/agora.xtec.cat\/ceipbalmes\/wp-json\/wp\/v2\/users\/1"}],"replies":[{"embeddable":true,"href":"https:\/\/agora.xtec.cat\/ceipbalmes\/wp-json\/wp\/v2\/comments?post=1147"}],"version-history":[{"count":4,"href":"https:\/\/agora.xtec.cat\/ceipbalmes\/wp-json\/wp\/v2\/posts\/1147\/revisions"}],"predecessor-version":[{"id":1328,"href":"https:\/\/agora.xtec.cat\/ceipbalmes\/wp-json\/wp\/v2\/posts\/1147\/revisions\/1328"}],"wp:featuredmedia":[{"embeddable":true,"href":"https:\/\/agora.xtec.cat\/ceipbalmes\/wp-json\/wp\/v2\/media\/1156"}],"wp:attachment":[{"href":"https:\/\/agora.xtec.cat\/ceipbalmes\/wp-json\/wp\/v2\/media?parent=1147"}],"wp:term":[{"taxonomy":"category","embeddable":true,"href":"https:\/\/agora.xtec.cat\/ceipbalmes\/wp-json\/wp\/v2\/categories?post=1147"},{"taxonomy":"post_tag","embeddable":true,"href":"https:\/\/agora.xtec.cat\/ceipbalmes\/wp-json\/wp\/v2\/tags?post=1147"}],"curies":[{"name":"wp","href":"https:\/\/api.w.org\/{rel}","templated":true}]}}