{"id":1145,"date":"2020-03-12T17:25:08","date_gmt":"2020-03-12T16:25:08","guid":{"rendered":"http:\/\/agora.xtec.cat\/ceipbalmes\/?p=1145"},"modified":"2020-03-12T17:25:08","modified_gmt":"2020-03-12T16:25:08","slug":"tancament-dels-centres-educatius","status":"publish","type":"post","link":"https:\/\/agora.xtec.cat\/ceipbalmes\/general\/tancament-dels-centres-educatius\/","title":{"rendered":"TANCAMENT DELS CENTRES EDUCATIUS"},"content":{"rendered":"<p><span style=\"font-weight: 400;\">El Departament d\u2019Educaci\u00f3, seguint instruccions del Departament de Salut i com a mesura excepcional per contenir el coronavirus, <\/span><b>ha pres la decisi\u00f3 de tancar a partir del dia 13 de mar\u00e7 i fins al proper dia 27 mar\u00e7, ambd\u00f3s inclosos<\/b><span style=\"font-weight: 400;\">, <\/span><b>tots els centres educatius del pa\u00eds<\/b><span style=\"font-weight: 400;\"> i, per tant, han quedat suspeses les classes en horari lectiu i les activitats extraescolars.<\/span><\/p>\n<p><span style=\"font-weight: 400;\">Seguirem prestant\u00a0 atenci\u00f3 a les instruccions del Departament de Salut i a l\u2019evoluci\u00f3 de la situaci\u00f3.<\/span><\/p>\n<p><span style=\"font-weight: 400;\">Us recomanem que tingueu oberts canals de comunicaci\u00f3 fluids amb el personal del centre educatiu, per\u00f2 \u00e9s recomanable evitar aquells de tipus presencial.<\/span><\/p>\n<p><span style=\"font-weight: 400;\">Tamb\u00e9 us recordem que cal que seguiu les indicacions, recomanacions i protocols que estableix el Departament de Salut pel que fa a la prevenci\u00f3 del virus i que podeu consultar a<\/span><\/p>\n<p><a href=\"http:\/\/canalsalut.gencat.cat\/coronavirus\"><span style=\"font-weight: 400;\">http:\/\/canalsalut.gencat.cat\/coronavirus<\/span><\/a><\/p>\n<p><span style=\"font-weight: 400;\">El Departament d\u2019Educaci\u00f3 far\u00e0 arribar a la direcci\u00f3 del centre les indicacions pertinents en relaci\u00f3 als dubtes que puguin sorgir.<\/span><\/p>\n<p><span style=\"font-weight: 400;\">Us agra\u00efm la vostra comprensi\u00f3 i col\u00b7laboraci\u00f3.<\/span><\/p>\n","protected":false},"excerpt":{"rendered":"<p>El Departament d\u2019Educaci\u00f3, seguint instruccions del Departament de Salut i com a mesura excepcional per contenir el coronavirus, ha pres la decisi\u00f3 de tancar a partir del dia 13 de mar\u00e7 i fins al proper dia 27 mar\u00e7, ambd\u00f3s inclosos, tots els centres educatius del&hellip;  <a href=\"https:\/\/agora.xtec.cat\/ceipbalmes\/general\/tancament-dels-centres-educatius\/\" title=\"Read TANCAMENT DELS CENTRES EDUCATIUS\">Llegeix m\u00e9s\u00bb<\/a><\/p>\n","protected":false},"author":1,"featured_media":0,"comment_status":"open","ping_status":"closed","sticky":false,"template":"","format":"standard","meta":{"_bbp_topic_count":0,"_bbp_reply_count":0,"_bbp_total_topic_count":0,"_bbp_total_reply_count":0,"_bbp_voice_count":0,"_bbp_anonymous_reply_count":0,"_bbp_topic_count_hidden":0,"_bbp_reply_count_hidden":0,"_bbp_forum_subforum_count":0,"footnotes":""},"categories":[1],"tags":[],"class_list":["post-1145","post","type-post","status-publish","format-standard","hentry","category-general"],"post_mailing_queue_ids":[],"_links":{"self":[{"href":"https:\/\/agora.xtec.cat\/ceipbalmes\/wp-json\/wp\/v2\/posts\/1145","targetHints":{"allow":["GET"]}}],"collection":[{"href":"https:\/\/agora.xtec.cat\/ceipbalmes\/wp-json\/wp\/v2\/posts"}],"about":[{"href":"https:\/\/agora.xtec.cat\/ceipbalmes\/wp-json\/wp\/v2\/types\/post"}],"author":[{"embeddable":true,"href":"https:\/\/agora.xtec.cat\/ceipbalmes\/wp-json\/wp\/v2\/users\/1"}],"replies":[{"embeddable":true,"href":"https:\/\/agora.xtec.cat\/ceipbalmes\/wp-json\/wp\/v2\/comments?post=1145"}],"version-history":[{"count":1,"href":"https:\/\/agora.xtec.cat\/ceipbalmes\/wp-json\/wp\/v2\/posts\/1145\/revisions"}],"predecessor-version":[{"id":1146,"href":"https:\/\/agora.xtec.cat\/ceipbalmes\/wp-json\/wp\/v2\/posts\/1145\/revisions\/1146"}],"wp:attachment":[{"href":"https:\/\/agora.xtec.cat\/ceipbalmes\/wp-json\/wp\/v2\/media?parent=1145"}],"wp:term":[{"taxonomy":"category","embeddable":true,"href":"https:\/\/agora.xtec.cat\/ceipbalmes\/wp-json\/wp\/v2\/categories?post=1145"},{"taxonomy":"post_tag","embeddable":true,"href":"https:\/\/agora.xtec.cat\/ceipbalmes\/wp-json\/wp\/v2\/tags?post=1145"}],"curies":[{"name":"wp","href":"https:\/\/api.w.org\/{rel}","templated":true}]}}