{"id":1141,"date":"2020-03-10T16:30:02","date_gmt":"2020-03-10T15:30:02","guid":{"rendered":"http:\/\/agora.xtec.cat\/ceipbalmes\/?p=1141"},"modified":"2020-03-10T16:30:02","modified_gmt":"2020-03-10T15:30:02","slug":"portes-obertes-i-preinscripcio","status":"publish","type":"post","link":"https:\/\/agora.xtec.cat\/ceipbalmes\/general\/portes-obertes-i-preinscripcio\/","title":{"rendered":"PORTES OBERTES I PREINSCRIPCI\u00d3"},"content":{"rendered":"<p style=\"text-align: center;\">US CONVIDEM A LA JORNADA DE PORTES OBERTES, VENIU A CON\u00c8IXER EL NOSTRE PROJECTE DE CENTRE!<\/p>\n<p><strong> <a href=\"https:\/\/agora.xtec.cat\/ceipbalmes\/wp-content\/uploads\/usu527\/2020\/03\/jornada-de-portes-obertes.jpg\"><img loading=\"lazy\" decoding=\"async\" class=\"aligncenter  wp-image-1142\" src=\"https:\/\/agora.xtec.cat\/ceipbalmes\/wp-content\/uploads\/usu527\/2020\/03\/jornada-de-portes-obertes-724x1024.jpg\" alt=\"\" width=\"801\" height=\"1133\" srcset=\"https:\/\/agora.xtec.cat\/ceipbalmes\/wp-content\/uploads\/usu527\/2020\/03\/jornada-de-portes-obertes-724x1024.jpg 724w, https:\/\/agora.xtec.cat\/ceipbalmes\/wp-content\/uploads\/usu527\/2020\/03\/jornada-de-portes-obertes-212x300.jpg 212w, https:\/\/agora.xtec.cat\/ceipbalmes\/wp-content\/uploads\/usu527\/2020\/03\/jornada-de-portes-obertes-768x1086.jpg 768w, https:\/\/agora.xtec.cat\/ceipbalmes\/wp-content\/uploads\/usu527\/2020\/03\/jornada-de-portes-obertes.jpg 1587w\" sizes=\"auto, (max-width: 801px) 100vw, 801px\" \/><\/a><\/strong><\/p>\n<p>&nbsp;<\/p>\n<p><strong>CALENDARI DE PRESENTACI\u00d3 SOL\u00b7LICITUDS DE PREINSCRIPCI\u00d3:<\/strong><\/p>\n<p>Del dilluns 23 de mar\u00e7 al dimecres 1 d\u2019abril del 2020.<\/p>\n<p>&nbsp;<\/p>\n<p>Enlla\u00e7 a la <strong><a href=\"http:\/\/web.gencat.cat\/web\/shared\/OVT\/Departaments\/ENS\/TramitOVT\/preinscripcio\/obligatoris\/A42.pdf\">SOL\u00b7LICITUD<\/a> de preinscripci\u00f3<\/strong> pel curs 2020-21.<\/p>\n<p>&nbsp;<\/p>\n<p><u>DOCUMENTACI\u00d3 QUE CAL PORTAR<\/u>:<\/p>\n<ul>\n<li>DNI dels progenitors\/es o tutors\/es legals (originals i fotoc\u00f2pia)<\/li>\n<li>Llibre de fam\u00edlia (original i fotoc\u00f2pia del llibre complet)<\/li>\n<li>Full d\u2019empadronament o certificat de l\u2019empresa de la localitat<\/li>\n<li>Targeta sanit\u00e0ria (original i fotoc\u00f2pia)<\/li>\n<li>Carnet de vacunes (original i fotoc\u00f2pia)<\/li>\n<li>1 fotografia mida carnet<\/li>\n<\/ul>\n<p>Podeu descarregar-vos la sol\u00b7licitud de preinscripci\u00f3 o omplir-la a l\u2019escola mateix, el dia que vingueu a portar la documentaci\u00f3.<\/p>\n<p>Pel bon funcionament del proc\u00e9s, us demanem que respectiu les dates de preinscripci\u00f3 i que ens lliureu tota la documentaci\u00f3 sol\u00b7licitada dins del termini previst.<\/p>\n","protected":false},"excerpt":{"rendered":"<p>US CONVIDEM A LA JORNADA DE PORTES OBERTES, VENIU A CON\u00c8IXER EL NOSTRE PROJECTE DE CENTRE!<br \/>\n <a href=\"https:\/\/agora.xtec.cat\/ceipbalmes\/wp-content\/uploads\/usu527\/2020\/03\/jornada-de-portes-obertes.jpg\"><\/a><br \/>\n&nbsp;<br \/>\nCALENDARI DE PRESENTACI\u00d3 SOL\u00b7LICITUDS DE PREINSCRIPCI\u00d3:<br \/>\nDel dilluns 23 de mar\u00e7 al dimecres 1 d\u2019abril del 2020.<br \/>\n&nbsp;<br \/>\nEnlla\u00e7 a la <a href=\"http:\/\/web.gencat.cat\/web\/shared\/OVT\/Departaments\/ENS\/TramitOVT\/preinscripcio\/obligatoris\/A42.pdf\">SOL\u00b7LICITUD<\/a> de preinscripci\u00f3 pel curs 2020-21.<br \/>\n&nbsp;<br \/>\nDOCUMENTACI\u00d3 QUE CAL PORTAR:<\/p>\n<ul>\n<li>DNI&hellip;  <a href=\"https:\/\/agora.xtec.cat\/ceipbalmes\/general\/portes-obertes-i-preinscripcio\/\" title=\"Read PORTES OBERTES I PREINSCRIPCI\u00d3\">Llegeix m\u00e9s\u00bb<\/a><br \/>\n","protected":false},"author":1,"featured_media":1142,"comment_status":"open","ping_status":"closed","sticky":false,"template":"","format":"standard","meta":{"_bbp_topic_count":0,"_bbp_reply_count":0,"_bbp_total_topic_count":0,"_bbp_total_reply_count":0,"_bbp_voice_count":0,"_bbp_anonymous_reply_count":0,"_bbp_topic_count_hidden":0,"_bbp_reply_count_hidden":0,"_bbp_forum_subforum_count":0,"footnotes":""},"categories":[1],"tags":[],"class_list":["post-1141","post","type-post","status-publish","format-standard","has-post-thumbnail","hentry","category-general"],"post_mailing_queue_ids":[],"_links":{"self":[{"href":"https:\/\/agora.xtec.cat\/ceipbalmes\/wp-json\/wp\/v2\/posts\/1141","targetHints":{"allow":["GET"]}}],"collection":[{"href":"https:\/\/agora.xtec.cat\/ceipbalmes\/wp-json\/wp\/v2\/posts"}],"about":[{"href":"https:\/\/agora.xtec.cat\/ceipbalmes\/wp-json\/wp\/v2\/types\/post"}],"author":[{"embeddable":true,"href":"https:\/\/agora.xtec.cat\/ceipbalmes\/wp-json\/wp\/v2\/users\/1"}],"replies":[{"embeddable":true,"href":"https:\/\/agora.xtec.cat\/ceipbalmes\/wp-json\/wp\/v2\/comments?post=1141"}],"version-history":[{"count":2,"href":"https:\/\/agora.xtec.cat\/ceipbalmes\/wp-json\/wp\/v2\/posts\/1141\/revisions"}],"predecessor-version":[{"id":1144,"href":"https:\/\/agora.xtec.cat\/ceipbalmes\/wp-json\/wp\/v2\/posts\/1141\/revisions\/1144"}],"wp:featuredmedia":[{"embeddable":true,"href":"https:\/\/agora.xtec.cat\/ceipbalmes\/wp-json\/wp\/v2\/media\/1142"}],"wp:attachment":[{"href":"https:\/\/agora.xtec.cat\/ceipbalmes\/wp-json\/wp\/v2\/media?parent=1141"}],"wp:term":[{"taxonomy":"category","embeddable":true,"href":"https:\/\/agora.xtec.cat\/ceipbalmes\/wp-json\/wp\/v2\/categories?post=1141"},{"taxonomy":"post_tag","embeddable":true,"href":"https:\/\/agora.xtec.cat\/ceipbalmes\/wp-json\/wp\/v2\/tags?post=1141"}],"curies":[{"name":"wp","href":"https:\/\/api.w.org\/{rel}","templated":true}]}}