{"id":1136,"date":"2020-03-06T10:22:19","date_gmt":"2020-03-06T09:22:19","guid":{"rendered":"http:\/\/agora.xtec.cat\/ceipbalmes\/?p=1136"},"modified":"2020-03-06T10:23:02","modified_gmt":"2020-03-06T09:23:02","slug":"que-expliquem-a-les-nenes-i-nens-sobre-el-coronavirus","status":"publish","type":"post","link":"https:\/\/agora.xtec.cat\/ceipbalmes\/general\/que-expliquem-a-les-nenes-i-nens-sobre-el-coronavirus\/","title":{"rendered":"Qu\u00e8 expliquem a les nenes i nens sobre el coronavirus?"},"content":{"rendered":"<p>Els nostres infants poden estar preocupats davant not\u00edcies i informacions que reben i que sovint no entenen. Cal parlar amb ells i elles i poder respondre les seves preguntes en un llenguatge entenedor i clar. Potser darrerament algunes de les preguntes que poden sorgir \u00e9s saber qu\u00e8 \u00e9s el coronavirus, qu\u00e8 passa si et poses malalta, com ens podem protegir,&#8230; Us deixem algunes eines que us poden ajudar i orientar sobre com explicar-ho als nostres nens i nenes.<\/p>\n<p style=\"text-align: center;\"><iframe loading=\"lazy\" src=\"https:\/\/www.ccma.cat\/video\/embed\/super3\/6032280\/\" width=\"800px\" height=\"581px\" frameborder=\"0\"><\/iframe><br \/>\n<a href=\"https:\/\/agora.xtec.cat\/ceipbalmes\/wp-content\/uploads\/usu527\/2020\/03\/coronavirus.png\"><img loading=\"lazy\" decoding=\"async\" class=\"aligncenter wp-image-1137\" src=\"https:\/\/agora.xtec.cat\/ceipbalmes\/wp-content\/uploads\/usu527\/2020\/03\/coronavirus.png\" alt=\"\" width=\"719\" height=\"623\" srcset=\"https:\/\/agora.xtec.cat\/ceipbalmes\/wp-content\/uploads\/usu527\/2020\/03\/coronavirus.png 546w, https:\/\/agora.xtec.cat\/ceipbalmes\/wp-content\/uploads\/usu527\/2020\/03\/coronavirus-300x260.png 300w\" sizes=\"auto, (max-width: 719px) 100vw, 719px\" \/><\/a><\/p>\n<p style=\"text-align: center;\">Si voleu m\u00e9s informaci\u00f3 podeu consultar a l&#8217;enlla\u00e7 del <a href=\"http:\/\/canalsalut.gencat.cat\/ca\/salut-a-z\/c\/coronavirus-2019-ncov\/\">Canal Salut<\/a> de la Generalitat de Catalunya, que s&#8217;actualitza cont\u00ednuament.<\/p>\n","protected":false},"excerpt":{"rendered":"<p>Els nostres infants poden estar preocupats davant not\u00edcies i informacions que reben i que sovint no entenen. Cal parlar amb ells i elles i poder respondre les seves preguntes en un llenguatge entenedor i clar. Potser darrerament algunes de les preguntes que poden sorgir \u00e9s&hellip;  <a href=\"https:\/\/agora.xtec.cat\/ceipbalmes\/general\/que-expliquem-a-les-nenes-i-nens-sobre-el-coronavirus\/\" title=\"Read Qu\u00e8 expliquem a les nenes i nens sobre el coronavirus?\">Llegeix m\u00e9s\u00bb<\/a><\/p>\n","protected":false},"author":1,"featured_media":0,"comment_status":"open","ping_status":"closed","sticky":false,"template":"","format":"standard","meta":{"_bbp_topic_count":0,"_bbp_reply_count":0,"_bbp_total_topic_count":0,"_bbp_total_reply_count":0,"_bbp_voice_count":0,"_bbp_anonymous_reply_count":0,"_bbp_topic_count_hidden":0,"_bbp_reply_count_hidden":0,"_bbp_forum_subforum_count":0,"footnotes":""},"categories":[1],"tags":[],"class_list":["post-1136","post","type-post","status-publish","format-standard","hentry","category-general"],"post_mailing_queue_ids":[],"_links":{"self":[{"href":"https:\/\/agora.xtec.cat\/ceipbalmes\/wp-json\/wp\/v2\/posts\/1136","targetHints":{"allow":["GET"]}}],"collection":[{"href":"https:\/\/agora.xtec.cat\/ceipbalmes\/wp-json\/wp\/v2\/posts"}],"about":[{"href":"https:\/\/agora.xtec.cat\/ceipbalmes\/wp-json\/wp\/v2\/types\/post"}],"author":[{"embeddable":true,"href":"https:\/\/agora.xtec.cat\/ceipbalmes\/wp-json\/wp\/v2\/users\/1"}],"replies":[{"embeddable":true,"href":"https:\/\/agora.xtec.cat\/ceipbalmes\/wp-json\/wp\/v2\/comments?post=1136"}],"version-history":[{"count":3,"href":"https:\/\/agora.xtec.cat\/ceipbalmes\/wp-json\/wp\/v2\/posts\/1136\/revisions"}],"predecessor-version":[{"id":1140,"href":"https:\/\/agora.xtec.cat\/ceipbalmes\/wp-json\/wp\/v2\/posts\/1136\/revisions\/1140"}],"wp:attachment":[{"href":"https:\/\/agora.xtec.cat\/ceipbalmes\/wp-json\/wp\/v2\/media?parent=1136"}],"wp:term":[{"taxonomy":"category","embeddable":true,"href":"https:\/\/agora.xtec.cat\/ceipbalmes\/wp-json\/wp\/v2\/categories?post=1136"},{"taxonomy":"post_tag","embeddable":true,"href":"https:\/\/agora.xtec.cat\/ceipbalmes\/wp-json\/wp\/v2\/tags?post=1136"}],"curies":[{"name":"wp","href":"https:\/\/api.w.org\/{rel}","templated":true}]}}