{"id":1133,"date":"2020-03-02T14:19:52","date_gmt":"2020-03-02T13:19:52","guid":{"rendered":"http:\/\/agora.xtec.cat\/ceipbalmes\/?p=1133"},"modified":"2020-03-02T14:19:52","modified_gmt":"2020-03-02T13:19:52","slug":"eduquem-per-a-la-igualtat-de-genere","status":"publish","type":"post","link":"https:\/\/agora.xtec.cat\/ceipbalmes\/general\/eduquem-per-a-la-igualtat-de-genere\/","title":{"rendered":"EDUQUEM PER A LA IGUALTAT DE G\u00c8NERE"},"content":{"rendered":"<p>Educar per a la igualtat de g\u00e8nere vol dir promoure la inclusi\u00f3, el respecte i el reconeixement de les capacitat de cada persona i no acceptar els rols atribu\u00efts a les dones i els homes, influenciats per estereotips i prejudicis culturals.<\/p>\n<p>Molts d&#8217;aquests estereotips i prejudicis estan tan arrelats a la nostra societat, en la manera de parlar, en les expressions quotidianes,&#8230; que sovint no en som conscients. Reflexionem&#8217;hi, donat que les nostres nenes i nens es troben en un moment vital en el que construeixen la seva identitat i interpreten els rols de g\u00e8nere.<\/p>\n<p>Eduquem per a garantir que puguin recon\u00e8ixer i rebutjar els estereotips i les actituds discriminat\u00f2ries per ra\u00f3 de g\u00e8nere. Eduquem per a que puguin esdevenir persones respectuoses, reflexives, cr\u00edtiques, emprenedores.<\/p>\n<p>A continuaci\u00f3 us deixem un parell de v\u00eddeos breus per\u00f2 intensos, on escoltareu frases que probablement no us s\u00f3n del tot desconegudes. Seguim treballant plegades per a una societat m\u00e9s respectuosa, lliure i inclusiva!<\/p>\n<p style=\"text-align: center;\"><iframe loading=\"lazy\" src=\"https:\/\/www.youtube.com\/embed\/wl3CLakCZmA\" width=\"560\" height=\"315\" frameborder=\"0\"><\/iframe><\/p>\n<p style=\"text-align: center;\"><iframe loading=\"lazy\" src=\"https:\/\/www.youtube.com\/embed\/eKWSXBJIpyo\" width=\"560\" height=\"315\" frameborder=\"0\"><\/iframe><\/p>\n","protected":false},"excerpt":{"rendered":"<p>Educar per a la igualtat de g\u00e8nere vol dir promoure la inclusi\u00f3, el respecte i el reconeixement de les capacitat de cada persona i no acceptar els rols atribu\u00efts a les dones i els homes, influenciats per estereotips i prejudicis culturals.<br \/>\nMolts d&#8217;aquests estereotips i prejudicis&hellip;  <a href=\"https:\/\/agora.xtec.cat\/ceipbalmes\/general\/eduquem-per-a-la-igualtat-de-genere\/\" title=\"Read EDUQUEM PER A LA IGUALTAT DE G\u00c8NERE\">Llegeix m\u00e9s\u00bb<\/a><\/p>\n","protected":false},"author":1,"featured_media":1135,"comment_status":"open","ping_status":"closed","sticky":false,"template":"","format":"standard","meta":{"_bbp_topic_count":0,"_bbp_reply_count":0,"_bbp_total_topic_count":0,"_bbp_total_reply_count":0,"_bbp_voice_count":0,"_bbp_anonymous_reply_count":0,"_bbp_topic_count_hidden":0,"_bbp_reply_count_hidden":0,"_bbp_forum_subforum_count":0,"footnotes":""},"categories":[1],"tags":[],"class_list":["post-1133","post","type-post","status-publish","format-standard","has-post-thumbnail","hentry","category-general"],"post_mailing_queue_ids":[],"_links":{"self":[{"href":"https:\/\/agora.xtec.cat\/ceipbalmes\/wp-json\/wp\/v2\/posts\/1133","targetHints":{"allow":["GET"]}}],"collection":[{"href":"https:\/\/agora.xtec.cat\/ceipbalmes\/wp-json\/wp\/v2\/posts"}],"about":[{"href":"https:\/\/agora.xtec.cat\/ceipbalmes\/wp-json\/wp\/v2\/types\/post"}],"author":[{"embeddable":true,"href":"https:\/\/agora.xtec.cat\/ceipbalmes\/wp-json\/wp\/v2\/users\/1"}],"replies":[{"embeddable":true,"href":"https:\/\/agora.xtec.cat\/ceipbalmes\/wp-json\/wp\/v2\/comments?post=1133"}],"version-history":[{"count":1,"href":"https:\/\/agora.xtec.cat\/ceipbalmes\/wp-json\/wp\/v2\/posts\/1133\/revisions"}],"predecessor-version":[{"id":1134,"href":"https:\/\/agora.xtec.cat\/ceipbalmes\/wp-json\/wp\/v2\/posts\/1133\/revisions\/1134"}],"wp:featuredmedia":[{"embeddable":true,"href":"https:\/\/agora.xtec.cat\/ceipbalmes\/wp-json\/wp\/v2\/media\/1135"}],"wp:attachment":[{"href":"https:\/\/agora.xtec.cat\/ceipbalmes\/wp-json\/wp\/v2\/media?parent=1133"}],"wp:term":[{"taxonomy":"category","embeddable":true,"href":"https:\/\/agora.xtec.cat\/ceipbalmes\/wp-json\/wp\/v2\/categories?post=1133"},{"taxonomy":"post_tag","embeddable":true,"href":"https:\/\/agora.xtec.cat\/ceipbalmes\/wp-json\/wp\/v2\/tags?post=1133"}],"curies":[{"name":"wp","href":"https:\/\/api.w.org\/{rel}","templated":true}]}}