{"id":1124,"date":"2020-02-24T12:23:15","date_gmt":"2020-02-24T11:23:15","guid":{"rendered":"http:\/\/agora.xtec.cat\/ceipbalmes\/?p=1124"},"modified":"2020-02-24T12:26:02","modified_gmt":"2020-02-24T11:26:02","slug":"diploma-setmana-europea-per-a-la-prevencio-de-residus-2019","status":"publish","type":"post","link":"https:\/\/agora.xtec.cat\/ceipbalmes\/general\/diploma-setmana-europea-per-a-la-prevencio-de-residus-2019\/","title":{"rendered":"DIPLOMA Setmana Europeu de la Prevenci\u00f3 de Residus 2019"},"content":{"rendered":"<p style=\"text-align: center;\">L&#8217;Agencia Catalana de Residus ens ha atorgat un diploma per la nostra participaci\u00f3 a la Setmana Europea de la Prevenci\u00f3 de Residus!!<\/p>\n<p style=\"text-align: center;\">Si voleu descobrir en que va consistir la nostra proposta podeu consultar l&#8217;<a href=\"https:\/\/agora.xtec.cat\/ceipbalmes\/general\/setmana-europea-per-a-la-prevencio-de-residus\/\">article enlla\u00e7at<\/a>.\u00a0<a href=\"https:\/\/agora.xtec.cat\/ceipbalmes\/wp-content\/uploads\/usu527\/2020\/02\/Diploma-Setmana-Europea-2019.png\"><br \/>\n<img loading=\"lazy\" decoding=\"async\" class=\"size-large wp-image-1129 aligncenter\" src=\"https:\/\/agora.xtec.cat\/ceipbalmes\/wp-content\/uploads\/usu527\/2020\/02\/Diploma-Setmana-Europea-2019-1024x723.png\" alt=\"\" width=\"1024\" height=\"723\" srcset=\"https:\/\/agora.xtec.cat\/ceipbalmes\/wp-content\/uploads\/usu527\/2020\/02\/Diploma-Setmana-Europea-2019-1024x723.png 1024w, https:\/\/agora.xtec.cat\/ceipbalmes\/wp-content\/uploads\/usu527\/2020\/02\/Diploma-Setmana-Europea-2019-300x212.png 300w, https:\/\/agora.xtec.cat\/ceipbalmes\/wp-content\/uploads\/usu527\/2020\/02\/Diploma-Setmana-Europea-2019-768x542.png 768w, https:\/\/agora.xtec.cat\/ceipbalmes\/wp-content\/uploads\/usu527\/2020\/02\/Diploma-Setmana-Europea-2019.png 1258w\" sizes=\"auto, (max-width: 1024px) 100vw, 1024px\" \/><\/a><\/p>\n<p style=\"text-align: center;\">A la seg\u00fcent infografia podeu veure un resum del nombre d&#8217;accions registrades i l&#8217;estimaci\u00f3 en Kg dels residus evitats:<\/p>\n<p><a href=\"https:\/\/agora.xtec.cat\/ceipbalmes\/wp-content\/uploads\/usu527\/2020\/02\/infografia-setmana-2019.png\"><img loading=\"lazy\" decoding=\"async\" class=\"aligncenter size-full wp-image-1128\" src=\"https:\/\/agora.xtec.cat\/ceipbalmes\/wp-content\/uploads\/usu527\/2020\/02\/infografia-setmana-2019.png\" alt=\"\" width=\"903\" height=\"906\" srcset=\"https:\/\/agora.xtec.cat\/ceipbalmes\/wp-content\/uploads\/usu527\/2020\/02\/infografia-setmana-2019.png 903w, https:\/\/agora.xtec.cat\/ceipbalmes\/wp-content\/uploads\/usu527\/2020\/02\/infografia-setmana-2019-150x150.png 150w, https:\/\/agora.xtec.cat\/ceipbalmes\/wp-content\/uploads\/usu527\/2020\/02\/infografia-setmana-2019-300x300.png 300w, https:\/\/agora.xtec.cat\/ceipbalmes\/wp-content\/uploads\/usu527\/2020\/02\/infografia-setmana-2019-768x771.png 768w\" sizes=\"auto, (max-width: 903px) 100vw, 903px\" \/><\/a><\/p>\n<p style=\"text-align: center;\">A continuaci\u00f3 tamb\u00e9 teniu el v\u00eddeo resum de totes les entitats que van participar en la campanya al nostre territori (l&#8217;escola apareix al minut 1:58), entre totes podem!!<\/p>\n<p style=\"text-align: center;\"><iframe loading=\"lazy\" src=\"https:\/\/www.youtube.com\/embed\/WmgifRGnEZU\" width=\"560\" height=\"315\" frameborder=\"0\" allowfullscreen=\"allowfullscreen\"><\/iframe><\/p>\n<p style=\"text-align: center;\"><strong>#encara-hi-som-a-temps-que-fem<\/strong><\/p>\n","protected":false},"excerpt":{"rendered":"<p>L&#8217;Agencia Catalana de Residus ens ha atorgat un diploma per la nostra participaci\u00f3 a la Setmana Europea de la Prevenci\u00f3 de Residus!!<br \/>\nSi voleu descobrir en que va consistir la nostra proposta podeu consultar l&#8217;<a href=\"https:\/\/agora.xtec.cat\/ceipbalmes\/general\/setmana-europea-per-a-la-prevencio-de-residus\/\">article enlla\u00e7at<\/a>.\u00a0<a href=\"https:\/\/agora.xtec.cat\/ceipbalmes\/wp-content\/uploads\/usu527\/2020\/02\/Diploma-Setmana-Europea-2019.png\"><br \/>\n<\/a><br \/>\nA la seg\u00fcent infografia podeu veure un resum del&hellip;  <a href=\"https:\/\/agora.xtec.cat\/ceipbalmes\/general\/diploma-setmana-europea-per-a-la-prevencio-de-residus-2019\/\" title=\"Read DIPLOMA Setmana Europeu de la Prevenci\u00f3 de Residus 2019\">Llegeix m\u00e9s\u00bb<\/a><\/p>\n","protected":false},"author":1,"featured_media":1131,"comment_status":"open","ping_status":"closed","sticky":false,"template":"","format":"standard","meta":{"_bbp_topic_count":0,"_bbp_reply_count":0,"_bbp_total_topic_count":0,"_bbp_total_reply_count":0,"_bbp_voice_count":0,"_bbp_anonymous_reply_count":0,"_bbp_topic_count_hidden":0,"_bbp_reply_count_hidden":0,"_bbp_forum_subforum_count":0,"footnotes":""},"categories":[1],"tags":[],"class_list":["post-1124","post","type-post","status-publish","format-standard","has-post-thumbnail","hentry","category-general"],"post_mailing_queue_ids":[],"_links":{"self":[{"href":"https:\/\/agora.xtec.cat\/ceipbalmes\/wp-json\/wp\/v2\/posts\/1124","targetHints":{"allow":["GET"]}}],"collection":[{"href":"https:\/\/agora.xtec.cat\/ceipbalmes\/wp-json\/wp\/v2\/posts"}],"about":[{"href":"https:\/\/agora.xtec.cat\/ceipbalmes\/wp-json\/wp\/v2\/types\/post"}],"author":[{"embeddable":true,"href":"https:\/\/agora.xtec.cat\/ceipbalmes\/wp-json\/wp\/v2\/users\/1"}],"replies":[{"embeddable":true,"href":"https:\/\/agora.xtec.cat\/ceipbalmes\/wp-json\/wp\/v2\/comments?post=1124"}],"version-history":[{"count":3,"href":"https:\/\/agora.xtec.cat\/ceipbalmes\/wp-json\/wp\/v2\/posts\/1124\/revisions"}],"predecessor-version":[{"id":1132,"href":"https:\/\/agora.xtec.cat\/ceipbalmes\/wp-json\/wp\/v2\/posts\/1124\/revisions\/1132"}],"wp:featuredmedia":[{"embeddable":true,"href":"https:\/\/agora.xtec.cat\/ceipbalmes\/wp-json\/wp\/v2\/media\/1131"}],"wp:attachment":[{"href":"https:\/\/agora.xtec.cat\/ceipbalmes\/wp-json\/wp\/v2\/media?parent=1124"}],"wp:term":[{"taxonomy":"category","embeddable":true,"href":"https:\/\/agora.xtec.cat\/ceipbalmes\/wp-json\/wp\/v2\/categories?post=1124"},{"taxonomy":"post_tag","embeddable":true,"href":"https:\/\/agora.xtec.cat\/ceipbalmes\/wp-json\/wp\/v2\/tags?post=1124"}],"curies":[{"name":"wp","href":"https:\/\/api.w.org\/{rel}","templated":true}]}}