{"id":1047,"date":"2019-11-18T16:35:42","date_gmt":"2019-11-18T15:35:42","guid":{"rendered":"http:\/\/agora.xtec.cat\/ceipbalmes\/?p=1047"},"modified":"2020-02-19T12:58:47","modified_gmt":"2020-02-19T11:58:47","slug":"setmana-europea-per-a-la-prevencio-de-residus","status":"publish","type":"post","link":"https:\/\/agora.xtec.cat\/ceipbalmes\/general\/setmana-europea-per-a-la-prevencio-de-residus\/","title":{"rendered":"SETMANA EUROPEA PER A LA PREVENCI\u00d3 DE RESIDUS"},"content":{"rendered":"<p style=\"text-align: center;\"><b>CANVIA ELS TEUS H\u00c0BITS, REDUEIX ELS TEUS RESIDUS<\/b><\/p>\n<p><span style=\"font-weight: 400;\">Com ja sabeu l\u2019Escola Jaume Balmes est\u00e0 adscrita al Manifest <\/span><a href=\"https:\/\/agora.xtec.cat\/ceipbalmes\/general\/centre-educatiu-pel-clima\/\"><span style=\"font-weight: 400;\">Centre Educatiu pel Clima<\/span><\/a><span style=\"font-weight: 400;\">.\u00a0 En aquest sentit una de les iniciatives que hem volgut impulsar aquest curs 2019\/20 ha estat la reducci\u00f3 de residus a l&#8217;escola. Per aquest motiu vam iniciar la campanya <\/span><a href=\"http:\/\/educandoenmedioambiente.blogspot.com\/p\/programa-meriendas-r.html\"><span style=\"font-weight: 400;\">Esbarjo Residu Zero<\/span><\/a><span style=\"font-weight: 400;\">, amb la que participem dins de l&#8217;agenda d&#8217;activitats de la <\/span><a href=\"http:\/\/residus.gencat.cat\/ca\/ambits_dactuacio\/prevencio\/setmana_europea\/\"><span style=\"font-weight: 400;\">Setmana Europea per la Prevenci\u00f3 de Residus<\/span><\/a><span style=\"font-weight: 400;\"> (tot i que en el nostre cas \u00e9s una proposta que desenvolupem al llarg de tot el curs escolar).<\/span><\/p>\n<p style=\"text-align: center;\"><strong>#encara-hi-som-a-temps-que-fem<\/strong><\/p>\n<p style=\"text-align: center;\"><a href=\"https:\/\/agora.xtec.cat\/ceipbalmes\/wp-content\/uploads\/usu527\/2019\/11\/SETMANA-EUROPEA-PREVENCI\u00d3-RESIDUS-1.png\"><img loading=\"lazy\" decoding=\"async\" class=\"alignnone size-full wp-image-1049\" src=\"https:\/\/agora.xtec.cat\/ceipbalmes\/wp-content\/uploads\/usu527\/2019\/11\/SETMANA-EUROPEA-PREVENCI\u00d3-RESIDUS-1.png\" alt=\"\" width=\"575\" height=\"848\" srcset=\"https:\/\/agora.xtec.cat\/ceipbalmes\/wp-content\/uploads\/usu527\/2019\/11\/SETMANA-EUROPEA-PREVENCI\u00d3-RESIDUS-1.png 575w, https:\/\/agora.xtec.cat\/ceipbalmes\/wp-content\/uploads\/usu527\/2019\/11\/SETMANA-EUROPEA-PREVENCI\u00d3-RESIDUS-1-203x300.png 203w\" sizes=\"auto, (max-width: 575px) 100vw, 575px\" \/><\/a><\/p>\n<p><span style=\"font-weight: 400;\">El millor residu \u00e9s aquell que no es genera i, avui m\u00e9s que mai, la reducci\u00f3 dels residus \u00e9s una necessitat social, econ\u00f2mica i ambiental. Com a comunitat educativa considerem imprescindible adoptar m\u00e8todes i h\u00e0bits de consum m\u00e9s sostenibles, educant en valors respectuosos amb el nostre entorn.<\/span><\/p>\n<p><span style=\"font-weight: 400;\">\u00c9s per aix\u00f2 que aquesta setmana volem compartir amb vosaltres idees per tal de reduir la quantitat de residus que generem en els nostres h\u00e0bits diaris, especialment els envasos d&#8217;un sol \u00fas, el paper d&#8217;alumini i els embolcalls pl\u00e0stics. Podeu seguir les propostes a trav\u00e9s de les nostres xarxes socials <\/span><a href=\"https:\/\/www.instagram.com\/balmes_castellbell\"><span style=\"font-weight: 400;\">Instagram<\/span><\/a><span style=\"font-weight: 400;\"> i <\/span><a href=\"https:\/\/www.facebook.com\/profile.php?id=100022636184535\"><span style=\"font-weight: 400;\">Facebook<\/span><\/a><span style=\"font-weight: 400;\">.\u00a0<\/span><\/p>\n","protected":false},"excerpt":{"rendered":"<p>CANVIA ELS TEUS H\u00c0BITS, REDUEIX ELS TEUS RESIDUS<br \/>\nCom ja sabeu l\u2019Escola Jaume Balmes est\u00e0 adscrita al Manifest <a href=\"https:\/\/agora.xtec.cat\/ceipbalmes\/general\/centre-educatiu-pel-clima\/\">Centre Educatiu pel Clima<\/a>.\u00a0 En aquest sentit una de les iniciatives que hem volgut impulsar aquest curs 2019\/20 ha estat la reducci\u00f3 de residus a l&#8217;escola. Per&hellip;  <a href=\"https:\/\/agora.xtec.cat\/ceipbalmes\/general\/setmana-europea-per-a-la-prevencio-de-residus\/\" title=\"Read SETMANA EUROPEA PER A LA PREVENCI\u00d3 DE RESIDUS\">Llegeix m\u00e9s\u00bb<\/a><\/p>\n","protected":false},"author":1,"featured_media":241,"comment_status":"open","ping_status":"closed","sticky":false,"template":"","format":"standard","meta":{"_bbp_topic_count":0,"_bbp_reply_count":0,"_bbp_total_topic_count":0,"_bbp_total_reply_count":0,"_bbp_voice_count":0,"_bbp_anonymous_reply_count":0,"_bbp_topic_count_hidden":0,"_bbp_reply_count_hidden":0,"_bbp_forum_subforum_count":0,"footnotes":""},"categories":[1],"tags":[],"class_list":["post-1047","post","type-post","status-publish","format-standard","has-post-thumbnail","hentry","category-general"],"post_mailing_queue_ids":[],"_links":{"self":[{"href":"https:\/\/agora.xtec.cat\/ceipbalmes\/wp-json\/wp\/v2\/posts\/1047","targetHints":{"allow":["GET"]}}],"collection":[{"href":"https:\/\/agora.xtec.cat\/ceipbalmes\/wp-json\/wp\/v2\/posts"}],"about":[{"href":"https:\/\/agora.xtec.cat\/ceipbalmes\/wp-json\/wp\/v2\/types\/post"}],"author":[{"embeddable":true,"href":"https:\/\/agora.xtec.cat\/ceipbalmes\/wp-json\/wp\/v2\/users\/1"}],"replies":[{"embeddable":true,"href":"https:\/\/agora.xtec.cat\/ceipbalmes\/wp-json\/wp\/v2\/comments?post=1047"}],"version-history":[{"count":2,"href":"https:\/\/agora.xtec.cat\/ceipbalmes\/wp-json\/wp\/v2\/posts\/1047\/revisions"}],"predecessor-version":[{"id":1121,"href":"https:\/\/agora.xtec.cat\/ceipbalmes\/wp-json\/wp\/v2\/posts\/1047\/revisions\/1121"}],"wp:featuredmedia":[{"embeddable":true,"href":"https:\/\/agora.xtec.cat\/ceipbalmes\/wp-json\/wp\/v2\/media\/241"}],"wp:attachment":[{"href":"https:\/\/agora.xtec.cat\/ceipbalmes\/wp-json\/wp\/v2\/media?parent=1047"}],"wp:term":[{"taxonomy":"category","embeddable":true,"href":"https:\/\/agora.xtec.cat\/ceipbalmes\/wp-json\/wp\/v2\/categories?post=1047"},{"taxonomy":"post_tag","embeddable":true,"href":"https:\/\/agora.xtec.cat\/ceipbalmes\/wp-json\/wp\/v2\/tags?post=1047"}],"curies":[{"name":"wp","href":"https:\/\/api.w.org\/{rel}","templated":true}]}}