{"id":1030,"date":"2019-10-14T14:13:40","date_gmt":"2019-10-14T12:13:40","guid":{"rendered":"http:\/\/agora.xtec.cat\/ceipbalmes\/?p=1030"},"modified":"2020-02-19T12:59:26","modified_gmt":"2020-02-19T11:59:26","slug":"centre-educatiu-pel-clima","status":"publish","type":"post","link":"https:\/\/agora.xtec.cat\/ceipbalmes\/general\/centre-educatiu-pel-clima\/","title":{"rendered":"CENTRE EDUCATIU PEL CLIMA"},"content":{"rendered":"<p>El Consell Escolar de l&#8217;Escola Jaume Balmes ha signat l&#8217;<a href=\"https:\/\/agora.xtec.cat\/ceipbalmes\/wp-content\/uploads\/usu527\/2019\/10\/ADHESI\u00d3-CENTRE-ED.-PEL-CLIMA.pdf\">ADHESI\u00d3 AL MANIFEST D&#8217;EMERG\u00c8NCIA CLIM\u00c0TICA<\/a>, proclamant-se com a <strong>Centre Educatiu pel Clima<\/strong>.<\/p>\n<p style=\"text-align: center;\"><a href=\"https:\/\/agora.xtec.cat\/ceipbalmes\/wp-content\/uploads\/usu527\/2019\/10\/Manifest-CENTRE-ED.-PEL-CLIMA-1.png\"><img loading=\"lazy\" decoding=\"async\" class=\"alignnone wp-image-1033\" src=\"https:\/\/agora.xtec.cat\/ceipbalmes\/wp-content\/uploads\/usu527\/2019\/10\/Manifest-CENTRE-ED.-PEL-CLIMA-1.png\" alt=\"\" width=\"688\" height=\"1052\" srcset=\"https:\/\/agora.xtec.cat\/ceipbalmes\/wp-content\/uploads\/usu527\/2019\/10\/Manifest-CENTRE-ED.-PEL-CLIMA-1.png 487w, https:\/\/agora.xtec.cat\/ceipbalmes\/wp-content\/uploads\/usu527\/2019\/10\/Manifest-CENTRE-ED.-PEL-CLIMA-1-196x300.png 196w\" sizes=\"auto, (max-width: 688px) 100vw, 688px\" \/><\/a><\/p>\n<p>Aquest Manifest neix de la iniciativa de <a href=\"https:\/\/teachersforfuturespain.org\/28-000-por-el-clima\/\">Teachers for Future<\/a> de promoure accions educatives dins i fora de les aules a l&#8217;entorn natural m\u00e9s proper, que fomentin el contacte directe dels i de les alumnes amb el mateix. D&#8217;altra banda es conegut que la conscienciaci\u00f3 dels nostres infants reverteix a les fam\u00edlies, provocant canvis d&#8217;h\u00e0bits i reflexi\u00f3 tamb\u00e9 en els adults.<\/p>\n<p>Per aquest motiu l&#8217;escola tamb\u00e9 participa en la campanya <a href=\"http:\/\/educandoenmedioambiente.blogspot.com\/p\/programa-meriendas-r.html\"><strong>Esbarjo Residu Zero<\/strong><\/a>, que pret\u00e9n reduir la quantitat de residus que generem amb els nostres esmorzars. Cada dia es fa un registre de les deixalles generades a cada aula, classificant-les i comptabilitzant-les, amb l&#8217;objectiu de poder veure com hem aconseguit reduir-les a mesura que avanci el curs. Us seguirem informant!<\/p>\n<p style=\"text-align: center;\"><strong>#encara-hi-som-a-temps-que-fem<\/strong><\/p>\n","protected":false},"excerpt":{"rendered":"<p>El Consell Escolar de l&#8217;Escola Jaume Balmes ha signat l&#8217;<a href=\"https:\/\/agora.xtec.cat\/ceipbalmes\/wp-content\/uploads\/usu527\/2019\/10\/ADHESI\u00d3-CENTRE-ED.-PEL-CLIMA.pdf\">ADHESI\u00d3 AL MANIFEST D&#8217;EMERG\u00c8NCIA CLIM\u00c0TICA<\/a>, proclamant-se com a Centre Educatiu pel Clima.<br \/>\n<a href=\"https:\/\/agora.xtec.cat\/ceipbalmes\/wp-content\/uploads\/usu527\/2019\/10\/Manifest-CENTRE-ED.-PEL-CLIMA-1.png\"><\/a><br \/>\nAquest Manifest neix de la iniciativa de <a href=\"https:\/\/teachersforfuturespain.org\/28-000-por-el-clima\/\">Teachers for Future<\/a> de promoure accions educatives dins i fora de les aules a l&#8217;entorn&hellip;  <a href=\"https:\/\/agora.xtec.cat\/ceipbalmes\/general\/centre-educatiu-pel-clima\/\" title=\"Read CENTRE EDUCATIU PEL CLIMA\">Llegeix m\u00e9s\u00bb<\/a><\/p>\n","protected":false},"author":1,"featured_media":241,"comment_status":"open","ping_status":"closed","sticky":false,"template":"","format":"standard","meta":{"_bbp_topic_count":0,"_bbp_reply_count":0,"_bbp_total_topic_count":0,"_bbp_total_reply_count":0,"_bbp_voice_count":0,"_bbp_anonymous_reply_count":0,"_bbp_topic_count_hidden":0,"_bbp_reply_count_hidden":0,"_bbp_forum_subforum_count":0,"footnotes":""},"categories":[1],"tags":[],"class_list":["post-1030","post","type-post","status-publish","format-standard","has-post-thumbnail","hentry","category-general"],"post_mailing_queue_ids":[],"_links":{"self":[{"href":"https:\/\/agora.xtec.cat\/ceipbalmes\/wp-json\/wp\/v2\/posts\/1030","targetHints":{"allow":["GET"]}}],"collection":[{"href":"https:\/\/agora.xtec.cat\/ceipbalmes\/wp-json\/wp\/v2\/posts"}],"about":[{"href":"https:\/\/agora.xtec.cat\/ceipbalmes\/wp-json\/wp\/v2\/types\/post"}],"author":[{"embeddable":true,"href":"https:\/\/agora.xtec.cat\/ceipbalmes\/wp-json\/wp\/v2\/users\/1"}],"replies":[{"embeddable":true,"href":"https:\/\/agora.xtec.cat\/ceipbalmes\/wp-json\/wp\/v2\/comments?post=1030"}],"version-history":[{"count":2,"href":"https:\/\/agora.xtec.cat\/ceipbalmes\/wp-json\/wp\/v2\/posts\/1030\/revisions"}],"predecessor-version":[{"id":1122,"href":"https:\/\/agora.xtec.cat\/ceipbalmes\/wp-json\/wp\/v2\/posts\/1030\/revisions\/1122"}],"wp:featuredmedia":[{"embeddable":true,"href":"https:\/\/agora.xtec.cat\/ceipbalmes\/wp-json\/wp\/v2\/media\/241"}],"wp:attachment":[{"href":"https:\/\/agora.xtec.cat\/ceipbalmes\/wp-json\/wp\/v2\/media?parent=1030"}],"wp:term":[{"taxonomy":"category","embeddable":true,"href":"https:\/\/agora.xtec.cat\/ceipbalmes\/wp-json\/wp\/v2\/categories?post=1030"},{"taxonomy":"post_tag","embeddable":true,"href":"https:\/\/agora.xtec.cat\/ceipbalmes\/wp-json\/wp\/v2\/tags?post=1030"}],"curies":[{"name":"wp","href":"https:\/\/api.w.org\/{rel}","templated":true}]}}