{"id":1027,"date":"2019-10-14T10:39:42","date_gmt":"2019-10-14T08:39:42","guid":{"rendered":"http:\/\/agora.xtec.cat\/ceipbalmes\/?p=1027"},"modified":"2019-10-14T11:53:48","modified_gmt":"2019-10-14T09:53:48","slug":"5e-concurs-fotografic-castanyada-2019","status":"publish","type":"post","link":"https:\/\/agora.xtec.cat\/ceipbalmes\/general\/5e-concurs-fotografic-castanyada-2019\/","title":{"rendered":"5\u00e8 CONCURS FOTOGR\u00c0FIC CASTANYADA 2019"},"content":{"rendered":"<p style=\"text-align: center;\"><a href=\"https:\/\/agora.xtec.cat\/ceipbalmes\/wp-content\/uploads\/usu527\/2019\/10\/concurs-castanyada.jpg\"><img loading=\"lazy\" decoding=\"async\" class=\"alignnone size-full wp-image-1028\" src=\"https:\/\/agora.xtec.cat\/ceipbalmes\/wp-content\/uploads\/usu527\/2019\/10\/concurs-castanyada.jpg\" alt=\"\" width=\"960\" height=\"960\" srcset=\"https:\/\/agora.xtec.cat\/ceipbalmes\/wp-content\/uploads\/usu527\/2019\/10\/concurs-castanyada.jpg 960w, https:\/\/agora.xtec.cat\/ceipbalmes\/wp-content\/uploads\/usu527\/2019\/10\/concurs-castanyada-150x150.jpg 150w, https:\/\/agora.xtec.cat\/ceipbalmes\/wp-content\/uploads\/usu527\/2019\/10\/concurs-castanyada-300x300.jpg 300w, https:\/\/agora.xtec.cat\/ceipbalmes\/wp-content\/uploads\/usu527\/2019\/10\/concurs-castanyada-768x768.jpg 768w\" sizes=\"auto, (max-width: 960px) 100vw, 960px\" \/><\/a><\/p>\n<p style=\"text-align: center;\"><span class=\"_5mfr\"><span class=\"_6qdm\">??<\/span><\/span>FAM\u00cdLIES DE LA BALMES: Us convidem a participar en el 5\u00e8 concurs de fotografia per la Castanyada!!<\/p>\n<p>BASES A SEGUIR:<br \/>\nEnguany el concurs per motius mediambientals ser\u00e0 en format digital. Hi haur\u00e0 dues formes de presentaci\u00f3:<br \/>\n&#8211; via correu electr\u00f2nic amb l\u2019adre\u00e7a info@balmescastellbell.cat<br \/>\n&#8211; via Instagram amb al \u201chashtag\u201d\u00a0<a class=\"_58cn\" href=\"https:\/\/www.facebook.com\/hashtag\/mareterrabalmes?source=feed_text&amp;epa=HASHTAG\" data-ft=\"{&quot;type&quot;:104,&quot;tn&quot;:&quot;*N&quot;}\"><span class=\"_5afx\"><span class=\"_58cl _5afz\" aria-label=\"hashtag\">#<\/span><span class=\"_58cm\">MareTerraBalmes<\/span><\/span><\/a>.<span class=\"text_exposed_show\"><br \/>\nTotes les fotografies rebudes seran publicades a la web del centre. En cas que un nen\/a aparegui en la fotografia ha de tenir signada l\u2019autoritzaci\u00f3 de l\u2019\u00fas d\u2019imatge.<br \/>\nCaracter\u00edstiques: es valorar\u00e0 l\u2019originalitat, la qualitat i la participaci\u00f3 dels infants.<br \/>\nTermini: Dimecres 23 d\u2019octubre.<br \/>\n<\/span><\/p>\n<p><span class=\"text_exposed_show\">QUINA SER\u00c0 LA TEM\u00c0TICA?<br \/>\nLa tem\u00e0tica a seguir ser\u00e0 \u201cCuidem la Mare Terra\u201d. Deixa volar la teva imaginaci\u00f3!<br \/>\n<\/span><\/p>\n<p><span class=\"text_exposed_show\">QUI POT PARTICIPAR?<br \/>\nQualsevol persona relacionada amb l&#8217;escola: alumnes, ex-alumnes, pares i mares, \u00e0vies i avis, tiets i tietes, germans, mestres, amics i coneguts&#8230;<br \/>\n<\/span><\/p>\n<p><span class=\"text_exposed_show\">QUINES S\u00d3N LES CATEGORIES?<br \/>\nA l\u2019obra m\u00e9s ORIGINAL, a la m\u00e9s DIVERTIDA i a la m\u00e9s ART\u00cdSTICA.<br \/>\nLes fam\u00edlies guanyadores rebran un petit detall de tardor<span class=\"_5mfr\"><span class=\"_6qdm\">?<\/span><\/span><span class=\"_5mfr\"><span class=\"_6qdm\">?<\/span><\/span><span class=\"_5mfr\"><span class=\"_6qdm\">?<\/span><\/span><span class=\"_5mfr\"><span class=\"_6qdm\">?<\/span><\/span><span class=\"_5mfr\"><span class=\"_6qdm\">?<\/span><\/span><span class=\"_5mfr\"><span class=\"_6qdm\">?<\/span><\/span><\/span><\/p>\n","protected":false},"excerpt":{"rendered":"<p><a href=\"https:\/\/agora.xtec.cat\/ceipbalmes\/wp-content\/uploads\/usu527\/2019\/10\/concurs-castanyada.jpg\"><\/a><br \/>\n??FAM\u00cdLIES DE LA BALMES: Us convidem a participar en el 5\u00e8 concurs de fotografia per la Castanyada!!<br \/>\nBASES A SEGUIR:<br \/>\nEnguany el concurs per motius mediambientals ser\u00e0 en format digital. Hi haur\u00e0 dues formes de presentaci\u00f3:<br \/>\n&#8211; via correu electr\u00f2nic amb l\u2019adre\u00e7a info@balmescastellbell.cat<br \/>\n&#8211; via Instagram amb al&hellip;  <a href=\"https:\/\/agora.xtec.cat\/ceipbalmes\/general\/5e-concurs-fotografic-castanyada-2019\/\" title=\"Read 5\u00e8 CONCURS FOTOGR\u00c0FIC CASTANYADA 2019\">Llegeix m\u00e9s\u00bb<\/a><\/p>\n","protected":false},"author":1,"featured_media":0,"comment_status":"open","ping_status":"closed","sticky":false,"template":"","format":"standard","meta":{"_bbp_topic_count":0,"_bbp_reply_count":0,"_bbp_total_topic_count":0,"_bbp_total_reply_count":0,"_bbp_voice_count":0,"_bbp_anonymous_reply_count":0,"_bbp_topic_count_hidden":0,"_bbp_reply_count_hidden":0,"_bbp_forum_subforum_count":0,"footnotes":""},"categories":[1],"tags":[],"class_list":["post-1027","post","type-post","status-publish","format-standard","hentry","category-general"],"post_mailing_queue_ids":[],"_links":{"self":[{"href":"https:\/\/agora.xtec.cat\/ceipbalmes\/wp-json\/wp\/v2\/posts\/1027","targetHints":{"allow":["GET"]}}],"collection":[{"href":"https:\/\/agora.xtec.cat\/ceipbalmes\/wp-json\/wp\/v2\/posts"}],"about":[{"href":"https:\/\/agora.xtec.cat\/ceipbalmes\/wp-json\/wp\/v2\/types\/post"}],"author":[{"embeddable":true,"href":"https:\/\/agora.xtec.cat\/ceipbalmes\/wp-json\/wp\/v2\/users\/1"}],"replies":[{"embeddable":true,"href":"https:\/\/agora.xtec.cat\/ceipbalmes\/wp-json\/wp\/v2\/comments?post=1027"}],"version-history":[{"count":1,"href":"https:\/\/agora.xtec.cat\/ceipbalmes\/wp-json\/wp\/v2\/posts\/1027\/revisions"}],"predecessor-version":[{"id":1029,"href":"https:\/\/agora.xtec.cat\/ceipbalmes\/wp-json\/wp\/v2\/posts\/1027\/revisions\/1029"}],"wp:attachment":[{"href":"https:\/\/agora.xtec.cat\/ceipbalmes\/wp-json\/wp\/v2\/media?parent=1027"}],"wp:term":[{"taxonomy":"category","embeddable":true,"href":"https:\/\/agora.xtec.cat\/ceipbalmes\/wp-json\/wp\/v2\/categories?post=1027"},{"taxonomy":"post_tag","embeddable":true,"href":"https:\/\/agora.xtec.cat\/ceipbalmes\/wp-json\/wp\/v2\/tags?post=1027"}],"curies":[{"name":"wp","href":"https:\/\/api.w.org\/{rel}","templated":true}]}}