{"id":1020,"date":"2019-09-19T12:33:35","date_gmt":"2019-09-19T10:33:35","guid":{"rendered":"http:\/\/agora.xtec.cat\/ceipbalmes\/?p=1020"},"modified":"2020-02-19T13:00:05","modified_gmt":"2020-02-19T12:00:05","slug":"setmana-pel-clima","status":"publish","type":"post","link":"https:\/\/agora.xtec.cat\/ceipbalmes\/general\/setmana-pel-clima\/","title":{"rendered":"SETMANA PEL CLIMA"},"content":{"rendered":"<p>Del 23 al 27 de setembre la Jaume Balmes es suma a la SETMANA INTERNACIONAL PEL CLIMA , a partir de les propostes de <a href=\"https:\/\/teachersforfuturespain.org\/\">Teachers for Future<\/a>:<\/p>\n<ul>\n<li>DILLUNS, dia 23:\u00a0 Minut de silenci per la Terra (meditaci\u00f3-visualitzaci\u00f3 guiada amb els m\u00e9s petits)<\/li>\n<li>DIMARTS, dia 24: Portar una samarreta de color verd a l&#8217;escola<\/li>\n<li>DIMECRES, dia 25: V\u00eddeo f\u00f2rum a les aules a partir d\u2019un curtmetratge<\/li>\n<li>DIJOUS, dia 26: Realitzaci\u00f3 de cartells pel clima<\/li>\n<li>DIVENDRES, dia 27: Lectura i exposici\u00f3 conjunta al pati de l&#8217;escola dels cartells realitzats el dia anterior<\/li>\n<\/ul>\n<p><img decoding=\"async\" class=\"aligncenter\" src=\"https:\/\/i1.wp.com\/teachersforfuturespain.org\/wp-content\/uploads\/2019\/08\/HUELGA-POR-EL-CLIMA.png?fit=525%2C743&amp;ssl=1\" \/><\/p>\n<p style=\"text-align: center;\"><strong>#encara-hi-som-a-temps-que-fem<\/strong><\/p>\n<p>&nbsp;<\/p>\n<p>&nbsp;<\/p>\n","protected":false},"excerpt":{"rendered":"<p>Del 23 al 27 de setembre la Jaume Balmes es suma a la SETMANA INTERNACIONAL PEL CLIMA , a partir de les propostes de <a href=\"https:\/\/teachersforfuturespain.org\/\">Teachers for Future<\/a>:<\/p>\n<ul>\n<li>DILLUNS, dia 23:\u00a0 Minut de silenci per la Terra (meditaci\u00f3-visualitzaci\u00f3 guiada amb els m\u00e9s petits)<\/li>\n<li>DIMARTS, dia 24: Portar&hellip;  <a href=\"https:\/\/agora.xtec.cat\/ceipbalmes\/general\/setmana-pel-clima\/\" title=\"Read SETMANA PEL CLIMA\">Llegeix m\u00e9s\u00bb<\/a><br \/>\n","protected":false},"author":1,"featured_media":1021,"comment_status":"open","ping_status":"closed","sticky":false,"template":"","format":"standard","meta":{"_bbp_topic_count":0,"_bbp_reply_count":0,"_bbp_total_topic_count":0,"_bbp_total_reply_count":0,"_bbp_voice_count":0,"_bbp_anonymous_reply_count":0,"_bbp_topic_count_hidden":0,"_bbp_reply_count_hidden":0,"_bbp_forum_subforum_count":0,"footnotes":""},"categories":[1],"tags":[],"class_list":["post-1020","post","type-post","status-publish","format-standard","has-post-thumbnail","hentry","category-general"],"post_mailing_queue_ids":[],"_links":{"self":[{"href":"https:\/\/agora.xtec.cat\/ceipbalmes\/wp-json\/wp\/v2\/posts\/1020","targetHints":{"allow":["GET"]}}],"collection":[{"href":"https:\/\/agora.xtec.cat\/ceipbalmes\/wp-json\/wp\/v2\/posts"}],"about":[{"href":"https:\/\/agora.xtec.cat\/ceipbalmes\/wp-json\/wp\/v2\/types\/post"}],"author":[{"embeddable":true,"href":"https:\/\/agora.xtec.cat\/ceipbalmes\/wp-json\/wp\/v2\/users\/1"}],"replies":[{"embeddable":true,"href":"https:\/\/agora.xtec.cat\/ceipbalmes\/wp-json\/wp\/v2\/comments?post=1020"}],"version-history":[{"count":2,"href":"https:\/\/agora.xtec.cat\/ceipbalmes\/wp-json\/wp\/v2\/posts\/1020\/revisions"}],"predecessor-version":[{"id":1123,"href":"https:\/\/agora.xtec.cat\/ceipbalmes\/wp-json\/wp\/v2\/posts\/1020\/revisions\/1123"}],"wp:featuredmedia":[{"embeddable":true,"href":"https:\/\/agora.xtec.cat\/ceipbalmes\/wp-json\/wp\/v2\/media\/1021"}],"wp:attachment":[{"href":"https:\/\/agora.xtec.cat\/ceipbalmes\/wp-json\/wp\/v2\/media?parent=1020"}],"wp:term":[{"taxonomy":"category","embeddable":true,"href":"https:\/\/agora.xtec.cat\/ceipbalmes\/wp-json\/wp\/v2\/categories?post=1020"},{"taxonomy":"post_tag","embeddable":true,"href":"https:\/\/agora.xtec.cat\/ceipbalmes\/wp-json\/wp\/v2\/tags?post=1020"}],"curies":[{"name":"wp","href":"https:\/\/api.w.org\/{rel}","templated":true}]}}