{"id":1005,"date":"2019-08-29T12:22:25","date_gmt":"2019-08-29T10:22:25","guid":{"rendered":"http:\/\/agora.xtec.cat\/ceipbalmes\/?p=1005"},"modified":"2019-09-11T15:27:40","modified_gmt":"2019-09-11T13:27:40","slug":"informacions-inici-curs-2019-20","status":"publish","type":"post","link":"https:\/\/agora.xtec.cat\/ceipbalmes\/general\/informacions-inici-curs-2019-20\/","title":{"rendered":"INFORMACIONS INICI CURS 2019-20"},"content":{"rendered":"<p style=\"text-align: center;\">El proper dijous 12 de setembre engeguem una nova aventura, amb 10 mesos de curs escolar pel davant.<\/p>\n<p style=\"text-align: center;\">Aquest any l&#8217;eix tem\u00e0tic de l&#8217;escola ens portar\u00e0 a VOLTAR PER TOT EL M\u00d3N!<\/p>\n<p style=\"text-align: center;\">Si cliqueu sobre la imatge podreu descarregar el<strong> llibret amb totes les informacions<\/strong> a tenir en compte:<\/p>\n<p style=\"text-align: center;\"><a href=\"https:\/\/drive.google.com\/file\/d\/1VmQszwbg28lhQhbED1eknk0VqOwtgAna\/view?usp=sharing\"><img loading=\"lazy\" decoding=\"async\" class=\"alignnone size-large wp-image-1006\" src=\"https:\/\/agora.xtec.cat\/ceipbalmes\/wp-content\/uploads\/usu527\/2019\/08\/91734-monuments-around-the-world-monuments-around-the-world-1024x595.jpg\" alt=\"\" width=\"1024\" height=\"595\" srcset=\"https:\/\/agora.xtec.cat\/ceipbalmes\/wp-content\/uploads\/usu527\/2019\/08\/91734-monuments-around-the-world-monuments-around-the-world-1024x595.jpg 1024w, https:\/\/agora.xtec.cat\/ceipbalmes\/wp-content\/uploads\/usu527\/2019\/08\/91734-monuments-around-the-world-monuments-around-the-world-300x174.jpg 300w, https:\/\/agora.xtec.cat\/ceipbalmes\/wp-content\/uploads\/usu527\/2019\/08\/91734-monuments-around-the-world-monuments-around-the-world-768x447.jpg 768w\" sizes=\"auto, (max-width: 1024px) 100vw, 1024px\" \/><\/a><\/p>\n<p style=\"text-align: center;\">BON CURS!!<\/p>\n","protected":false},"excerpt":{"rendered":"<p>El proper dijous 12 de setembre engeguem una nova aventura, amb 10 mesos de curs escolar pel davant.<br \/>\nAquest any l&#8217;eix tem\u00e0tic de l&#8217;escola ens portar\u00e0 a VOLTAR PER TOT EL M\u00d3N!<br \/>\nSi cliqueu sobre la imatge podreu descarregar el llibret amb totes les informacions a tenir&hellip;  <a href=\"https:\/\/agora.xtec.cat\/ceipbalmes\/general\/informacions-inici-curs-2019-20\/\" title=\"Read INFORMACIONS INICI CURS 2019-20\">Llegeix m\u00e9s\u00bb<\/a><\/p>\n","protected":false},"author":1,"featured_media":1006,"comment_status":"open","ping_status":"closed","sticky":false,"template":"","format":"standard","meta":{"_bbp_topic_count":0,"_bbp_reply_count":0,"_bbp_total_topic_count":0,"_bbp_total_reply_count":0,"_bbp_voice_count":0,"_bbp_anonymous_reply_count":0,"_bbp_topic_count_hidden":0,"_bbp_reply_count_hidden":0,"_bbp_forum_subforum_count":0,"footnotes":""},"categories":[1],"tags":[],"class_list":["post-1005","post","type-post","status-publish","format-standard","has-post-thumbnail","hentry","category-general"],"post_mailing_queue_ids":[],"_links":{"self":[{"href":"https:\/\/agora.xtec.cat\/ceipbalmes\/wp-json\/wp\/v2\/posts\/1005","targetHints":{"allow":["GET"]}}],"collection":[{"href":"https:\/\/agora.xtec.cat\/ceipbalmes\/wp-json\/wp\/v2\/posts"}],"about":[{"href":"https:\/\/agora.xtec.cat\/ceipbalmes\/wp-json\/wp\/v2\/types\/post"}],"author":[{"embeddable":true,"href":"https:\/\/agora.xtec.cat\/ceipbalmes\/wp-json\/wp\/v2\/users\/1"}],"replies":[{"embeddable":true,"href":"https:\/\/agora.xtec.cat\/ceipbalmes\/wp-json\/wp\/v2\/comments?post=1005"}],"version-history":[{"count":4,"href":"https:\/\/agora.xtec.cat\/ceipbalmes\/wp-json\/wp\/v2\/posts\/1005\/revisions"}],"predecessor-version":[{"id":1019,"href":"https:\/\/agora.xtec.cat\/ceipbalmes\/wp-json\/wp\/v2\/posts\/1005\/revisions\/1019"}],"wp:featuredmedia":[{"embeddable":true,"href":"https:\/\/agora.xtec.cat\/ceipbalmes\/wp-json\/wp\/v2\/media\/1006"}],"wp:attachment":[{"href":"https:\/\/agora.xtec.cat\/ceipbalmes\/wp-json\/wp\/v2\/media?parent=1005"}],"wp:term":[{"taxonomy":"category","embeddable":true,"href":"https:\/\/agora.xtec.cat\/ceipbalmes\/wp-json\/wp\/v2\/categories?post=1005"},{"taxonomy":"post_tag","embeddable":true,"href":"https:\/\/agora.xtec.cat\/ceipbalmes\/wp-json\/wp\/v2\/tags?post=1005"}],"curies":[{"name":"wp","href":"https:\/\/api.w.org\/{rel}","templated":true}]}}