{"id":16645,"date":"2022-10-25T14:56:48","date_gmt":"2022-10-25T12:56:48","guid":{"rendered":"https:\/\/agora.xtec.cat\/ceiparturmartorell\/?p=16645"},"modified":"2022-11-03T20:38:28","modified_gmt":"2022-11-03T19:38:28","slug":"delagades-i-delegats-de-curs-2022-2023","status":"publish","type":"post","link":"https:\/\/agora.xtec.cat\/ceiparturmartorell\/infantil\/delagades-i-delegats-de-curs-2022-2023\/","title":{"rendered":"DELAGADES I DELEGATS DE CURS 2022-2023"},"content":{"rendered":"<p>Hola a tothom!!!<\/p>\n<p>Ja fa m\u00e9s d\u2019un mes que hem comen\u00e7at un curs nou i, com ja \u00e9s tradici\u00f3, l\u2019alumnat ha escollit els delegats i delegades representants de cada curs a partir d\u2019I5.<\/p>\n<p>Ens fa molta il\u00b7lusi\u00f3 exercir aquest c\u00e0rrec tan important, on prendrem decisions que afecten tota l\u2019escola i formar part de l\u2019organitzaci\u00f3 de festes tan importants com la festa de la tardor o Carnaval.<\/p>\n<p>Tenim moltes ganes i estem molt compromesos i compromeses amb la nostra funci\u00f3, aix\u00ed que ens esfor\u00e7arem molt per fer-ho molt b\u00e9.<\/p>\n<p>Aqu\u00ed teniu una foto de tot el grup en ple, que de dalt a baix i d\u2019esquerra a dreta som:<\/p>\n<p>En Nahel de 5\u00e8B, la Coral i en D\u00eddac de 6\u00e8, en Jan i\u00a0 l\u2019Ivet de 1r, l\u2019Ivet de 5\u00e8B i la Clara de 5\u00e8A.<\/p>\n<p>A la segona fila estem l\u2019Adri\u00e0 de 5\u00e8A, en Mart\u00ed d\u2019I5, l\u2019Ariadna de 3rB, l\u2019Ala\u00efs d\u2019I5, en Lluc de 3rA i la Clara i l\u2019Aran de 4t.<\/p>\n<p>Al davant de tot el grup trobem la Noa de 3rA i l\u2019Adri\u00e0 de 3rB i la Luc\u00eda i l\u2019Oleguer de 2n.<\/p>\n<p>Una abra\u00e7ada!<a href=\"https:\/\/agora.xtec.cat\/ceiparturmartorell\/wp-content\/uploads\/usu99\/2022\/10\/delegats.jpeg\"><img loading=\"lazy\" decoding=\"async\" class=\"alignnone size-full wp-image-16646\" src=\"https:\/\/agora.xtec.cat\/ceiparturmartorell\/wp-content\/uploads\/usu99\/2022\/10\/delegats.jpeg\" alt=\"\" width=\"1024\" height=\"768\" srcset=\"https:\/\/agora.xtec.cat\/ceiparturmartorell\/wp-content\/uploads\/usu99\/2022\/10\/delegats.jpeg 1024w, https:\/\/agora.xtec.cat\/ceiparturmartorell\/wp-content\/uploads\/usu99\/2022\/10\/delegats-300x225.jpeg 300w, https:\/\/agora.xtec.cat\/ceiparturmartorell\/wp-content\/uploads\/usu99\/2022\/10\/delegats-768x576.jpeg 768w, https:\/\/agora.xtec.cat\/ceiparturmartorell\/wp-content\/uploads\/usu99\/2022\/10\/delegats-200x150.jpeg 200w\" sizes=\"auto, (max-width: 1024px) 100vw, 1024px\" \/><\/a><\/p>\n","protected":false},"excerpt":{"rendered":"<p>Ja fa m\u00e9s d\u2019un mes que hem comen\u00e7at un curs nou i, com ja \u00e9s tradici\u00f3, l\u2019alumnat ha escollit els delegats i delegades representants de cada curs a partir d\u2019I5.<\/p>\n","protected":false},"author":57,"featured_media":16646,"comment_status":"open","ping_status":"closed","sticky":false,"template":"","format":"standard","meta":{"_bbp_topic_count":0,"_bbp_reply_count":0,"_bbp_total_topic_count":0,"_bbp_total_reply_count":0,"_bbp_voice_count":0,"_bbp_anonymous_reply_count":0,"_bbp_topic_count_hidden":0,"_bbp_reply_count_hidden":0,"_bbp_forum_subforum_count":0,"site-sidebar-layout":"default","site-content-layout":"","ast-site-content-layout":"","site-content-style":"default","site-sidebar-style":"default","ast-global-header-display":"","ast-banner-title-visibility":"","ast-main-header-display":"","ast-hfb-above-header-display":"","ast-hfb-below-header-display":"","ast-hfb-mobile-header-display":"","site-post-title":"","ast-breadcrumbs-content":"","ast-featured-img":"","footer-sml-layout":"","theme-transparent-header-meta":"","adv-header-id-meta":"","stick-header-meta":"","header-above-stick-meta":"","header-main-stick-meta":"","header-below-stick-meta":"","astra-migrate-meta-layouts":"default","ast-page-background-enabled":"default","ast-page-background-meta":{"desktop":{"background-color":"var(--ast-global-color-4)","background-image":"","background-repeat":"repeat","background-position":"center center","background-size":"auto","background-attachment":"scroll","background-type":"","background-media":"","overlay-type":"","overlay-color":"","overlay-opacity":"","overlay-gradient":""},"tablet":{"background-color":"","background-image":"","background-repeat":"repeat","background-position":"center center","background-size":"auto","background-attachment":"scroll","background-type":"","background-media":"","overlay-type":"","overlay-color":"","overlay-opacity":"","overlay-gradient":""},"mobile":{"background-color":"","background-image":"","background-repeat":"repeat","background-position":"center center","background-size":"auto","background-attachment":"scroll","background-type":"","background-media":"","overlay-type":"","overlay-color":"","overlay-opacity":"","overlay-gradient":""}},"ast-content-background-meta":{"desktop":{"background-color":"var(--ast-global-color-5)","background-image":"","background-repeat":"repeat","background-position":"center center","background-size":"auto","background-attachment":"scroll","background-type":"","background-media":"","overlay-type":"","overlay-color":"","overlay-opacity":"","overlay-gradient":""},"tablet":{"background-color":"var(--ast-global-color-5)","background-image":"","background-repeat":"repeat","background-position":"center center","background-size":"auto","background-attachment":"scroll","background-type":"","background-media":"","overlay-type":"","overlay-color":"","overlay-opacity":"","overlay-gradient":""},"mobile":{"background-color":"var(--ast-global-color-5)","background-image":"","background-repeat":"repeat","background-position":"center center","background-size":"auto","background-attachment":"scroll","background-type":"","background-media":"","overlay-type":"","overlay-color":"","overlay-opacity":"","overlay-gradient":""}},"footnotes":""},"categories":[2,4,5],"tags":[253],"class_list":["post-16645","post","type-post","status-publish","format-standard","has-post-thumbnail","hentry","category-infantil","category-portada","category-primaria","tag-curs-22-23"],"post_mailing_queue_ids":[],"_links":{"self":[{"href":"https:\/\/agora.xtec.cat\/ceiparturmartorell\/wp-json\/wp\/v2\/posts\/16645","targetHints":{"allow":["GET"]}}],"collection":[{"href":"https:\/\/agora.xtec.cat\/ceiparturmartorell\/wp-json\/wp\/v2\/posts"}],"about":[{"href":"https:\/\/agora.xtec.cat\/ceiparturmartorell\/wp-json\/wp\/v2\/types\/post"}],"author":[{"embeddable":true,"href":"https:\/\/agora.xtec.cat\/ceiparturmartorell\/wp-json\/wp\/v2\/users\/57"}],"replies":[{"embeddable":true,"href":"https:\/\/agora.xtec.cat\/ceiparturmartorell\/wp-json\/wp\/v2\/comments?post=16645"}],"version-history":[{"count":2,"href":"https:\/\/agora.xtec.cat\/ceiparturmartorell\/wp-json\/wp\/v2\/posts\/16645\/revisions"}],"predecessor-version":[{"id":16744,"href":"https:\/\/agora.xtec.cat\/ceiparturmartorell\/wp-json\/wp\/v2\/posts\/16645\/revisions\/16744"}],"wp:featuredmedia":[{"embeddable":true,"href":"https:\/\/agora.xtec.cat\/ceiparturmartorell\/wp-json\/wp\/v2\/media\/16646"}],"wp:attachment":[{"href":"https:\/\/agora.xtec.cat\/ceiparturmartorell\/wp-json\/wp\/v2\/media?parent=16645"}],"wp:term":[{"taxonomy":"category","embeddable":true,"href":"https:\/\/agora.xtec.cat\/ceiparturmartorell\/wp-json\/wp\/v2\/categories?post=16645"},{"taxonomy":"post_tag","embeddable":true,"href":"https:\/\/agora.xtec.cat\/ceiparturmartorell\/wp-json\/wp\/v2\/tags?post=16645"}],"curies":[{"name":"wp","href":"https:\/\/api.w.org\/{rel}","templated":true}]}}