{"id":15928,"date":"2022-05-12T13:01:22","date_gmt":"2022-05-12T11:01:22","guid":{"rendered":"https:\/\/agora.xtec.cat\/ceiparturmartorell\/?p=15928"},"modified":"2022-05-13T21:38:49","modified_gmt":"2022-05-13T19:38:49","slug":"colonies-de-cicle-inicial-a-mas-gorgoll-palamos","status":"publish","type":"post","link":"https:\/\/agora.xtec.cat\/ceiparturmartorell\/general\/colonies-de-cicle-inicial-a-mas-gorgoll-palamos\/","title":{"rendered":"COL\u00d2NIES DE CICLE INICIAL A MAS GORGOLL (PALAM\u00d3S)"},"content":{"rendered":"<p style=\"font-weight: 400;\">Els alumnes de primer i segon hem anat\u00a0 de col\u00f2nies a Palam\u00f3s a Mas Gorgoll els dies 4, 5 i 6 de maig.<\/p>\n<p style=\"font-weight: 400;\">Cal dir que el temps ens ha\u00a0 acompanyat i els alumnes\u00a0 han gaudit\u00a0 molt.<\/p>\n<p style=\"font-weight: 400;\">Han estat uns dies on han viscut noves experi\u00e8ncies i han apr\u00e8s sobre la tem\u00e0tica del mar:\u00a0van fer una sortida a la Llotja i al port de Palam\u00f3s, fins i tot van pujar a un vaixell atracat al port.<\/p>\n<p style=\"font-weight: 400;\">L&#8217;\u00faltima nit van poder gaudir\u00a0 petit espectacle de pirates i els monitors van decorar el menjador fent un sopar de gal\u00b7la que va finalitzar amb una festa a l\u00b4aire lliure amb m\u00fasica i llums de colors.<\/p>\n<p style=\"font-weight: 400;\">Hem fet un bon aprenentatge convivint amb els nostres companys \/ companyes i mestres.\u00a0 Han estat tres dies de grans aventures a Palam\u00f3s.<\/p>\n<div class=\"ast-oembed-container \" style=\"height: 100%;\"><iframe loading=\"lazy\" title=\"COL\u00d2NIES  DE CICLE INICIAL A PALAM\u00d3S\" width=\"500\" height=\"375\" src=\"https:\/\/www.youtube.com\/embed\/gT-kuUspqCQ?feature=oembed\" frameborder=\"0\" allow=\"accelerometer; autoplay; clipboard-write; encrypted-media; gyroscope; picture-in-picture; web-share\" referrerpolicy=\"strict-origin-when-cross-origin\" allowfullscreen><\/iframe><\/div>\n<p>&nbsp;<\/p>\n","protected":false},"excerpt":{"rendered":"<p>Els alumnes de primer i segon hem anat\u00a0 de col\u00f2nies a Palam\u00f3s a Mas Gorgoll els dies 4, 5 i 6 de maig.<\/p>\n","protected":false},"author":49,"featured_media":15997,"comment_status":"open","ping_status":"closed","sticky":false,"template":"","format":"standard","meta":{"_bbp_topic_count":0,"_bbp_reply_count":0,"_bbp_total_topic_count":0,"_bbp_total_reply_count":0,"_bbp_voice_count":0,"_bbp_anonymous_reply_count":0,"_bbp_topic_count_hidden":0,"_bbp_reply_count_hidden":0,"_bbp_forum_subforum_count":0,"site-sidebar-layout":"default","site-content-layout":"","ast-site-content-layout":"","site-content-style":"default","site-sidebar-style":"default","ast-global-header-display":"","ast-banner-title-visibility":"","ast-main-header-display":"","ast-hfb-above-header-display":"","ast-hfb-below-header-display":"","ast-hfb-mobile-header-display":"","site-post-title":"","ast-breadcrumbs-content":"","ast-featured-img":"","footer-sml-layout":"","theme-transparent-header-meta":"","adv-header-id-meta":"","stick-header-meta":"","header-above-stick-meta":"","header-main-stick-meta":"","header-below-stick-meta":"","astra-migrate-meta-layouts":"default","ast-page-background-enabled":"default","ast-page-background-meta":{"desktop":{"background-color":"var(--ast-global-color-4)","background-image":"","background-repeat":"repeat","background-position":"center center","background-size":"auto","background-attachment":"scroll","background-type":"","background-media":"","overlay-type":"","overlay-color":"","overlay-opacity":"","overlay-gradient":""},"tablet":{"background-color":"","background-image":"","background-repeat":"repeat","background-position":"center center","background-size":"auto","background-attachment":"scroll","background-type":"","background-media":"","overlay-type":"","overlay-color":"","overlay-opacity":"","overlay-gradient":""},"mobile":{"background-color":"","background-image":"","background-repeat":"repeat","background-position":"center center","background-size":"auto","background-attachment":"scroll","background-type":"","background-media":"","overlay-type":"","overlay-color":"","overlay-opacity":"","overlay-gradient":""}},"ast-content-background-meta":{"desktop":{"background-color":"var(--ast-global-color-5)","background-image":"","background-repeat":"repeat","background-position":"center center","background-size":"auto","background-attachment":"scroll","background-type":"","background-media":"","overlay-type":"","overlay-color":"","overlay-opacity":"","overlay-gradient":""},"tablet":{"background-color":"var(--ast-global-color-5)","background-image":"","background-repeat":"repeat","background-position":"center center","background-size":"auto","background-attachment":"scroll","background-type":"","background-media":"","overlay-type":"","overlay-color":"","overlay-opacity":"","overlay-gradient":""},"mobile":{"background-color":"var(--ast-global-color-5)","background-image":"","background-repeat":"repeat","background-position":"center center","background-size":"auto","background-attachment":"scroll","background-type":"","background-media":"","overlay-type":"","overlay-color":"","overlay-opacity":"","overlay-gradient":""}},"footnotes":""},"categories":[9,10,1,4,5],"tags":[54,236],"class_list":["post-15928","post","type-post","status-publish","format-standard","has-post-thumbnail","hentry","category-9","category-10","category-general","category-portada","category-primaria","tag-colonies","tag-curs-21-22"],"post_mailing_queue_ids":[],"_links":{"self":[{"href":"https:\/\/agora.xtec.cat\/ceiparturmartorell\/wp-json\/wp\/v2\/posts\/15928","targetHints":{"allow":["GET"]}}],"collection":[{"href":"https:\/\/agora.xtec.cat\/ceiparturmartorell\/wp-json\/wp\/v2\/posts"}],"about":[{"href":"https:\/\/agora.xtec.cat\/ceiparturmartorell\/wp-json\/wp\/v2\/types\/post"}],"author":[{"embeddable":true,"href":"https:\/\/agora.xtec.cat\/ceiparturmartorell\/wp-json\/wp\/v2\/users\/49"}],"replies":[{"embeddable":true,"href":"https:\/\/agora.xtec.cat\/ceiparturmartorell\/wp-json\/wp\/v2\/comments?post=15928"}],"version-history":[{"count":3,"href":"https:\/\/agora.xtec.cat\/ceiparturmartorell\/wp-json\/wp\/v2\/posts\/15928\/revisions"}],"predecessor-version":[{"id":16002,"href":"https:\/\/agora.xtec.cat\/ceiparturmartorell\/wp-json\/wp\/v2\/posts\/15928\/revisions\/16002"}],"wp:featuredmedia":[{"embeddable":true,"href":"https:\/\/agora.xtec.cat\/ceiparturmartorell\/wp-json\/wp\/v2\/media\/15997"}],"wp:attachment":[{"href":"https:\/\/agora.xtec.cat\/ceiparturmartorell\/wp-json\/wp\/v2\/media?parent=15928"}],"wp:term":[{"taxonomy":"category","embeddable":true,"href":"https:\/\/agora.xtec.cat\/ceiparturmartorell\/wp-json\/wp\/v2\/categories?post=15928"},{"taxonomy":"post_tag","embeddable":true,"href":"https:\/\/agora.xtec.cat\/ceiparturmartorell\/wp-json\/wp\/v2\/tags?post=15928"}],"curies":[{"name":"wp","href":"https:\/\/api.w.org\/{rel}","templated":true}]}}