{"id":15210,"date":"2022-03-08T18:15:13","date_gmt":"2022-03-08T17:15:13","guid":{"rendered":"https:\/\/agora.xtec.cat\/ceiparturmartorell\/?p=15210"},"modified":"2022-03-08T18:15:38","modified_gmt":"2022-03-08T17:15:38","slug":"la-llegenda-de-sant-jordi","status":"publish","type":"post","link":"https:\/\/agora.xtec.cat\/ceiparturmartorell\/portada\/la-llegenda-de-sant-jordi\/","title":{"rendered":"La llegenda de Sant Jordi"},"content":{"rendered":"<p>Aqu\u00ed teniu els artistes de la classe dels h\u00e0msters, aut\u00e8ntics professionals!!! Ho han fet molt b\u00e9!!!!<\/p>\n<div id='gallery-1' class='gallery galleryid-15210 gallery-columns-1 gallery-size-full'><figure class='gallery-item'>\n\t\t\t<div class='gallery-icon portrait'>\n\t\t\t\t<a href='https:\/\/agora.xtec.cat\/ceiparturmartorell\/portada\/la-llegenda-de-sant-jordi\/attachment\/whatsapp-image-2022-03-08-at-12-44-14\/'><img loading=\"lazy\" decoding=\"async\" width=\"1291\" height=\"1749\" src=\"https:\/\/agora.xtec.cat\/ceiparturmartorell\/wp-content\/uploads\/usu99\/2022\/03\/WhatsApp-Image-2022-03-08-at-12.44.14.jpeg\" class=\"attachment-full size-full\" alt=\"\" srcset=\"https:\/\/agora.xtec.cat\/ceiparturmartorell\/wp-content\/uploads\/usu99\/2022\/03\/WhatsApp-Image-2022-03-08-at-12.44.14.jpeg 1291w, https:\/\/agora.xtec.cat\/ceiparturmartorell\/wp-content\/uploads\/usu99\/2022\/03\/WhatsApp-Image-2022-03-08-at-12.44.14-221x300.jpeg 221w, https:\/\/agora.xtec.cat\/ceiparturmartorell\/wp-content\/uploads\/usu99\/2022\/03\/WhatsApp-Image-2022-03-08-at-12.44.14-756x1024.jpeg 756w, https:\/\/agora.xtec.cat\/ceiparturmartorell\/wp-content\/uploads\/usu99\/2022\/03\/WhatsApp-Image-2022-03-08-at-12.44.14-768x1040.jpeg 768w, https:\/\/agora.xtec.cat\/ceiparturmartorell\/wp-content\/uploads\/usu99\/2022\/03\/WhatsApp-Image-2022-03-08-at-12.44.14-1134x1536.jpeg 1134w\" sizes=\"auto, (max-width: 1291px) 100vw, 1291px\" \/><\/a>\n\t\t\t<\/div><\/figure><figure class='gallery-item'>\n\t\t\t<div class='gallery-icon portrait'>\n\t\t\t\t<a href='https:\/\/agora.xtec.cat\/ceiparturmartorell\/portada\/la-llegenda-de-sant-jordi\/attachment\/whatsapp-image-2022-03-08-at-12-44-15\/'><img loading=\"lazy\" decoding=\"async\" width=\"1405\" height=\"1905\" src=\"https:\/\/agora.xtec.cat\/ceiparturmartorell\/wp-content\/uploads\/usu99\/2022\/03\/WhatsApp-Image-2022-03-08-at-12.44.15.jpeg\" class=\"attachment-full size-full\" alt=\"\" srcset=\"https:\/\/agora.xtec.cat\/ceiparturmartorell\/wp-content\/uploads\/usu99\/2022\/03\/WhatsApp-Image-2022-03-08-at-12.44.15.jpeg 1405w, https:\/\/agora.xtec.cat\/ceiparturmartorell\/wp-content\/uploads\/usu99\/2022\/03\/WhatsApp-Image-2022-03-08-at-12.44.15-221x300.jpeg 221w, https:\/\/agora.xtec.cat\/ceiparturmartorell\/wp-content\/uploads\/usu99\/2022\/03\/WhatsApp-Image-2022-03-08-at-12.44.15-755x1024.jpeg 755w, https:\/\/agora.xtec.cat\/ceiparturmartorell\/wp-content\/uploads\/usu99\/2022\/03\/WhatsApp-Image-2022-03-08-at-12.44.15-768x1041.jpeg 768w, https:\/\/agora.xtec.cat\/ceiparturmartorell\/wp-content\/uploads\/usu99\/2022\/03\/WhatsApp-Image-2022-03-08-at-12.44.15-1133x1536.jpeg 1133w\" sizes=\"auto, (max-width: 1405px) 100vw, 1405px\" \/><\/a>\n\t\t\t<\/div><\/figure><figure class='gallery-item'>\n\t\t\t<div class='gallery-icon portrait'>\n\t\t\t\t<a href='https:\/\/agora.xtec.cat\/ceiparturmartorell\/portada\/la-llegenda-de-sant-jordi\/attachment\/whatsapp-image-2022-03-08-at-12-44-15-1\/'><img loading=\"lazy\" decoding=\"async\" width=\"1225\" height=\"1790\" src=\"https:\/\/agora.xtec.cat\/ceiparturmartorell\/wp-content\/uploads\/usu99\/2022\/03\/WhatsApp-Image-2022-03-08-at-12.44.15-1.jpeg\" class=\"attachment-full size-full\" alt=\"\" srcset=\"https:\/\/agora.xtec.cat\/ceiparturmartorell\/wp-content\/uploads\/usu99\/2022\/03\/WhatsApp-Image-2022-03-08-at-12.44.15-1.jpeg 1225w, https:\/\/agora.xtec.cat\/ceiparturmartorell\/wp-content\/uploads\/usu99\/2022\/03\/WhatsApp-Image-2022-03-08-at-12.44.15-1-205x300.jpeg 205w, https:\/\/agora.xtec.cat\/ceiparturmartorell\/wp-content\/uploads\/usu99\/2022\/03\/WhatsApp-Image-2022-03-08-at-12.44.15-1-701x1024.jpeg 701w, https:\/\/agora.xtec.cat\/ceiparturmartorell\/wp-content\/uploads\/usu99\/2022\/03\/WhatsApp-Image-2022-03-08-at-12.44.15-1-768x1122.jpeg 768w, https:\/\/agora.xtec.cat\/ceiparturmartorell\/wp-content\/uploads\/usu99\/2022\/03\/WhatsApp-Image-2022-03-08-at-12.44.15-1-1051x1536.jpeg 1051w\" sizes=\"auto, (max-width: 1225px) 100vw, 1225px\" \/><\/a>\n\t\t\t<\/div><\/figure><figure class='gallery-item'>\n\t\t\t<div class='gallery-icon portrait'>\n\t\t\t\t<a href='https:\/\/agora.xtec.cat\/ceiparturmartorell\/portada\/la-llegenda-de-sant-jordi\/attachment\/whatsapp-image-2022-03-08-at-12-44-15-2\/'><img loading=\"lazy\" decoding=\"async\" width=\"1351\" height=\"1663\" src=\"https:\/\/agora.xtec.cat\/ceiparturmartorell\/wp-content\/uploads\/usu99\/2022\/03\/WhatsApp-Image-2022-03-08-at-12.44.15-2.jpeg\" class=\"attachment-full size-full\" alt=\"\" srcset=\"https:\/\/agora.xtec.cat\/ceiparturmartorell\/wp-content\/uploads\/usu99\/2022\/03\/WhatsApp-Image-2022-03-08-at-12.44.15-2.jpeg 1351w, https:\/\/agora.xtec.cat\/ceiparturmartorell\/wp-content\/uploads\/usu99\/2022\/03\/WhatsApp-Image-2022-03-08-at-12.44.15-2-244x300.jpeg 244w, https:\/\/agora.xtec.cat\/ceiparturmartorell\/wp-content\/uploads\/usu99\/2022\/03\/WhatsApp-Image-2022-03-08-at-12.44.15-2-832x1024.jpeg 832w, https:\/\/agora.xtec.cat\/ceiparturmartorell\/wp-content\/uploads\/usu99\/2022\/03\/WhatsApp-Image-2022-03-08-at-12.44.15-2-768x945.jpeg 768w, https:\/\/agora.xtec.cat\/ceiparturmartorell\/wp-content\/uploads\/usu99\/2022\/03\/WhatsApp-Image-2022-03-08-at-12.44.15-2-1248x1536.jpeg 1248w\" sizes=\"auto, (max-width: 1351px) 100vw, 1351px\" \/><\/a>\n\t\t\t<\/div><\/figure><figure class='gallery-item'>\n\t\t\t<div class='gallery-icon portrait'>\n\t\t\t\t<a href='https:\/\/agora.xtec.cat\/ceiparturmartorell\/portada\/la-llegenda-de-sant-jordi\/attachment\/whatsapp-image-2022-03-08-at-12-44-15-3\/'><img loading=\"lazy\" decoding=\"async\" width=\"1478\" height=\"1742\" src=\"https:\/\/agora.xtec.cat\/ceiparturmartorell\/wp-content\/uploads\/usu99\/2022\/03\/WhatsApp-Image-2022-03-08-at-12.44.15-3.jpeg\" class=\"attachment-full size-full\" alt=\"\" srcset=\"https:\/\/agora.xtec.cat\/ceiparturmartorell\/wp-content\/uploads\/usu99\/2022\/03\/WhatsApp-Image-2022-03-08-at-12.44.15-3.jpeg 1478w, https:\/\/agora.xtec.cat\/ceiparturmartorell\/wp-content\/uploads\/usu99\/2022\/03\/WhatsApp-Image-2022-03-08-at-12.44.15-3-255x300.jpeg 255w, https:\/\/agora.xtec.cat\/ceiparturmartorell\/wp-content\/uploads\/usu99\/2022\/03\/WhatsApp-Image-2022-03-08-at-12.44.15-3-869x1024.jpeg 869w, https:\/\/agora.xtec.cat\/ceiparturmartorell\/wp-content\/uploads\/usu99\/2022\/03\/WhatsApp-Image-2022-03-08-at-12.44.15-3-768x905.jpeg 768w, https:\/\/agora.xtec.cat\/ceiparturmartorell\/wp-content\/uploads\/usu99\/2022\/03\/WhatsApp-Image-2022-03-08-at-12.44.15-3-1303x1536.jpeg 1303w\" sizes=\"auto, (max-width: 1478px) 100vw, 1478px\" \/><\/a>\n\t\t\t<\/div><\/figure><figure class='gallery-item'>\n\t\t\t<div class='gallery-icon portrait'>\n\t\t\t\t<a href='https:\/\/agora.xtec.cat\/ceiparturmartorell\/portada\/la-llegenda-de-sant-jordi\/attachment\/whatsapp-image-2022-03-08-at-12-44-15-4\/'><img loading=\"lazy\" decoding=\"async\" width=\"1449\" height=\"1685\" src=\"https:\/\/agora.xtec.cat\/ceiparturmartorell\/wp-content\/uploads\/usu99\/2022\/03\/WhatsApp-Image-2022-03-08-at-12.44.15-4.jpeg\" class=\"attachment-full size-full\" alt=\"\" srcset=\"https:\/\/agora.xtec.cat\/ceiparturmartorell\/wp-content\/uploads\/usu99\/2022\/03\/WhatsApp-Image-2022-03-08-at-12.44.15-4.jpeg 1449w, https:\/\/agora.xtec.cat\/ceiparturmartorell\/wp-content\/uploads\/usu99\/2022\/03\/WhatsApp-Image-2022-03-08-at-12.44.15-4-258x300.jpeg 258w, https:\/\/agora.xtec.cat\/ceiparturmartorell\/wp-content\/uploads\/usu99\/2022\/03\/WhatsApp-Image-2022-03-08-at-12.44.15-4-881x1024.jpeg 881w, https:\/\/agora.xtec.cat\/ceiparturmartorell\/wp-content\/uploads\/usu99\/2022\/03\/WhatsApp-Image-2022-03-08-at-12.44.15-4-768x893.jpeg 768w, https:\/\/agora.xtec.cat\/ceiparturmartorell\/wp-content\/uploads\/usu99\/2022\/03\/WhatsApp-Image-2022-03-08-at-12.44.15-4-1321x1536.jpeg 1321w\" sizes=\"auto, (max-width: 1449px) 100vw, 1449px\" \/><\/a>\n\t\t\t<\/div><\/figure><figure class='gallery-item'>\n\t\t\t<div class='gallery-icon portrait'>\n\t\t\t\t<a href='https:\/\/agora.xtec.cat\/ceiparturmartorell\/portada\/la-llegenda-de-sant-jordi\/attachment\/whatsapp-image-2022-03-08-at-12-44-16\/'><img loading=\"lazy\" decoding=\"async\" width=\"1402\" height=\"1695\" src=\"https:\/\/agora.xtec.cat\/ceiparturmartorell\/wp-content\/uploads\/usu99\/2022\/03\/WhatsApp-Image-2022-03-08-at-12.44.16.jpeg\" class=\"attachment-full size-full\" alt=\"\" srcset=\"https:\/\/agora.xtec.cat\/ceiparturmartorell\/wp-content\/uploads\/usu99\/2022\/03\/WhatsApp-Image-2022-03-08-at-12.44.16.jpeg 1402w, https:\/\/agora.xtec.cat\/ceiparturmartorell\/wp-content\/uploads\/usu99\/2022\/03\/WhatsApp-Image-2022-03-08-at-12.44.16-248x300.jpeg 248w, https:\/\/agora.xtec.cat\/ceiparturmartorell\/wp-content\/uploads\/usu99\/2022\/03\/WhatsApp-Image-2022-03-08-at-12.44.16-847x1024.jpeg 847w, https:\/\/agora.xtec.cat\/ceiparturmartorell\/wp-content\/uploads\/usu99\/2022\/03\/WhatsApp-Image-2022-03-08-at-12.44.16-768x929.jpeg 768w, https:\/\/agora.xtec.cat\/ceiparturmartorell\/wp-content\/uploads\/usu99\/2022\/03\/WhatsApp-Image-2022-03-08-at-12.44.16-1270x1536.jpeg 1270w\" sizes=\"auto, (max-width: 1402px) 100vw, 1402px\" \/><\/a>\n\t\t\t<\/div><\/figure><figure class='gallery-item'>\n\t\t\t<div class='gallery-icon portrait'>\n\t\t\t\t<a href='https:\/\/agora.xtec.cat\/ceiparturmartorell\/portada\/la-llegenda-de-sant-jordi\/attachment\/whatsapp-image-2022-03-08-at-12-44-16-1\/'><img loading=\"lazy\" decoding=\"async\" width=\"1305\" height=\"1854\" src=\"https:\/\/agora.xtec.cat\/ceiparturmartorell\/wp-content\/uploads\/usu99\/2022\/03\/WhatsApp-Image-2022-03-08-at-12.44.16-1.jpeg\" class=\"attachment-full size-full\" alt=\"\" srcset=\"https:\/\/agora.xtec.cat\/ceiparturmartorell\/wp-content\/uploads\/usu99\/2022\/03\/WhatsApp-Image-2022-03-08-at-12.44.16-1.jpeg 1305w, https:\/\/agora.xtec.cat\/ceiparturmartorell\/wp-content\/uploads\/usu99\/2022\/03\/WhatsApp-Image-2022-03-08-at-12.44.16-1-211x300.jpeg 211w, https:\/\/agora.xtec.cat\/ceiparturmartorell\/wp-content\/uploads\/usu99\/2022\/03\/WhatsApp-Image-2022-03-08-at-12.44.16-1-721x1024.jpeg 721w, https:\/\/agora.xtec.cat\/ceiparturmartorell\/wp-content\/uploads\/usu99\/2022\/03\/WhatsApp-Image-2022-03-08-at-12.44.16-1-768x1091.jpeg 768w, https:\/\/agora.xtec.cat\/ceiparturmartorell\/wp-content\/uploads\/usu99\/2022\/03\/WhatsApp-Image-2022-03-08-at-12.44.16-1-1081x1536.jpeg 1081w\" sizes=\"auto, (max-width: 1305px) 100vw, 1305px\" \/><\/a>\n\t\t\t<\/div><\/figure><figure class='gallery-item'>\n\t\t\t<div class='gallery-icon landscape'>\n\t\t\t\t<a href='https:\/\/agora.xtec.cat\/ceiparturmartorell\/portada\/la-llegenda-de-sant-jordi\/attachment\/whatsapp-image-2022-03-08-at-12-44-16-2\/'><img loading=\"lazy\" decoding=\"async\" width=\"1826\" height=\"1142\" src=\"https:\/\/agora.xtec.cat\/ceiparturmartorell\/wp-content\/uploads\/usu99\/2022\/03\/WhatsApp-Image-2022-03-08-at-12.44.16-2.jpeg\" class=\"attachment-full size-full\" alt=\"\" srcset=\"https:\/\/agora.xtec.cat\/ceiparturmartorell\/wp-content\/uploads\/usu99\/2022\/03\/WhatsApp-Image-2022-03-08-at-12.44.16-2.jpeg 1826w, https:\/\/agora.xtec.cat\/ceiparturmartorell\/wp-content\/uploads\/usu99\/2022\/03\/WhatsApp-Image-2022-03-08-at-12.44.16-2-300x188.jpeg 300w, https:\/\/agora.xtec.cat\/ceiparturmartorell\/wp-content\/uploads\/usu99\/2022\/03\/WhatsApp-Image-2022-03-08-at-12.44.16-2-1024x640.jpeg 1024w, https:\/\/agora.xtec.cat\/ceiparturmartorell\/wp-content\/uploads\/usu99\/2022\/03\/WhatsApp-Image-2022-03-08-at-12.44.16-2-768x480.jpeg 768w, https:\/\/agora.xtec.cat\/ceiparturmartorell\/wp-content\/uploads\/usu99\/2022\/03\/WhatsApp-Image-2022-03-08-at-12.44.16-2-1536x961.jpeg 1536w\" sizes=\"auto, (max-width: 1826px) 100vw, 1826px\" \/><\/a>\n\t\t\t<\/div><\/figure>\n\t\t<\/div>\n\n","protected":false},"excerpt":{"rendered":"<p>Hem representat la llegenda De Sant Jordi<\/p>\n","protected":false},"author":1,"featured_media":15219,"comment_status":"open","ping_status":"closed","sticky":false,"template":"","format":"standard","meta":{"_bbp_topic_count":0,"_bbp_reply_count":0,"_bbp_total_topic_count":0,"_bbp_total_reply_count":0,"_bbp_voice_count":0,"_bbp_anonymous_reply_count":0,"_bbp_topic_count_hidden":0,"_bbp_reply_count_hidden":0,"_bbp_forum_subforum_count":0,"site-sidebar-layout":"default","site-content-layout":"","ast-site-content-layout":"","site-content-style":"default","site-sidebar-style":"default","ast-global-header-display":"","ast-banner-title-visibility":"","ast-main-header-display":"","ast-hfb-above-header-display":"","ast-hfb-below-header-display":"","ast-hfb-mobile-header-display":"","site-post-title":"","ast-breadcrumbs-content":"","ast-featured-img":"","footer-sml-layout":"","theme-transparent-header-meta":"","adv-header-id-meta":"","stick-header-meta":"","header-above-stick-meta":"","header-main-stick-meta":"","header-below-stick-meta":"","astra-migrate-meta-layouts":"default","ast-page-background-enabled":"default","ast-page-background-meta":{"desktop":{"background-color":"var(--ast-global-color-4)","background-image":"","background-repeat":"repeat","background-position":"center center","background-size":"auto","background-attachment":"scroll","background-type":"","background-media":"","overlay-type":"","overlay-color":"","overlay-opacity":"","overlay-gradient":""},"tablet":{"background-color":"","background-image":"","background-repeat":"repeat","background-position":"center center","background-size":"auto","background-attachment":"scroll","background-type":"","background-media":"","overlay-type":"","overlay-color":"","overlay-opacity":"","overlay-gradient":""},"mobile":{"background-color":"","background-image":"","background-repeat":"repeat","background-position":"center center","background-size":"auto","background-attachment":"scroll","background-type":"","background-media":"","overlay-type":"","overlay-color":"","overlay-opacity":"","overlay-gradient":""}},"ast-content-background-meta":{"desktop":{"background-color":"var(--ast-global-color-5)","background-image":"","background-repeat":"repeat","background-position":"center center","background-size":"auto","background-attachment":"scroll","background-type":"","background-media":"","overlay-type":"","overlay-color":"","overlay-opacity":"","overlay-gradient":""},"tablet":{"background-color":"var(--ast-global-color-5)","background-image":"","background-repeat":"repeat","background-position":"center center","background-size":"auto","background-attachment":"scroll","background-type":"","background-media":"","overlay-type":"","overlay-color":"","overlay-opacity":"","overlay-gradient":""},"mobile":{"background-color":"var(--ast-global-color-5)","background-image":"","background-repeat":"repeat","background-position":"center center","background-size":"auto","background-attachment":"scroll","background-type":"","background-media":"","overlay-type":"","overlay-color":"","overlay-opacity":"","overlay-gradient":""}},"footnotes":""},"categories":[9,4,5],"tags":[236,245,59],"class_list":["post-15210","post","type-post","status-publish","format-standard","has-post-thumbnail","hentry","category-9","category-portada","category-primaria","tag-curs-21-22","tag-expressio","tag-teatre"],"post_mailing_queue_ids":[],"_links":{"self":[{"href":"https:\/\/agora.xtec.cat\/ceiparturmartorell\/wp-json\/wp\/v2\/posts\/15210","targetHints":{"allow":["GET"]}}],"collection":[{"href":"https:\/\/agora.xtec.cat\/ceiparturmartorell\/wp-json\/wp\/v2\/posts"}],"about":[{"href":"https:\/\/agora.xtec.cat\/ceiparturmartorell\/wp-json\/wp\/v2\/types\/post"}],"author":[{"embeddable":true,"href":"https:\/\/agora.xtec.cat\/ceiparturmartorell\/wp-json\/wp\/v2\/users\/1"}],"replies":[{"embeddable":true,"href":"https:\/\/agora.xtec.cat\/ceiparturmartorell\/wp-json\/wp\/v2\/comments?post=15210"}],"version-history":[{"count":1,"href":"https:\/\/agora.xtec.cat\/ceiparturmartorell\/wp-json\/wp\/v2\/posts\/15210\/revisions"}],"predecessor-version":[{"id":15220,"href":"https:\/\/agora.xtec.cat\/ceiparturmartorell\/wp-json\/wp\/v2\/posts\/15210\/revisions\/15220"}],"wp:featuredmedia":[{"embeddable":true,"href":"https:\/\/agora.xtec.cat\/ceiparturmartorell\/wp-json\/wp\/v2\/media\/15219"}],"wp:attachment":[{"href":"https:\/\/agora.xtec.cat\/ceiparturmartorell\/wp-json\/wp\/v2\/media?parent=15210"}],"wp:term":[{"taxonomy":"category","embeddable":true,"href":"https:\/\/agora.xtec.cat\/ceiparturmartorell\/wp-json\/wp\/v2\/categories?post=15210"},{"taxonomy":"post_tag","embeddable":true,"href":"https:\/\/agora.xtec.cat\/ceiparturmartorell\/wp-json\/wp\/v2\/tags?post=15210"}],"curies":[{"name":"wp","href":"https:\/\/api.w.org\/{rel}","templated":true}]}}