{"id":10838,"date":"2020-12-16T19:37:33","date_gmt":"2020-12-16T18:37:33","guid":{"rendered":"https:\/\/agora.xtec.cat\/ceiparturmartorell\/?p=10838"},"modified":"2021-03-30T11:38:53","modified_gmt":"2021-03-30T09:38:53","slug":"el-museu-de-badalona-porta-els-romans-a-la-classe-de-5e","status":"publish","type":"post","link":"https:\/\/agora.xtec.cat\/ceiparturmartorell\/general\/el-museu-de-badalona-porta-els-romans-a-la-classe-de-5e\/","title":{"rendered":"EL MUSEU DE BADALONA PORTA ELS ROMANS A L&#8217;ESCOLA"},"content":{"rendered":"<p>Els nens i nenes de 5\u00e8 hem estat aprenent i investigant moltes coses sobre romans des de fa uns quants dies. Una de les coses que hem apr\u00e8s \u00e9s com s\u00f3n els nombres romans i els hem estat reproduint amb canyetes de beure&#8230;.<\/p>\n<p><strong><em>A qu\u00e8 no sabeu quin \u00e9s el n\u00famero rom\u00e0 que necessita m\u00e9s canyetes de l&#8217;1 al 1000?\u00a0 <\/em>PENSEU QUE NO ES PODEN FER NI LA C (100) NI LA D (500).<\/strong><\/p>\n<p>A part de fer reptes amb les canyetes hem treballat en grups totes les preguntes que vol\u00edem saber sobre ells. Al final vam dividir les preguntes en sis grups que eren: l&#8217;ex\u00e8rcit, religi\u00f3 i emperadors, escola, oficis i transports, espectacles i esports, vestuari i alimentaci\u00f3, les cases i ciutats.\u00a0 De tot aix\u00f2 ens han sorpr\u00e8s molt\u00edssimes coses, com per exemple que hi hagu\u00e9s tants emperadors que morissin assassinats i que els plebeus haguessin de fer les seves necessitats a les latrines de la ciutat!!! Podien estar juntes 30 persones!! QUINA PUDOR!!<\/p>\n<p>Tamb\u00e9 hem trobat molt fort la vida que tenien els esclaus i els gladiadors.<\/p>\n<p>Com que no pod\u00edem anar al Museu de Badalona per la Covid han vingut ells a l&#8217;escola a fer-nos un taller sobre escriptura romana. Vam aprendre algunes frases en llat\u00ed, que era la llengua que parlaven els romans, com SINE DIE, POST DATA, CARPE DIEM&#8230;<\/p>\n<p>Tamb\u00e9 vam saber que escrivien sobre pedra, pissarres de cera o papir i que la tinta la feien amb carb\u00f3 o argila barrejada amb goma ar\u00e0biga (que \u00e9s com una cola) i aigua. Ens vam endur a casa un pot amb aquesta tinta d&#8217;argila que vam fer a l&#8217;escola. Tamb\u00e9 amb tinta negra vam escriure els nostres noms en un tipus de papir seguint l&#8217;alfabet rom\u00e0.<\/p>\n<p>I ara que ja hem acabat el projecte som expertes i experts en romans i en com era la seva vida! Ens podeu preguntar el qu\u00e8 vulgueu!<\/p>\n<p>Mariona, Gala i Marc<\/p>\n\n<p>&nbsp;<\/p>\n","protected":false},"excerpt":{"rendered":"<p>Els nens i nenes de 5\u00e8 hem estat aprenent i investigant moltes coses sobre romans des de fa uns quants dies. <\/p>\n","protected":false},"author":9,"featured_media":0,"comment_status":"open","ping_status":"closed","sticky":false,"template":"","format":"standard","meta":{"_bbp_topic_count":0,"_bbp_reply_count":0,"_bbp_total_topic_count":0,"_bbp_total_reply_count":0,"_bbp_voice_count":0,"_bbp_anonymous_reply_count":0,"_bbp_topic_count_hidden":0,"_bbp_reply_count_hidden":0,"_bbp_forum_subforum_count":0,"site-sidebar-layout":"default","site-content-layout":"","ast-site-content-layout":"","site-content-style":"default","site-sidebar-style":"default","ast-global-header-display":"","ast-banner-title-visibility":"","ast-main-header-display":"","ast-hfb-above-header-display":"","ast-hfb-below-header-display":"","ast-hfb-mobile-header-display":"","site-post-title":"","ast-breadcrumbs-content":"","ast-featured-img":"","footer-sml-layout":"","theme-transparent-header-meta":"","adv-header-id-meta":"","stick-header-meta":"","header-above-stick-meta":"","header-main-stick-meta":"","header-below-stick-meta":"","astra-migrate-meta-layouts":"default","ast-page-background-enabled":"default","ast-page-background-meta":{"desktop":{"background-color":"var(--ast-global-color-4)","background-image":"","background-repeat":"repeat","background-position":"center center","background-size":"auto","background-attachment":"scroll","background-type":"","background-media":"","overlay-type":"","overlay-color":"","overlay-opacity":"","overlay-gradient":""},"tablet":{"background-color":"","background-image":"","background-repeat":"repeat","background-position":"center center","background-size":"auto","background-attachment":"scroll","background-type":"","background-media":"","overlay-type":"","overlay-color":"","overlay-opacity":"","overlay-gradient":""},"mobile":{"background-color":"","background-image":"","background-repeat":"repeat","background-position":"center center","background-size":"auto","background-attachment":"scroll","background-type":"","background-media":"","overlay-type":"","overlay-color":"","overlay-opacity":"","overlay-gradient":""}},"ast-content-background-meta":{"desktop":{"background-color":"var(--ast-global-color-5)","background-image":"","background-repeat":"repeat","background-position":"center center","background-size":"auto","background-attachment":"scroll","background-type":"","background-media":"","overlay-type":"","overlay-color":"","overlay-opacity":"","overlay-gradient":""},"tablet":{"background-color":"var(--ast-global-color-5)","background-image":"","background-repeat":"repeat","background-position":"center center","background-size":"auto","background-attachment":"scroll","background-type":"","background-media":"","overlay-type":"","overlay-color":"","overlay-opacity":"","overlay-gradient":""},"mobile":{"background-color":"var(--ast-global-color-5)","background-image":"","background-repeat":"repeat","background-position":"center center","background-size":"auto","background-attachment":"scroll","background-type":"","background-media":"","overlay-type":"","overlay-color":"","overlay-opacity":"","overlay-gradient":""}},"footnotes":""},"categories":[1,4,5],"tags":[199,211,108,111],"class_list":["post-10838","post","type-post","status-publish","format-standard","hentry","category-general","category-portada","category-primaria","tag-badalona","tag-curs-20-21","tag-experts","tag-medi"],"post_mailing_queue_ids":[],"_links":{"self":[{"href":"https:\/\/agora.xtec.cat\/ceiparturmartorell\/wp-json\/wp\/v2\/posts\/10838","targetHints":{"allow":["GET"]}}],"collection":[{"href":"https:\/\/agora.xtec.cat\/ceiparturmartorell\/wp-json\/wp\/v2\/posts"}],"about":[{"href":"https:\/\/agora.xtec.cat\/ceiparturmartorell\/wp-json\/wp\/v2\/types\/post"}],"author":[{"embeddable":true,"href":"https:\/\/agora.xtec.cat\/ceiparturmartorell\/wp-json\/wp\/v2\/users\/9"}],"replies":[{"embeddable":true,"href":"https:\/\/agora.xtec.cat\/ceiparturmartorell\/wp-json\/wp\/v2\/comments?post=10838"}],"version-history":[{"count":3,"href":"https:\/\/agora.xtec.cat\/ceiparturmartorell\/wp-json\/wp\/v2\/posts\/10838\/revisions"}],"predecessor-version":[{"id":12050,"href":"https:\/\/agora.xtec.cat\/ceiparturmartorell\/wp-json\/wp\/v2\/posts\/10838\/revisions\/12050"}],"wp:attachment":[{"href":"https:\/\/agora.xtec.cat\/ceiparturmartorell\/wp-json\/wp\/v2\/media?parent=10838"}],"wp:term":[{"taxonomy":"category","embeddable":true,"href":"https:\/\/agora.xtec.cat\/ceiparturmartorell\/wp-json\/wp\/v2\/categories?post=10838"},{"taxonomy":"post_tag","embeddable":true,"href":"https:\/\/agora.xtec.cat\/ceiparturmartorell\/wp-json\/wp\/v2\/tags?post=10838"}],"curies":[{"name":"wp","href":"https:\/\/api.w.org\/{rel}","templated":true}]}}