{"id":10465,"date":"2020-11-19T09:22:23","date_gmt":"2020-11-19T08:22:23","guid":{"rendered":"https:\/\/agora.xtec.cat\/ceiparturmartorell\/?p=10465"},"modified":"2021-02-10T19:40:01","modified_gmt":"2021-02-10T18:40:01","slug":"les-balenes-anem-al-parc-de-ca-larnus-i-can-solei","status":"publish","type":"post","link":"https:\/\/agora.xtec.cat\/ceiparturmartorell\/general\/les-balenes-anem-al-parc-de-ca-larnus-i-can-solei\/","title":{"rendered":"Les Balenes anem al Parc de Ca l&#8217;Arn\u00fas i Can Solei"},"content":{"rendered":"<p>Ahir les Balenes vam fer una petita excursi\u00f3 per anar a buscar la tardor al parc de Ca l&#8217;Arn\u00fas i Can Solei.<\/p>\n<p>Ens ho vam passar pipa observant com es veu la tardor; el canvi de colors de les fulles, les fulles a terra, amb les taronges&#8230; <span style=\"font-family: inherit; font-size: 1em;\">jugant tots junts i corrents.<\/span><\/p>\n<p><a href=\"https:\/\/agora.xtec.cat\/ceiparturmartorell\/wp-content\/uploads\/usu99\/2020\/11\/IMG_20201118_094544_opt.jpg\"><img loading=\"lazy\" decoding=\"async\" class=\"aligncenter wp-image-10466 size-full\" src=\"https:\/\/agora.xtec.cat\/ceiparturmartorell\/wp-content\/uploads\/usu99\/2020\/11\/IMG_20201118_094544_opt.jpg\" alt=\"\" width=\"400\" height=\"300\" srcset=\"https:\/\/agora.xtec.cat\/ceiparturmartorell\/wp-content\/uploads\/usu99\/2020\/11\/IMG_20201118_094544_opt.jpg 400w, https:\/\/agora.xtec.cat\/ceiparturmartorell\/wp-content\/uploads\/usu99\/2020\/11\/IMG_20201118_094544_opt-300x225.jpg 300w, https:\/\/agora.xtec.cat\/ceiparturmartorell\/wp-content\/uploads\/usu99\/2020\/11\/IMG_20201118_094544_opt-200x150.jpg 200w\" sizes=\"auto, (max-width: 400px) 100vw, 400px\" \/><\/a><\/p>\n<p>Despr\u00e9s amb tot el que vam recollir vam fer unes creacions art\u00edstiques molt xules.<\/p>\n<p><a href=\"https:\/\/agora.xtec.cat\/ceiparturmartorell\/wp-content\/uploads\/usu99\/2020\/11\/IMG_20201118_123646_opt.jpg\"><img loading=\"lazy\" decoding=\"async\" class=\"aligncenter size-full wp-image-10469\" src=\"https:\/\/agora.xtec.cat\/ceiparturmartorell\/wp-content\/uploads\/usu99\/2020\/11\/IMG_20201118_123646_opt.jpg\" alt=\"\" width=\"400\" height=\"300\" srcset=\"https:\/\/agora.xtec.cat\/ceiparturmartorell\/wp-content\/uploads\/usu99\/2020\/11\/IMG_20201118_123646_opt.jpg 400w, https:\/\/agora.xtec.cat\/ceiparturmartorell\/wp-content\/uploads\/usu99\/2020\/11\/IMG_20201118_123646_opt-300x225.jpg 300w, https:\/\/agora.xtec.cat\/ceiparturmartorell\/wp-content\/uploads\/usu99\/2020\/11\/IMG_20201118_123646_opt-200x150.jpg 200w\" sizes=\"auto, (max-width: 400px) 100vw, 400px\" \/><\/a> <a href=\"https:\/\/agora.xtec.cat\/ceiparturmartorell\/wp-content\/uploads\/usu99\/2020\/11\/IMG_20201118_123612_opt.jpg\"><img loading=\"lazy\" decoding=\"async\" class=\"aligncenter size-full wp-image-10468\" src=\"https:\/\/agora.xtec.cat\/ceiparturmartorell\/wp-content\/uploads\/usu99\/2020\/11\/IMG_20201118_123612_opt.jpg\" alt=\"\" width=\"400\" height=\"300\" srcset=\"https:\/\/agora.xtec.cat\/ceiparturmartorell\/wp-content\/uploads\/usu99\/2020\/11\/IMG_20201118_123612_opt.jpg 400w, https:\/\/agora.xtec.cat\/ceiparturmartorell\/wp-content\/uploads\/usu99\/2020\/11\/IMG_20201118_123612_opt-300x225.jpg 300w, https:\/\/agora.xtec.cat\/ceiparturmartorell\/wp-content\/uploads\/usu99\/2020\/11\/IMG_20201118_123612_opt-200x150.jpg 200w\" sizes=\"auto, (max-width: 400px) 100vw, 400px\" \/><\/a> <a href=\"https:\/\/agora.xtec.cat\/ceiparturmartorell\/wp-content\/uploads\/usu99\/2020\/11\/IMG_20201118_123805_opt.jpg\"><img loading=\"lazy\" decoding=\"async\" class=\"aligncenter size-full wp-image-10467\" src=\"https:\/\/agora.xtec.cat\/ceiparturmartorell\/wp-content\/uploads\/usu99\/2020\/11\/IMG_20201118_123805_opt.jpg\" alt=\"\" width=\"400\" height=\"300\" srcset=\"https:\/\/agora.xtec.cat\/ceiparturmartorell\/wp-content\/uploads\/usu99\/2020\/11\/IMG_20201118_123805_opt.jpg 400w, https:\/\/agora.xtec.cat\/ceiparturmartorell\/wp-content\/uploads\/usu99\/2020\/11\/IMG_20201118_123805_opt-300x225.jpg 300w, https:\/\/agora.xtec.cat\/ceiparturmartorell\/wp-content\/uploads\/usu99\/2020\/11\/IMG_20201118_123805_opt-200x150.jpg 200w\" sizes=\"auto, (max-width: 400px) 100vw, 400px\" \/><\/a><\/p>\n<p>Si voleu veure com ens ho vam passar nom\u00e9s cal que veieu aquest v\u00eddeo per fer-vos-en una idea.<\/p>\n<p>&nbsp;<\/p>\n<div class=\"ast-oembed-container \" style=\"height: 100%;\"><iframe loading=\"lazy\" title=\"Les balenes al parc de Ca l&#039;Arn\u00fas i Can Solei\" width=\"500\" height=\"375\" src=\"https:\/\/www.youtube.com\/embed\/JMN2SgiKYcU?feature=oembed\" frameborder=\"0\" allow=\"accelerometer; autoplay; clipboard-write; encrypted-media; gyroscope; picture-in-picture; web-share\" referrerpolicy=\"strict-origin-when-cross-origin\" allowfullscreen><\/iframe><\/div>\n","protected":false},"excerpt":{"rendered":"<p>Ahir les Balenes vam fer una petita excursi\u00f3 per anar a buscar la tardor al parc de Ca l&#8217;Arn\u00fas i Can Solei.<\/p>\n","protected":false},"author":1,"featured_media":10466,"comment_status":"open","ping_status":"closed","sticky":false,"template":"","format":"standard","meta":{"_bbp_topic_count":0,"_bbp_reply_count":0,"_bbp_total_topic_count":0,"_bbp_total_reply_count":0,"_bbp_voice_count":0,"_bbp_anonymous_reply_count":0,"_bbp_topic_count_hidden":0,"_bbp_reply_count_hidden":0,"_bbp_forum_subforum_count":0,"site-sidebar-layout":"default","site-content-layout":"","ast-site-content-layout":"","site-content-style":"default","site-sidebar-style":"default","ast-global-header-display":"","ast-banner-title-visibility":"","ast-main-header-display":"","ast-hfb-above-header-display":"","ast-hfb-below-header-display":"","ast-hfb-mobile-header-display":"","site-post-title":"","ast-breadcrumbs-content":"","ast-featured-img":"","footer-sml-layout":"","theme-transparent-header-meta":"","adv-header-id-meta":"","stick-header-meta":"","header-above-stick-meta":"","header-main-stick-meta":"","header-below-stick-meta":"","astra-migrate-meta-layouts":"default","ast-page-background-enabled":"default","ast-page-background-meta":{"desktop":{"background-color":"var(--ast-global-color-4)","background-image":"","background-repeat":"repeat","background-position":"center center","background-size":"auto","background-attachment":"scroll","background-type":"","background-media":"","overlay-type":"","overlay-color":"","overlay-opacity":"","overlay-gradient":""},"tablet":{"background-color":"","background-image":"","background-repeat":"repeat","background-position":"center center","background-size":"auto","background-attachment":"scroll","background-type":"","background-media":"","overlay-type":"","overlay-color":"","overlay-opacity":"","overlay-gradient":""},"mobile":{"background-color":"","background-image":"","background-repeat":"repeat","background-position":"center center","background-size":"auto","background-attachment":"scroll","background-type":"","background-media":"","overlay-type":"","overlay-color":"","overlay-opacity":"","overlay-gradient":""}},"ast-content-background-meta":{"desktop":{"background-color":"var(--ast-global-color-5)","background-image":"","background-repeat":"repeat","background-position":"center center","background-size":"auto","background-attachment":"scroll","background-type":"","background-media":"","overlay-type":"","overlay-color":"","overlay-opacity":"","overlay-gradient":""},"tablet":{"background-color":"var(--ast-global-color-5)","background-image":"","background-repeat":"repeat","background-position":"center center","background-size":"auto","background-attachment":"scroll","background-type":"","background-media":"","overlay-type":"","overlay-color":"","overlay-opacity":"","overlay-gradient":""},"mobile":{"background-color":"var(--ast-global-color-5)","background-image":"","background-repeat":"repeat","background-position":"center center","background-size":"auto","background-attachment":"scroll","background-type":"","background-media":"","overlay-type":"","overlay-color":"","overlay-opacity":"","overlay-gradient":""}},"footnotes":""},"categories":[223,1,2,4],"tags":[211],"class_list":["post-10465","post","type-post","status-publish","format-standard","has-post-thumbnail","hentry","category-223","category-general","category-infantil","category-portada","tag-curs-20-21"],"post_mailing_queue_ids":[],"_links":{"self":[{"href":"https:\/\/agora.xtec.cat\/ceiparturmartorell\/wp-json\/wp\/v2\/posts\/10465","targetHints":{"allow":["GET"]}}],"collection":[{"href":"https:\/\/agora.xtec.cat\/ceiparturmartorell\/wp-json\/wp\/v2\/posts"}],"about":[{"href":"https:\/\/agora.xtec.cat\/ceiparturmartorell\/wp-json\/wp\/v2\/types\/post"}],"author":[{"embeddable":true,"href":"https:\/\/agora.xtec.cat\/ceiparturmartorell\/wp-json\/wp\/v2\/users\/1"}],"replies":[{"embeddable":true,"href":"https:\/\/agora.xtec.cat\/ceiparturmartorell\/wp-json\/wp\/v2\/comments?post=10465"}],"version-history":[{"count":3,"href":"https:\/\/agora.xtec.cat\/ceiparturmartorell\/wp-json\/wp\/v2\/posts\/10465\/revisions"}],"predecessor-version":[{"id":10496,"href":"https:\/\/agora.xtec.cat\/ceiparturmartorell\/wp-json\/wp\/v2\/posts\/10465\/revisions\/10496"}],"wp:featuredmedia":[{"embeddable":true,"href":"https:\/\/agora.xtec.cat\/ceiparturmartorell\/wp-json\/wp\/v2\/media\/10466"}],"wp:attachment":[{"href":"https:\/\/agora.xtec.cat\/ceiparturmartorell\/wp-json\/wp\/v2\/media?parent=10465"}],"wp:term":[{"taxonomy":"category","embeddable":true,"href":"https:\/\/agora.xtec.cat\/ceiparturmartorell\/wp-json\/wp\/v2\/categories?post=10465"},{"taxonomy":"post_tag","embeddable":true,"href":"https:\/\/agora.xtec.cat\/ceiparturmartorell\/wp-json\/wp\/v2\/tags?post=10465"}],"curies":[{"name":"wp","href":"https:\/\/api.w.org\/{rel}","templated":true}]}}