{"id":9050,"date":"2026-03-10T10:59:24","date_gmt":"2026-03-10T09:59:24","guid":{"rendered":"https:\/\/agora.xtec.cat\/ceiparquitectegaudi\/?p=9050"},"modified":"2026-03-10T10:59:24","modified_gmt":"2026-03-10T09:59:24","slug":"projectes-a-5e-arquitectura-i-cooperativa","status":"publish","type":"post","link":"https:\/\/agora.xtec.cat\/ceiparquitectegaudi\/general\/projectes-a-5e-arquitectura-i-cooperativa\/","title":{"rendered":"Projectes a 5\u00e8: arquitectura i cooperativa"},"content":{"rendered":"<p><span style=\"font-weight: 400;\">A la nostra escola, <\/span><b>Gaud\u00ed<\/b><span style=\"font-weight: 400;\"> \u00e9s una font d\u2019inspiraci\u00f3 constant en els projectes d\u2019aprenentatge. Aquest trimestre, l\u2019alumnat de <\/span><b>5\u00e8 de prim\u00e0ria<\/b><span style=\"font-weight: 400;\"> est\u00e0 descobrint la seva arquitectura a partir de l\u2019estudi de la <\/span><b>cripta<\/b><span style=\"font-weight: 400;\">, els <\/span><b>pl\u00e0nols<\/b><span style=\"font-weight: 400;\"> i les <\/span><b>estructures<\/b><span style=\"font-weight: 400;\"> dels seus edificis.<\/span><\/p>\n<p><span style=\"font-weight: 400;\">Hem observat elements com arcs, columnes o murs, i tamb\u00e9 hem treballat la <\/span><b>mesura i l\u2019escala<\/b><span style=\"font-weight: 400;\">, entenent com un pl\u00e0nol representa la realitat en petit format. A m\u00e9s, hem iniciat un <\/span><b>laboratori d\u2019arquitectes<\/b><span style=\"font-weight: 400;\">, on els alumnes formulen hip\u00f2tesis i experimenten per construir estructures inspirades en les formes que utilitzava Gaud\u00ed.<\/span><\/p>\n<p><img loading=\"lazy\" decoding=\"async\" class=\"wp-image-9053 alignnone\" src=\"https:\/\/agora.xtec.cat\/ceiparquitectegaudi\/wp-content\/uploads\/usu1602\/2026\/03\/IMG_8084-scaled.jpeg\" alt=\"\" width=\"183\" height=\"244\" srcset=\"https:\/\/agora.xtec.cat\/ceiparquitectegaudi\/wp-content\/uploads\/usu1602\/2026\/03\/IMG_8084-scaled.jpeg 1920w, https:\/\/agora.xtec.cat\/ceiparquitectegaudi\/wp-content\/uploads\/usu1602\/2026\/03\/IMG_8084-225x300.jpeg 225w, https:\/\/agora.xtec.cat\/ceiparquitectegaudi\/wp-content\/uploads\/usu1602\/2026\/03\/IMG_8084-768x1024.jpeg 768w, https:\/\/agora.xtec.cat\/ceiparquitectegaudi\/wp-content\/uploads\/usu1602\/2026\/03\/IMG_8084-1152x1536.jpeg 1152w, https:\/\/agora.xtec.cat\/ceiparquitectegaudi\/wp-content\/uploads\/usu1602\/2026\/03\/IMG_8084-1536x2048.jpeg 1536w\" sizes=\"auto, (max-width: 183px) 100vw, 183px\" \/>\u00a0 \u00a0 \u00a0 \u00a0 \u00a0 \u00a0 \u00a0 \u00a0 \u00a0 \u00a0 \u00a0 \u00a0 \u00a0 \u00a0<img loading=\"lazy\" decoding=\"async\" class=\"wp-image-9052 alignnone\" src=\"https:\/\/agora.xtec.cat\/ceiparquitectegaudi\/wp-content\/uploads\/usu1602\/2026\/03\/20250926_154315-scaled.jpg\" alt=\"\" width=\"258\" height=\"181\" srcset=\"https:\/\/agora.xtec.cat\/ceiparquitectegaudi\/wp-content\/uploads\/usu1602\/2026\/03\/20250926_154315-scaled.jpg 2560w, https:\/\/agora.xtec.cat\/ceiparquitectegaudi\/wp-content\/uploads\/usu1602\/2026\/03\/20250926_154315-300x210.jpg 300w, https:\/\/agora.xtec.cat\/ceiparquitectegaudi\/wp-content\/uploads\/usu1602\/2026\/03\/20250926_154315-1024x717.jpg 1024w, https:\/\/agora.xtec.cat\/ceiparquitectegaudi\/wp-content\/uploads\/usu1602\/2026\/03\/20250926_154315-768x538.jpg 768w, https:\/\/agora.xtec.cat\/ceiparquitectegaudi\/wp-content\/uploads\/usu1602\/2026\/03\/20250926_154315-1536x1075.jpg 1536w, https:\/\/agora.xtec.cat\/ceiparquitectegaudi\/wp-content\/uploads\/usu1602\/2026\/03\/20250926_154315-2048x1433.jpg 2048w\" sizes=\"auto, (max-width: 258px) 100vw, 258px\" \/><\/p>\n<p><span style=\"font-weight: 400;\">Aquest projecte es combina amb el programa <\/span><b>CUEME (Cultura Emprenedora a l\u2019Escola)<\/b><span style=\"font-weight: 400;\">. L\u2019alumnat ha creat la seva pr\u00f2pia cooperativa: escollint el nom, dissenyant el logotip, organitzant els c\u00e0rrecs i ja han pensat quins productes elaboraran per vendre.<\/span><\/p>\n<p><span style=\"font-weight: 400;\">Part dels <\/span><b>beneficis obtinguts amb la venda dels productes<\/b><span style=\"font-weight: 400;\"> es destinaran a l\u2019associaci\u00f3 <\/span><b>CRAM<\/b><span style=\"font-weight: 400;\">, que treballa per a la conservaci\u00f3 i recuperaci\u00f3 de la fauna marina. L\u2019altra part, ser\u00e0 per una petita sortida ben merescuda per tot el treball que estan fent!<\/span><\/p>\n<p><span style=\"font-weight: 400;\">D\u2019aquesta manera, a 5\u00e8 treballem l\u2019arquitectura, la creativitat, el treball en equip i la iniciativa emprenedora d\u2019una manera vivencial i significativa.<\/span><\/p>\n<p><img loading=\"lazy\" decoding=\"async\" class=\"wp-image-9051 alignnone\" src=\"https:\/\/agora.xtec.cat\/ceiparquitectegaudi\/wp-content\/uploads\/usu1602\/2026\/03\/WhatsApp-Image-2026-02-28-at-20.47.21-3.jpeg\" alt=\"\" width=\"221\" height=\"294\" srcset=\"https:\/\/agora.xtec.cat\/ceiparquitectegaudi\/wp-content\/uploads\/usu1602\/2026\/03\/WhatsApp-Image-2026-02-28-at-20.47.21-3.jpeg 1200w, https:\/\/agora.xtec.cat\/ceiparquitectegaudi\/wp-content\/uploads\/usu1602\/2026\/03\/WhatsApp-Image-2026-02-28-at-20.47.21-3-225x300.jpeg 225w, https:\/\/agora.xtec.cat\/ceiparquitectegaudi\/wp-content\/uploads\/usu1602\/2026\/03\/WhatsApp-Image-2026-02-28-at-20.47.21-3-768x1024.jpeg 768w, https:\/\/agora.xtec.cat\/ceiparquitectegaudi\/wp-content\/uploads\/usu1602\/2026\/03\/WhatsApp-Image-2026-02-28-at-20.47.21-3-1152x1536.jpeg 1152w\" sizes=\"auto, (max-width: 221px) 100vw, 221px\" \/>\u00a0 \u00a0<img loading=\"lazy\" decoding=\"async\" class=\"wp-image-9054 alignnone\" src=\"https:\/\/agora.xtec.cat\/ceiparquitectegaudi\/wp-content\/uploads\/usu1602\/2026\/03\/WhatsApp-Image-2026-02-28-at-20.47.21.jpeg\" alt=\"\" width=\"224\" height=\"299\" srcset=\"https:\/\/agora.xtec.cat\/ceiparquitectegaudi\/wp-content\/uploads\/usu1602\/2026\/03\/WhatsApp-Image-2026-02-28-at-20.47.21.jpeg 1200w, https:\/\/agora.xtec.cat\/ceiparquitectegaudi\/wp-content\/uploads\/usu1602\/2026\/03\/WhatsApp-Image-2026-02-28-at-20.47.21-225x300.jpeg 225w, https:\/\/agora.xtec.cat\/ceiparquitectegaudi\/wp-content\/uploads\/usu1602\/2026\/03\/WhatsApp-Image-2026-02-28-at-20.47.21-768x1024.jpeg 768w, https:\/\/agora.xtec.cat\/ceiparquitectegaudi\/wp-content\/uploads\/usu1602\/2026\/03\/WhatsApp-Image-2026-02-28-at-20.47.21-1152x1536.jpeg 1152w\" sizes=\"auto, (max-width: 224px) 100vw, 224px\" \/>\u00a0 \u00a0 <img loading=\"lazy\" decoding=\"async\" class=\"wp-image-9055 alignnone\" src=\"https:\/\/agora.xtec.cat\/ceiparquitectegaudi\/wp-content\/uploads\/usu1602\/2026\/03\/WhatsApp-Image-2026-02-28-at-20.47.21-1.jpeg\" alt=\"\" width=\"223\" height=\"297\" srcset=\"https:\/\/agora.xtec.cat\/ceiparquitectegaudi\/wp-content\/uploads\/usu1602\/2026\/03\/WhatsApp-Image-2026-02-28-at-20.47.21-1.jpeg 1200w, https:\/\/agora.xtec.cat\/ceiparquitectegaudi\/wp-content\/uploads\/usu1602\/2026\/03\/WhatsApp-Image-2026-02-28-at-20.47.21-1-225x300.jpeg 225w, https:\/\/agora.xtec.cat\/ceiparquitectegaudi\/wp-content\/uploads\/usu1602\/2026\/03\/WhatsApp-Image-2026-02-28-at-20.47.21-1-768x1024.jpeg 768w, https:\/\/agora.xtec.cat\/ceiparquitectegaudi\/wp-content\/uploads\/usu1602\/2026\/03\/WhatsApp-Image-2026-02-28-at-20.47.21-1-1152x1536.jpeg 1152w\" sizes=\"auto, (max-width: 223px) 100vw, 223px\" \/><\/p>\n<p><img loading=\"lazy\" decoding=\"async\" class=\"wp-image-9056 aligncenter\" src=\"https:\/\/agora.xtec.cat\/ceiparquitectegaudi\/wp-content\/uploads\/usu1602\/2026\/03\/WhatsApp-Image-2026-02-28-at-20.47.21-2.jpeg\" alt=\"\" width=\"208\" height=\"277\" srcset=\"https:\/\/agora.xtec.cat\/ceiparquitectegaudi\/wp-content\/uploads\/usu1602\/2026\/03\/WhatsApp-Image-2026-02-28-at-20.47.21-2.jpeg 1200w, https:\/\/agora.xtec.cat\/ceiparquitectegaudi\/wp-content\/uploads\/usu1602\/2026\/03\/WhatsApp-Image-2026-02-28-at-20.47.21-2-225x300.jpeg 225w, https:\/\/agora.xtec.cat\/ceiparquitectegaudi\/wp-content\/uploads\/usu1602\/2026\/03\/WhatsApp-Image-2026-02-28-at-20.47.21-2-768x1024.jpeg 768w, https:\/\/agora.xtec.cat\/ceiparquitectegaudi\/wp-content\/uploads\/usu1602\/2026\/03\/WhatsApp-Image-2026-02-28-at-20.47.21-2-1152x1536.jpeg 1152w\" sizes=\"auto, (max-width: 208px) 100vw, 208px\" \/><\/p>\n","protected":false},"excerpt":{"rendered":"<p>A la nostra escola, Gaud\u00ed \u00e9s una font d\u2019inspiraci\u00f3 constant en els projectes d\u2019aprenentatge. Aquest trimestre, l\u2019alumnat de 5\u00e8 de prim\u00e0ria est\u00e0 descobrint la seva arquitectura a partir de l\u2019estudi de la cripta, els pl\u00e0nols i les estructures dels seus edificis.<br \/>\nHem observat elements com arcs,&hellip;  <a href=\"https:\/\/agora.xtec.cat\/ceiparquitectegaudi\/general\/projectes-a-5e-arquitectura-i-cooperativa\/\" title=\"Read Projectes a 5\u00e8: arquitectura i cooperativa\">Llegeix m\u00e9s\u00bb<\/a><\/p>\n","protected":false},"author":4,"featured_media":0,"comment_status":"open","ping_status":"open","sticky":false,"template":"","format":"standard","meta":{"_bbp_topic_count":0,"_bbp_reply_count":0,"_bbp_total_topic_count":0,"_bbp_total_reply_count":0,"_bbp_voice_count":0,"_bbp_anonymous_reply_count":0,"_bbp_topic_count_hidden":0,"_bbp_reply_count_hidden":0,"_bbp_forum_subforum_count":0,"footnotes":""},"categories":[1,4],"tags":[76,265,201],"class_list":["post-9050","post","type-post","status-publish","format-standard","hentry","category-general","category-portada","tag-5e","tag-cueme","tag-projectes"],"post_mailing_queue_ids":[],"_links":{"self":[{"href":"https:\/\/agora.xtec.cat\/ceiparquitectegaudi\/wp-json\/wp\/v2\/posts\/9050","targetHints":{"allow":["GET"]}}],"collection":[{"href":"https:\/\/agora.xtec.cat\/ceiparquitectegaudi\/wp-json\/wp\/v2\/posts"}],"about":[{"href":"https:\/\/agora.xtec.cat\/ceiparquitectegaudi\/wp-json\/wp\/v2\/types\/post"}],"author":[{"embeddable":true,"href":"https:\/\/agora.xtec.cat\/ceiparquitectegaudi\/wp-json\/wp\/v2\/users\/4"}],"replies":[{"embeddable":true,"href":"https:\/\/agora.xtec.cat\/ceiparquitectegaudi\/wp-json\/wp\/v2\/comments?post=9050"}],"version-history":[{"count":2,"href":"https:\/\/agora.xtec.cat\/ceiparquitectegaudi\/wp-json\/wp\/v2\/posts\/9050\/revisions"}],"predecessor-version":[{"id":9058,"href":"https:\/\/agora.xtec.cat\/ceiparquitectegaudi\/wp-json\/wp\/v2\/posts\/9050\/revisions\/9058"}],"wp:attachment":[{"href":"https:\/\/agora.xtec.cat\/ceiparquitectegaudi\/wp-json\/wp\/v2\/media?parent=9050"}],"wp:term":[{"taxonomy":"category","embeddable":true,"href":"https:\/\/agora.xtec.cat\/ceiparquitectegaudi\/wp-json\/wp\/v2\/categories?post=9050"},{"taxonomy":"post_tag","embeddable":true,"href":"https:\/\/agora.xtec.cat\/ceiparquitectegaudi\/wp-json\/wp\/v2\/tags?post=9050"}],"curies":[{"name":"wp","href":"https:\/\/api.w.org\/{rel}","templated":true}]}}