{"id":9018,"date":"2026-03-10T22:35:21","date_gmt":"2026-03-10T21:35:21","guid":{"rendered":"https:\/\/agora.xtec.cat\/ceiparquitectegaudi\/?p=9018"},"modified":"2026-03-10T22:35:21","modified_gmt":"2026-03-10T21:35:21","slug":"langles-a-la-nostra-escola","status":"publish","type":"post","link":"https:\/\/agora.xtec.cat\/ceiparquitectegaudi\/general\/langles-a-la-nostra-escola\/","title":{"rendered":"L&#8217;angl\u00e8s a la nostra escola!"},"content":{"rendered":"<h3 data-path-to-node=\"2\">Un aprenentatge viu i compartit<\/h3>\n<p data-path-to-node=\"3\">A la nostra escola, entenem l&#8217;angl\u00e8s com una <b data-path-to-node=\"3\" data-index-in-node=\"80\">eina de comunicaci\u00f3 i descoberta<\/b>. El nostre objectiu \u00e9s que l&#8217;alumnat s&#8217;integri en la llengua de manera <strong>natural, l\u00fadica i significativa<\/strong> des dels primers anys.<\/p>\n<h4 data-path-to-node=\"4\">\ud83c\udf08 Dracs: La m\u00e0gia del Mr. Yellow<\/h4>\n<p data-path-to-node=\"5\">A la comunitat dels Dracs l&#8217;angl\u00e8s entra a l&#8217;aula de la m\u00e0 de la il\u00b7lusi\u00f3. El nostre protagonista, el <b data-path-to-node=\"5\" data-index-in-node=\"98\">Mr. Yellow<\/b>, \u00e9s l&#8217;encarregat de guiar els m\u00e9s petits en els seus primers passos amb l&#8217;idioma a trav\u00e9s de:<\/p>\n<ul data-path-to-node=\"6\">\n<li>\n<p data-path-to-node=\"6,0,0\"><b data-path-to-node=\"6,0,0\" data-index-in-node=\"0\">Storytelling:<\/b> Contes que desperten la imaginaci\u00f3 i faciliten la comprensi\u00f3 oral.<\/p>\n<\/li>\n<li>\n<p data-path-to-node=\"6,1,0\"><b data-path-to-node=\"6,1,0\" data-index-in-node=\"0\">Songs &amp; Movement:<\/b> Can\u00e7ons i rutines que ajuden a interioritzar la sonoritat de la llengua.<\/p>\n<\/li>\n<li>\n<p data-path-to-node=\"6,2,0\"><b data-path-to-node=\"6,2,0\" data-index-in-node=\"0\">Jocs i Manualitats:<\/b> Aprenem fent (<i data-path-to-node=\"6,2,0\" data-index-in-node=\"34\">learning by doing<\/i>), connectant el vocabulari amb l&#8217;expressi\u00f3 art\u00edstica i el joc simb\u00f2lic.<\/p>\n<\/li>\n<\/ul>\n<h4 data-path-to-node=\"8\">\ud83d\udde3\ufe0f Educaci\u00f3 Prim\u00e0ria: Comunicaci\u00f3 i Literatura<\/h4>\n<p data-path-to-node=\"9\"><img loading=\"lazy\" decoding=\"async\" class=\"wp-image-9020 alignleft\" src=\"https:\/\/agora.xtec.cat\/ceiparquitectegaudi\/wp-content\/uploads\/usu1602\/2026\/03\/20260108_114853-rotated.jpg\" alt=\"\" width=\"178\" height=\"237\" srcset=\"https:\/\/agora.xtec.cat\/ceiparquitectegaudi\/wp-content\/uploads\/usu1602\/2026\/03\/20260108_114853-rotated.jpg 800w, https:\/\/agora.xtec.cat\/ceiparquitectegaudi\/wp-content\/uploads\/usu1602\/2026\/03\/20260108_114853-225x300.jpg 225w, https:\/\/agora.xtec.cat\/ceiparquitectegaudi\/wp-content\/uploads\/usu1602\/2026\/03\/20260108_114853-768x1024.jpg 768w\" sizes=\"auto, (max-width: 178px) 100vw, 178px\" \/>A Prim\u00e0ria, fem un pas endavant posant el focus en la <b data-path-to-node=\"9\" data-index-in-node=\"54\">compet\u00e8ncia oral<\/b>. Volem que l&#8217;alumnat perdi la por a parlar i que se sentin segurs expressant-se. Els nostres pilars s\u00f3n:<\/p>\n<ul data-path-to-node=\"10\">\n<li>\n<p data-path-to-node=\"10,0,0\"><b data-path-to-node=\"10,0,0\" data-index-in-node=\"0\">L\u2019expressi\u00f3 oral com a prioritat:<\/b> Din\u00e0miques de grup i presentacions per guanyar flu\u00efdesa. A\u00a0 cicle inincial i mitj\u00e0\u00a0 l&#8217;aprenentatge l\u2019hem centrat principalment en l\u2019expressi\u00f3 i comprensi\u00f3 oral, anem acostumant-nos als sons i expressions en aquesta llengua a trav\u00e9s de jocs, can\u00e7ons, contes, rutines d\u2019aula inactivitats manipulatives; es treballen els temes que viuen de forma directe com el temps, els dies de la setmanal, la fam\u00edlia, la casa i els animals.<\/p>\n<\/li>\n<li>Al cicle superior treballem refor\u00e7ant l\u2019\u00fas oral de la llengua ampliant, segons nivell, vocabulari i estructures gramaticals per anar consolidant les quatre habilitats ling\u00fc\u00edstiques: comprensi\u00f3 oral, expressi\u00f3 oral, comprensi\u00f3 escrita i expressi\u00f3 escrita. Treballem amb textos i v\u00eddeos que ens expliquen les tradicions i festes en pa\u00efsos de llengua anglesai diversos p\u00f2dcast dels diferents temes treballats.<\/li>\n<li><\/li>\n<li>\n<p data-path-to-node=\"10,1,0\"><b data-path-to-node=\"10,1,0\" data-index-in-node=\"0\">La lectura com a motor:<\/b> Utilitzem llibres, revistes i contes com a base per explorar nous mons, estructures gramaticals i vocabulari contextulitzat.<\/p>\n<p><img loading=\"lazy\" decoding=\"async\" class=\"wp-image-9021 alignright\" src=\"https:\/\/agora.xtec.cat\/ceiparquitectegaudi\/wp-content\/uploads\/usu1602\/2026\/03\/20260108_120901-rotated.jpg\" alt=\"\" width=\"226\" height=\"302\" srcset=\"https:\/\/agora.xtec.cat\/ceiparquitectegaudi\/wp-content\/uploads\/usu1602\/2026\/03\/20260108_120901-rotated.jpg 800w, https:\/\/agora.xtec.cat\/ceiparquitectegaudi\/wp-content\/uploads\/usu1602\/2026\/03\/20260108_120901-225x300.jpg 225w, https:\/\/agora.xtec.cat\/ceiparquitectegaudi\/wp-content\/uploads\/usu1602\/2026\/03\/20260108_120901-768x1024.jpg 768w\" sizes=\"auto, (max-width: 226px) 100vw, 226px\" \/><\/li>\n<li>\n<p data-path-to-node=\"10,2,0\"><b data-path-to-node=\"10,2,0\" data-index-in-node=\"0\">Gamificaci\u00f3:<\/b> Consolidem tot el que aprenem mitjan\u00e7ant jocs educatius que mantenen la motivaci\u00f3 ben alta.<\/p>\n<\/li>\n<\/ul>\n<h4 data-path-to-node=\"12\">\ud83c\udf0d Cultura i Projectes Col\u00b7laboratius<\/h4>\n<p data-path-to-node=\"13\">Creiem que aprendre una llengua tamb\u00e9 \u00e9s aprendre la seva cultura i compartir experi\u00e8ncies amb els altres: <img loading=\"lazy\" decoding=\"async\" class=\"wp-image-9023 alignleft\" src=\"https:\/\/agora.xtec.cat\/ceiparquitectegaudi\/wp-content\/uploads\/usu1602\/2026\/03\/20260114_11544112.jpg\" alt=\"\" width=\"181\" height=\"225\" srcset=\"https:\/\/agora.xtec.cat\/ceiparquitectegaudi\/wp-content\/uploads\/usu1602\/2026\/03\/20260114_11544112.jpg 800w, https:\/\/agora.xtec.cat\/ceiparquitectegaudi\/wp-content\/uploads\/usu1602\/2026\/03\/20260114_11544112-241x300.jpg 241w, https:\/\/agora.xtec.cat\/ceiparquitectegaudi\/wp-content\/uploads\/usu1602\/2026\/03\/20260114_11544112-768x954.jpg 768w\" sizes=\"auto, (max-width: 181px) 100vw, 181px\" \/><\/p>\n<ol start=\"1\" data-path-to-node=\"14\">\n<li>\n<p data-path-to-node=\"14,0,0\"><b data-path-to-node=\"14,0,0\" data-index-in-node=\"0\">Festivities:<\/b> Celebrem les tradicions del m\u00f3n anglosax\u00f3 com <b data-path-to-node=\"14,0,0\" data-index-in-node=\"59\">Halloween, Christmas i Easter<\/b>, apropant l&#8217;alumnat a les arrels culturals d&#8217;aquesta llengua.<\/p>\n<\/li>\n<li>\n<p data-path-to-node=\"14,1,0\"><b data-path-to-node=\"14,1,0\" data-index-in-node=\"0\">Sharing to Learn:<\/b> Gaudim d&#8217;una col\u00b7laboraci\u00f3 molt especial amb l&#8217;institut. Gr\u00e0cies a aquest projecte, els alumnes de secund\u00e0ria ens visiten i comparteixen sessions d&#8217;aprenentatge amb els nostres infants, creant un vincle \u00fanic de <b data-path-to-node=\"14,1,0\" data-index-in-node=\"239\">suport entre iguals<\/b>.<\/p>\n<\/li>\n<li><b data-path-to-node=\"1\" data-index-in-node=\"44\">Taller AICLE d&#8217;Arts &amp; Crafts, <\/b>durant el curs fem diferents propostes art\u00edstiques en angl\u00e8s. Per exemple aquest curs hem aprofundit en la vida i obra\u00a0<b data-path-to-node=\"1\" data-index-in-node=\"85\">Piet Mondrian\u00a0<\/b>i altres referents del pop art.<\/li>\n<\/ol>\n<p style=\"text-align: center;\"><img loading=\"lazy\" decoding=\"async\" class=\"aligncenter wp-image-9019\" src=\"https:\/\/agora.xtec.cat\/ceiparquitectegaudi\/wp-content\/uploads\/usu1602\/2026\/03\/20251203_120833-rotated.jpg\" alt=\"\" width=\"387\" height=\"516\" srcset=\"https:\/\/agora.xtec.cat\/ceiparquitectegaudi\/wp-content\/uploads\/usu1602\/2026\/03\/20251203_120833-rotated.jpg 800w, https:\/\/agora.xtec.cat\/ceiparquitectegaudi\/wp-content\/uploads\/usu1602\/2026\/03\/20251203_120833-225x300.jpg 225w, https:\/\/agora.xtec.cat\/ceiparquitectegaudi\/wp-content\/uploads\/usu1602\/2026\/03\/20251203_120833-768x1024.jpg 768w\" sizes=\"auto, (max-width: 387px) 100vw, 387px\" \/><\/p>\n<p style=\"text-align: center;\" data-path-to-node=\"14,1,0\"><span style=\"font-family: inherit; font-size: 1em; color: #808080;\">&#8220;L&#8217;angl\u00e8s a l&#8217;escola \u00e9s una aventura di\u00e0ria on cada paraula nova \u00e9s un repte superat i cada joc, una oportunitat per cr\u00e9ixer.&#8221;<\/span><\/p>\n","protected":false},"excerpt":{"rendered":"<p>Un aprenentatge viu i compartit<br \/>\nA la nostra escola, entenem l&#8217;angl\u00e8s com una eina de comunicaci\u00f3 i descoberta. El nostre objectiu \u00e9s que l&#8217;alumnat s&#8217;integri en la llengua de manera natural, l\u00fadica i significativa des dels primers anys.<br \/>\n\ud83c\udf08 Dracs: La m\u00e0gia del Mr. Yellow<br \/>\nA la comunitat&hellip;  <a href=\"https:\/\/agora.xtec.cat\/ceiparquitectegaudi\/general\/langles-a-la-nostra-escola\/\" title=\"Read L&#8217;angl\u00e8s a la nostra escola!\">Llegeix m\u00e9s\u00bb<\/a><\/p>\n","protected":false},"author":4,"featured_media":9019,"comment_status":"closed","ping_status":"closed","sticky":false,"template":"","format":"standard","meta":{"_bbp_topic_count":0,"_bbp_reply_count":0,"_bbp_total_topic_count":0,"_bbp_total_reply_count":0,"_bbp_voice_count":0,"_bbp_anonymous_reply_count":0,"_bbp_topic_count_hidden":0,"_bbp_reply_count_hidden":0,"_bbp_forum_subforum_count":0,"footnotes":""},"categories":[301,328,1,2,4,5],"tags":[75,70,61,76,77,91,329,87,71,150,79,55,57,116],"class_list":["post-9018","post","type-post","status-publish","format-standard","has-post-thumbnail","hentry","category-comunitat-dracs","category-english","category-general","category-infantil","category-portada","category-primaria","tag-2n","tag-3r","tag-4t","tag-5e","tag-6e","tag-activitat-cooperativa","tag-aicle","tag-angles","tag-escola","tag-gaudi","tag-gaudim","tag-infantil","tag-primaria","tag-sant-feliu"],"post_mailing_queue_ids":[],"_links":{"self":[{"href":"https:\/\/agora.xtec.cat\/ceiparquitectegaudi\/wp-json\/wp\/v2\/posts\/9018","targetHints":{"allow":["GET"]}}],"collection":[{"href":"https:\/\/agora.xtec.cat\/ceiparquitectegaudi\/wp-json\/wp\/v2\/posts"}],"about":[{"href":"https:\/\/agora.xtec.cat\/ceiparquitectegaudi\/wp-json\/wp\/v2\/types\/post"}],"author":[{"embeddable":true,"href":"https:\/\/agora.xtec.cat\/ceiparquitectegaudi\/wp-json\/wp\/v2\/users\/4"}],"replies":[{"embeddable":true,"href":"https:\/\/agora.xtec.cat\/ceiparquitectegaudi\/wp-json\/wp\/v2\/comments?post=9018"}],"version-history":[{"count":3,"href":"https:\/\/agora.xtec.cat\/ceiparquitectegaudi\/wp-json\/wp\/v2\/posts\/9018\/revisions"}],"predecessor-version":[{"id":9049,"href":"https:\/\/agora.xtec.cat\/ceiparquitectegaudi\/wp-json\/wp\/v2\/posts\/9018\/revisions\/9049"}],"wp:featuredmedia":[{"embeddable":true,"href":"https:\/\/agora.xtec.cat\/ceiparquitectegaudi\/wp-json\/wp\/v2\/media\/9019"}],"wp:attachment":[{"href":"https:\/\/agora.xtec.cat\/ceiparquitectegaudi\/wp-json\/wp\/v2\/media?parent=9018"}],"wp:term":[{"taxonomy":"category","embeddable":true,"href":"https:\/\/agora.xtec.cat\/ceiparquitectegaudi\/wp-json\/wp\/v2\/categories?post=9018"},{"taxonomy":"post_tag","embeddable":true,"href":"https:\/\/agora.xtec.cat\/ceiparquitectegaudi\/wp-json\/wp\/v2\/tags?post=9018"}],"curies":[{"name":"wp","href":"https:\/\/api.w.org\/{rel}","templated":true}]}}