{"id":8846,"date":"2025-12-27T14:13:54","date_gmt":"2025-12-27T13:13:54","guid":{"rendered":"https:\/\/agora.xtec.cat\/ceiparquitectegaudi\/?p=8846"},"modified":"2025-12-27T14:13:54","modified_gmt":"2025-12-27T13:13:54","slug":"art-natura-i-aprenentatge-amb-gaudi","status":"publish","type":"post","link":"https:\/\/agora.xtec.cat\/ceiparquitectegaudi\/general\/art-natura-i-aprenentatge-amb-gaudi\/","title":{"rendered":"Art, natura i aprenentatge amb Gaud\u00ed!"},"content":{"rendered":"<p data-start=\"162\" data-end=\"558\">Aquest trimestre els infants de 3r hem dut a terme diverses activitats vinculades al projecte Magnet i a la figura d\u2019Antoni Gaud\u00ed. Hem iniciat el treball a partir del nom de la classe, <em data-start=\"329\" data-end=\"363\">els quatre<a href=\"https:\/\/agora.xtec.cat\/ceiparquitectegaudi\/wp-content\/uploads\/usu1602\/2025\/12\/WhatsApp-Image-2025-12-18-at-13.33.09.jpeg\"><img loading=\"lazy\" decoding=\"async\" class=\"size-thumbnail wp-image-8848 alignright\" src=\"https:\/\/agora.xtec.cat\/ceiparquitectegaudi\/wp-content\/uploads\/usu1602\/2025\/12\/WhatsApp-Image-2025-12-18-at-13.33.09-150x150.jpeg\" alt=\"\" width=\"150\" height=\"150\" \/><\/a> elements de la natura<\/em>, establint relacions entre aquests elements i diferents creacions arquitect\u00f2niques de Gaud\u00ed. Aquesta exploraci\u00f3 ens ha perm\u00e8s descobrir com l\u2019art i la natura es connecten i s\u2019inspiren m\u00fatuament.<\/p>\n<p data-start=\"560\" data-end=\"1019\">A partir d\u2019aqu\u00ed, ens hem preguntat qu\u00e8 sabem i qu\u00e8 ens agradaria saber sobre com es construeix un edifici, com a preparaci\u00f3 per a la visita a la Casa Vicens. En aquest proc\u00e9s, vam poder observar un element caracter\u00edstic de la tanca d\u2019aquesta casa: el <em data-start=\"811\" data-end=\"821\">margall\u00f3<\/em>. A partir de la seva observaci\u00f3, vam elaborar una fitxa t\u00e8cnica identificant-ne les parts, descrivint-ne les caracter\u00edstiques i<a href=\"https:\/\/agora.xtec.cat\/ceiparquitectegaudi\/wp-content\/uploads\/usu1602\/2025\/12\/WhatsApp-Image-2025-12-18-at-13.32.26.jpeg\"><img loading=\"lazy\" decoding=\"async\" class=\"size-thumbnail wp-image-8851 alignright\" src=\"https:\/\/agora.xtec.cat\/ceiparquitectegaudi\/wp-content\/uploads\/usu1602\/2025\/12\/WhatsApp-Image-2025-12-18-at-13.32.26-150x150.jpeg\" alt=\"\" width=\"150\" height=\"150\" \/><\/a> aprenent a utilitzar un vocabulari adequat per parlar de les plantes.<\/p>\n<p data-start=\"1021\" data-end=\"1272\">Aquest treball ha estat el punt de partida per introduir el projecte de l\u2019hort de l\u2019escola, que ens permet aprofundir en la identificaci\u00f3 i l\u2019observaci\u00f3 de plantes, aix\u00ed com establir connexions amb altres \u00e0rees, especialment l\u2019estudi del medi natural.<\/p>\n<p data-start=\"1274\" data-end=\"1648\">Durant el trimestre hem comen\u00e7at posant a punt l\u2019hort: els infants han arrencat les<a style=\"color: #2795b6;\" href=\"https:\/\/agora.xtec.cat\/ceiparquitectegaudi\/wp-content\/uploads\/usu1602\/2025\/12\/WhatsApp-Image-2025-12-18-at-13.32.25.jpeg\"><img loading=\"lazy\" decoding=\"async\" class=\"size-thumbnail wp-image-8849 alignright\" src=\"https:\/\/agora.xtec.cat\/ceiparquitectegaudi\/wp-content\/uploads\/usu1602\/2025\/12\/WhatsApp-Image-2025-12-18-at-13.32.25-150x150.jpeg\" alt=\"\" width=\"150\" height=\"150\" \/><\/a> males herbes, han remogut i airejat la terra i hi han afegit sorra nova per millorar-ne la qualitat. Tamb\u00e9 hem realitzat una petita investigaci\u00f3 conjunta per descobrir quines plantes i hortalisses s\u00f3n pr\u00f2pies d\u2019aquesta \u00e8poca de l\u2019any i, un cop decidit qu\u00e8 plantar, hem preparat les sembres.<\/p>\n<p data-start=\"1650\" data-end=\"1892\">Al llarg del curs observarem l\u2019evoluci\u00f3 del nostre hort, veurem com creixen les plantes i aprendrem, pas a pas, tot el proc\u00e9s de cultiu. Aquesta experi\u00e8ncia ens ajudar\u00e0 a fomentar la responsabilitat, la curiositat i el respecte per la natura.<\/p>\n<p data-start=\"1650\" data-end=\"1892\">\n","protected":false},"excerpt":{"rendered":"<p>Aquest trimestre els infants de 3r hem dut a terme diverses activitats vinculades al projecte Magnet i a la figura d\u2019Antoni Gaud\u00ed. Hem iniciat el treball a partir del nom de la classe, els quatre elements de la natura, establint relacions entre aquests elements i diferents creacions arquitect\u00f2niques de Gaud\u00ed. Aquesta exploraci\u00f3 ens ha perm\u00e8s [&hellip;]<\/p>\n","protected":false},"author":4,"featured_media":8851,"comment_status":"closed","ping_status":"closed","sticky":false,"template":"","format":"standard","meta":{"_bbp_topic_count":0,"_bbp_reply_count":0,"_bbp_total_topic_count":0,"_bbp_total_reply_count":0,"_bbp_voice_count":0,"_bbp_anonymous_reply_count":0,"_bbp_topic_count_hidden":0,"_bbp_reply_count_hidden":0,"_bbp_forum_subforum_count":0,"site-sidebar-layout":"default","site-content-layout":"","ast-site-content-layout":"","site-content-style":"default","site-sidebar-style":"default","ast-global-header-display":"","ast-banner-title-visibility":"","ast-main-header-display":"","ast-hfb-above-header-display":"","ast-hfb-below-header-display":"","ast-hfb-mobile-header-display":"","site-post-title":"","ast-breadcrumbs-content":"","ast-featured-img":"","footer-sml-layout":"","theme-transparent-header-meta":"","adv-header-id-meta":"","stick-header-meta":"","header-above-stick-meta":"","header-main-stick-meta":"","header-below-stick-meta":"","astra-migrate-meta-layouts":"default","ast-page-background-enabled":"default","ast-page-background-meta":{"desktop":{"background-color":"var(--ast-global-color-4)","background-image":"","background-repeat":"repeat","background-position":"center center","background-size":"auto","background-attachment":"scroll","background-type":"","background-media":"","overlay-type":"","overlay-color":"","overlay-opacity":"","overlay-gradient":""},"tablet":{"background-color":"","background-image":"","background-repeat":"repeat","background-position":"center center","background-size":"auto","background-attachment":"scroll","background-type":"","background-media":"","overlay-type":"","overlay-color":"","overlay-opacity":"","overlay-gradient":""},"mobile":{"background-color":"","background-image":"","background-repeat":"repeat","background-position":"center center","background-size":"auto","background-attachment":"scroll","background-type":"","background-media":"","overlay-type":"","overlay-color":"","overlay-opacity":"","overlay-gradient":""}},"ast-content-background-meta":{"desktop":{"background-color":"var(--ast-global-color-5)","background-image":"","background-repeat":"repeat","background-position":"center center","background-size":"auto","background-attachment":"scroll","background-type":"","background-media":"","overlay-type":"","overlay-color":"","overlay-opacity":"","overlay-gradient":""},"tablet":{"background-color":"var(--ast-global-color-5)","background-image":"","background-repeat":"repeat","background-position":"center center","background-size":"auto","background-attachment":"scroll","background-type":"","background-media":"","overlay-type":"","overlay-color":"","overlay-opacity":"","overlay-gradient":""},"mobile":{"background-color":"var(--ast-global-color-5)","background-image":"","background-repeat":"repeat","background-position":"center center","background-size":"auto","background-attachment":"scroll","background-type":"","background-media":"","overlay-type":"","overlay-color":"","overlay-opacity":"","overlay-gradient":""}},"footnotes":""},"categories":[1,277,4,5,218],"tags":[],"class_list":["post-8846","post","type-post","status-publish","format-standard","has-post-thumbnail","hentry","category-general","category-magnet","category-portada","category-primaria","category-projectes"],"post_mailing_queue_ids":[],"_links":{"self":[{"href":"https:\/\/agora.xtec.cat\/ceiparquitectegaudi\/wp-json\/wp\/v2\/posts\/8846","targetHints":{"allow":["GET"]}}],"collection":[{"href":"https:\/\/agora.xtec.cat\/ceiparquitectegaudi\/wp-json\/wp\/v2\/posts"}],"about":[{"href":"https:\/\/agora.xtec.cat\/ceiparquitectegaudi\/wp-json\/wp\/v2\/types\/post"}],"author":[{"embeddable":true,"href":"https:\/\/agora.xtec.cat\/ceiparquitectegaudi\/wp-json\/wp\/v2\/users\/4"}],"replies":[{"embeddable":true,"href":"https:\/\/agora.xtec.cat\/ceiparquitectegaudi\/wp-json\/wp\/v2\/comments?post=8846"}],"version-history":[{"count":2,"href":"https:\/\/agora.xtec.cat\/ceiparquitectegaudi\/wp-json\/wp\/v2\/posts\/8846\/revisions"}],"predecessor-version":[{"id":8856,"href":"https:\/\/agora.xtec.cat\/ceiparquitectegaudi\/wp-json\/wp\/v2\/posts\/8846\/revisions\/8856"}],"wp:featuredmedia":[{"embeddable":true,"href":"https:\/\/agora.xtec.cat\/ceiparquitectegaudi\/wp-json\/wp\/v2\/media\/8851"}],"wp:attachment":[{"href":"https:\/\/agora.xtec.cat\/ceiparquitectegaudi\/wp-json\/wp\/v2\/media?parent=8846"}],"wp:term":[{"taxonomy":"category","embeddable":true,"href":"https:\/\/agora.xtec.cat\/ceiparquitectegaudi\/wp-json\/wp\/v2\/categories?post=8846"},{"taxonomy":"post_tag","embeddable":true,"href":"https:\/\/agora.xtec.cat\/ceiparquitectegaudi\/wp-json\/wp\/v2\/tags?post=8846"}],"curies":[{"name":"wp","href":"https:\/\/api.w.org\/{rel}","templated":true}]}}