{"id":293,"date":"2016-05-06T17:01:57","date_gmt":"2016-05-06T16:01:57","guid":{"rendered":"http:\/\/agora.xtec.cat\/ceipalfredmata\/?p=293"},"modified":"2016-05-10T15:37:27","modified_gmt":"2016-05-10T14:37:27","slug":"capacitats-que-treballem-fent-el-programa-de-radio","status":"publish","type":"post","link":"https:\/\/agora.xtec.cat\/ceipalfredmata\/escola-verda\/capacitats-que-treballem-fent-el-programa-de-radio\/","title":{"rendered":"CAPACITATS QUE TREBALLEM FENT EL PROGRAMA DE R\u00c0DIO"},"content":{"rendered":"<p><a href=\"http:\/\/agora.xtec.cat\/ceipalfredmata\/wp-content\/uploads\/usu329\/2016\/05\/DSC01582.jpg\"><img loading=\"lazy\" decoding=\"async\" class=\"  wp-image-344 alignright\" src=\"http:\/\/agora.xtec.cat\/ceipalfredmata\/wp-content\/uploads\/usu329\/2016\/05\/DSC01582-1024x768.jpg\" alt=\"DSC01582\" width=\"461\" height=\"346\" srcset=\"https:\/\/agora.xtec.cat\/ceipalfredmata\/wp-content\/uploads\/usu329\/2016\/05\/DSC01582-1024x768.jpg 1024w, https:\/\/agora.xtec.cat\/ceipalfredmata\/wp-content\/uploads\/usu329\/2016\/05\/DSC01582-300x225.jpg 300w, https:\/\/agora.xtec.cat\/ceipalfredmata\/wp-content\/uploads\/usu329\/2016\/05\/DSC01582-200x150.jpg 200w\" sizes=\"auto, (max-width: 461px) 100vw, 461px\" \/><\/a><em>-Interrelaci\u00f3 entre escoles<img loading=\"lazy\" decoding=\"async\" class=\"  wp-image-294 alignleft\" src=\"http:\/\/agora.xtec.cat\/ceipalfredmata\/wp-content\/uploads\/usu329\/2016\/05\/images-copia.bmp\" alt=\"images-copia\" width=\"58\" height=\"55\" \/><\/em><\/p>\n<p style=\"text-align: left;\"><em>-Expressi\u00f3 oral (vocalitzaci\u00f3, ritme&#8230;)<\/em><\/p>\n<p style=\"text-align: left;\"><em>\u00a0 \u00a0 \u00a0 \u00a0 \u00a0 \u00a0 \u00a0 \u00a0 \u00a0-Actitud: control d\u2019un mateix<\/em><\/p>\n<p style=\"text-align: left;\"><em>\u00a0 \u00a0 \u00a0 \u00a0 \u00a0 \u00a0 \u00a0 \u00a0 -Responsabilitat<\/em><\/p>\n<p style=\"text-align: left;\"><em>\u00a0 \u00a0 \u00a0 \u00a0 \u00a0 \u00a0 \u00a0 \u00a0 -Organitzaci\u00f3 i presa de decisions<\/em><\/p>\n<p style=\"text-align: left;\"><em>\u00a0 \u00a0 \u00a0 \u00a0 \u00a0 \u00a0 \u00a0 \u00a0-Integraci\u00f3 de l\u2019alumnat<\/em><\/p>\n<p style=\"text-align: left;\"><em>\u00a0 \u00a0 \u00a0 \u00a0 \u00a0 \u00a0 \u00a0\u00a0\u00a0-Contacte amb les TAC (programa Audacity)<\/em><\/p>\n<p style=\"text-align: left;\"><em>\u00a0 \u00a0 \u00a0 \u00a0 \u00a0 \u00a0 \u00a0-Motivaci\u00f3 de l\u2019alumnat difonent el que es fa a l\u2019escola<\/em><\/p>\n<p style=\"text-align: left;\"><em>\u00a0 \u00a0 \u00a0 \u00a0 \u00a0 \u00a0 \u00a0-Implicaci\u00f3 en les activitats de la comunitat <\/em><\/p>\n<p style=\"text-align: left;\"><em>\u00a0 \u00a0 \u00a0 \u00a0 \u00a0 \u00a0 \u00a0(r\u00e0dio del poble)<\/em><\/p>\n","protected":false},"excerpt":{"rendered":"<p>-Interrelaci\u00f3 entre escoles -Expressi\u00f3 oral (vocalitzaci\u00f3, ritme&#8230;) \u00a0 \u00a0 \u00a0 \u00a0 \u00a0 \u00a0 \u00a0 \u00a0 \u00a0-Actitud: control d\u2019un mateix \u00a0 \u00a0 \u00a0 \u00a0 \u00a0 \u00a0 \u00a0 \u00a0 -Responsabilitat \u00a0 \u00a0 \u00a0 \u00a0 \u00a0 \u00a0 \u00a0 \u00a0 -Organitzaci\u00f3 i presa de decisions \u00a0 \u00a0 \u00a0 \u00a0 \u00a0 \u00a0 \u00a0 \u00a0-Integraci\u00f3 de l\u2019alumnat \u00a0 \u00a0 \u00a0 \u00a0 [&hellip;]<\/p>\n","protected":false},"author":1,"featured_media":0,"comment_status":"open","ping_status":"open","sticky":false,"template":"","format":"standard","meta":{"_bbp_topic_count":0,"_bbp_reply_count":0,"_bbp_total_topic_count":0,"_bbp_total_reply_count":0,"_bbp_voice_count":0,"_bbp_anonymous_reply_count":0,"_bbp_topic_count_hidden":0,"_bbp_reply_count_hidden":0,"_bbp_forum_subforum_count":0,"site-sidebar-layout":"default","site-content-layout":"","ast-site-content-layout":"","site-content-style":"default","site-sidebar-style":"default","ast-global-header-display":"","ast-banner-title-visibility":"","ast-main-header-display":"","ast-hfb-above-header-display":"","ast-hfb-below-header-display":"","ast-hfb-mobile-header-display":"","site-post-title":"","ast-breadcrumbs-content":"","ast-featured-img":"","footer-sml-layout":"","theme-transparent-header-meta":"","adv-header-id-meta":"","stick-header-meta":"","header-above-stick-meta":"","header-main-stick-meta":"","header-below-stick-meta":"","astra-migrate-meta-layouts":"default","ast-page-background-enabled":"default","ast-page-background-meta":{"desktop":{"background-color":"var(--ast-global-color-4)","background-image":"","background-repeat":"repeat","background-position":"center center","background-size":"auto","background-attachment":"scroll","background-type":"","background-media":"","overlay-type":"","overlay-color":"","overlay-opacity":"","overlay-gradient":""},"tablet":{"background-color":"","background-image":"","background-repeat":"repeat","background-position":"center center","background-size":"auto","background-attachment":"scroll","background-type":"","background-media":"","overlay-type":"","overlay-color":"","overlay-opacity":"","overlay-gradient":""},"mobile":{"background-color":"","background-image":"","background-repeat":"repeat","background-position":"center center","background-size":"auto","background-attachment":"scroll","background-type":"","background-media":"","overlay-type":"","overlay-color":"","overlay-opacity":"","overlay-gradient":""}},"ast-content-background-meta":{"desktop":{"background-color":"var(--ast-global-color-5)","background-image":"","background-repeat":"repeat","background-position":"center center","background-size":"auto","background-attachment":"scroll","background-type":"","background-media":"","overlay-type":"","overlay-color":"","overlay-opacity":"","overlay-gradient":""},"tablet":{"background-color":"var(--ast-global-color-5)","background-image":"","background-repeat":"repeat","background-position":"center center","background-size":"auto","background-attachment":"scroll","background-type":"","background-media":"","overlay-type":"","overlay-color":"","overlay-opacity":"","overlay-gradient":""},"mobile":{"background-color":"var(--ast-global-color-5)","background-image":"","background-repeat":"repeat","background-position":"center center","background-size":"auto","background-attachment":"scroll","background-type":"","background-media":"","overlay-type":"","overlay-color":"","overlay-opacity":"","overlay-gradient":""}},"footnotes":""},"categories":[1,36],"tags":[37],"class_list":["post-293","post","type-post","status-publish","format-standard","hentry","category-escola-verda","category-radio","tag-radio"],"post_mailing_queue_ids":[],"_links":{"self":[{"href":"https:\/\/agora.xtec.cat\/ceipalfredmata\/wp-json\/wp\/v2\/posts\/293","targetHints":{"allow":["GET"]}}],"collection":[{"href":"https:\/\/agora.xtec.cat\/ceipalfredmata\/wp-json\/wp\/v2\/posts"}],"about":[{"href":"https:\/\/agora.xtec.cat\/ceipalfredmata\/wp-json\/wp\/v2\/types\/post"}],"author":[{"embeddable":true,"href":"https:\/\/agora.xtec.cat\/ceipalfredmata\/wp-json\/wp\/v2\/users\/1"}],"replies":[{"embeddable":true,"href":"https:\/\/agora.xtec.cat\/ceipalfredmata\/wp-json\/wp\/v2\/comments?post=293"}],"version-history":[{"count":3,"href":"https:\/\/agora.xtec.cat\/ceipalfredmata\/wp-json\/wp\/v2\/posts\/293\/revisions"}],"predecessor-version":[{"id":358,"href":"https:\/\/agora.xtec.cat\/ceipalfredmata\/wp-json\/wp\/v2\/posts\/293\/revisions\/358"}],"wp:attachment":[{"href":"https:\/\/agora.xtec.cat\/ceipalfredmata\/wp-json\/wp\/v2\/media?parent=293"}],"wp:term":[{"taxonomy":"category","embeddable":true,"href":"https:\/\/agora.xtec.cat\/ceipalfredmata\/wp-json\/wp\/v2\/categories?post=293"},{"taxonomy":"post_tag","embeddable":true,"href":"https:\/\/agora.xtec.cat\/ceipalfredmata\/wp-json\/wp\/v2\/tags?post=293"}],"curies":[{"name":"wp","href":"https:\/\/api.w.org\/{rel}","templated":true}]}}