{"id":2250,"date":"2017-09-29T10:31:23","date_gmt":"2017-09-29T08:31:23","guid":{"rendered":"http:\/\/agora.xtec.cat\/ceipalfredmata\/?p=2250"},"modified":"2017-09-29T10:39:11","modified_gmt":"2017-09-29T08:39:11","slug":"reunio-de-families-de-cm","status":"publish","type":"post","link":"https:\/\/agora.xtec.cat\/ceipalfredmata\/primaria\/3r\/reunio-de-families-de-cm\/","title":{"rendered":"Reuni\u00f3 de fam\u00edlies de CM"},"content":{"rendered":"<p><a href=\"http:\/\/agora.xtec.cat\/ceipalfredmata\/primaria\/3r\/reunio-de-families-de-cm\/attachment\/dsc06057\/\" rel=\"attachment wp-att-2253\"><img loading=\"lazy\" decoding=\"async\" class=\"wp-image-2253 alignnone\" src=\"http:\/\/agora.xtec.cat\/ceipalfredmata\/wp-content\/uploads\/usu329\/2017\/09\/DSC06057.jpg\" alt=\"\" width=\"283\" height=\"159\" srcset=\"https:\/\/agora.xtec.cat\/ceipalfredmata\/wp-content\/uploads\/usu329\/2017\/09\/DSC06057.jpg 1920w, https:\/\/agora.xtec.cat\/ceipalfredmata\/wp-content\/uploads\/usu329\/2017\/09\/DSC06057-300x169.jpg 300w, https:\/\/agora.xtec.cat\/ceipalfredmata\/wp-content\/uploads\/usu329\/2017\/09\/DSC06057-768x432.jpg 768w, https:\/\/agora.xtec.cat\/ceipalfredmata\/wp-content\/uploads\/usu329\/2017\/09\/DSC06057-1024x576.jpg 1024w\" sizes=\"auto, (max-width: 283px) 100vw, 283px\" \/><\/a> <a href=\"http:\/\/agora.xtec.cat\/ceipalfredmata\/primaria\/3r\/reunio-de-families-de-cm\/attachment\/dsc06051\/\" rel=\"attachment wp-att-2254\"><img loading=\"lazy\" decoding=\"async\" class=\"wp-image-2254 alignnone\" src=\"http:\/\/agora.xtec.cat\/ceipalfredmata\/wp-content\/uploads\/usu329\/2017\/09\/DSC06051.jpg\" alt=\"\" width=\"283\" height=\"159\" srcset=\"https:\/\/agora.xtec.cat\/ceipalfredmata\/wp-content\/uploads\/usu329\/2017\/09\/DSC06051.jpg 1920w, https:\/\/agora.xtec.cat\/ceipalfredmata\/wp-content\/uploads\/usu329\/2017\/09\/DSC06051-300x169.jpg 300w, https:\/\/agora.xtec.cat\/ceipalfredmata\/wp-content\/uploads\/usu329\/2017\/09\/DSC06051-768x432.jpg 768w, https:\/\/agora.xtec.cat\/ceipalfredmata\/wp-content\/uploads\/usu329\/2017\/09\/DSC06051-1024x576.jpg 1024w\" sizes=\"auto, (max-width: 283px) 100vw, 283px\" \/><\/a><a href=\"http:\/\/agora.xtec.cat\/ceipalfredmata\/primaria\/3r\/reunio-de-families-de-cm\/attachment\/dsc06055\/\" rel=\"attachment wp-att-2252\"><img loading=\"lazy\" decoding=\"async\" class=\"wp-image-2252 alignnone\" src=\"http:\/\/agora.xtec.cat\/ceipalfredmata\/wp-content\/uploads\/usu329\/2017\/09\/DSC06055.jpg\" alt=\"\" width=\"277\" height=\"156\" srcset=\"https:\/\/agora.xtec.cat\/ceipalfredmata\/wp-content\/uploads\/usu329\/2017\/09\/DSC06055.jpg 1920w, https:\/\/agora.xtec.cat\/ceipalfredmata\/wp-content\/uploads\/usu329\/2017\/09\/DSC06055-300x169.jpg 300w, https:\/\/agora.xtec.cat\/ceipalfredmata\/wp-content\/uploads\/usu329\/2017\/09\/DSC06055-768x432.jpg 768w, https:\/\/agora.xtec.cat\/ceipalfredmata\/wp-content\/uploads\/usu329\/2017\/09\/DSC06055-1024x576.jpg 1024w\" sizes=\"auto, (max-width: 277px) 100vw, 277px\" \/><\/a><\/p>\n<p>Dimecres 27 de setembre, vam fer la reuni\u00f3 de fam\u00edlies d&#8217;aquest curs al menjador de l&#8217;escola.<\/p>\n<p>Van comen\u00e7ar presentant la reuni\u00f3 els delegats i delegades dels diferents cursos. Van ser els encarregats de presentar l&#8217;ordre del dia i les mestres i els mestres. Segons la delegada de 4t. van passar molta vergonya per\u00f2 els va agradar molt.<\/p>\n<p>Seguidament el president de l&#8217;AMPA, Ricard Roca, va explicar el funcionament d&#8217;aquesta associaci\u00f3 i els dies que \u00a0hi havia reuni\u00f3. A continuaci\u00f3 el director de l&#8217;escola, Salvador Moles, va fer una petita explicaci\u00f3 de la reuni\u00f3 que havien tingut amb infermeres del CAP, parlava de la import\u00e0ncia de tenir cura del nostre cos, concretament de les c\u00e0ries i l&#8217;obesitat.<\/p>\n<p>Despr\u00e9s tothom es va despla\u00e7ar a una classe del cicle del seu fill o filla. All\u00e0 les mestres i els mestres relacionats amb el cicle els van explicar l&#8217;organitzaci\u00f3 del curs i les novetats. En el cas de CM van ser La Llu\u00efsa, el Miquel, la Merc\u00e8 i el Salvador.<\/p>\n<p>Mentrestant l&#8217;alumnat feia activitats al pati. Van muntar un poble a la sorra, van fer guerra de baldufes, etc.<\/p>\n<p>A CM l&#8217;alumnat va fer unes carpes de circ i les fam\u00edlies van haver de llegir el que els havien escrit a la carpa els de 3r, i a 4t els pares i les mares van haver d&#8217;escriure algun missatge pels seus fills.<\/p>\n<p>Anna, Ruben, Mar i Nepau de 4t.<\/p>\n","protected":false},"excerpt":{"rendered":"<p>Dimecres 27 de setembre, vam fer la reuni\u00f3 de fam\u00edlies d&#8217;aquest curs al menjador de l&#8217;escola. Van comen\u00e7ar presentant la reuni\u00f3 els delegats i delegades dels diferents cursos. Van ser els encarregats de presentar l&#8217;ordre del dia i les mestres i els mestres. Segons la delegada de 4t. van passar molta vergonya per\u00f2 els va [&hellip;]<\/p>\n","protected":false},"author":1,"featured_media":0,"comment_status":"open","ping_status":"closed","sticky":false,"template":"","format":"standard","meta":{"_bbp_topic_count":0,"_bbp_reply_count":0,"_bbp_total_topic_count":0,"_bbp_total_reply_count":0,"_bbp_voice_count":0,"_bbp_anonymous_reply_count":0,"_bbp_topic_count_hidden":0,"_bbp_reply_count_hidden":0,"_bbp_forum_subforum_count":0,"site-sidebar-layout":"default","site-content-layout":"","ast-site-content-layout":"","site-content-style":"default","site-sidebar-style":"default","ast-global-header-display":"","ast-banner-title-visibility":"","ast-main-header-display":"","ast-hfb-above-header-display":"","ast-hfb-below-header-display":"","ast-hfb-mobile-header-display":"","site-post-title":"","ast-breadcrumbs-content":"","ast-featured-img":"","footer-sml-layout":"","theme-transparent-header-meta":"","adv-header-id-meta":"","stick-header-meta":"","header-above-stick-meta":"","header-main-stick-meta":"","header-below-stick-meta":"","astra-migrate-meta-layouts":"default","ast-page-background-enabled":"default","ast-page-background-meta":{"desktop":{"background-color":"var(--ast-global-color-4)","background-image":"","background-repeat":"repeat","background-position":"center center","background-size":"auto","background-attachment":"scroll","background-type":"","background-media":"","overlay-type":"","overlay-color":"","overlay-opacity":"","overlay-gradient":""},"tablet":{"background-color":"","background-image":"","background-repeat":"repeat","background-position":"center center","background-size":"auto","background-attachment":"scroll","background-type":"","background-media":"","overlay-type":"","overlay-color":"","overlay-opacity":"","overlay-gradient":""},"mobile":{"background-color":"","background-image":"","background-repeat":"repeat","background-position":"center center","background-size":"auto","background-attachment":"scroll","background-type":"","background-media":"","overlay-type":"","overlay-color":"","overlay-opacity":"","overlay-gradient":""}},"ast-content-background-meta":{"desktop":{"background-color":"var(--ast-global-color-5)","background-image":"","background-repeat":"repeat","background-position":"center center","background-size":"auto","background-attachment":"scroll","background-type":"","background-media":"","overlay-type":"","overlay-color":"","overlay-opacity":"","overlay-gradient":""},"tablet":{"background-color":"var(--ast-global-color-5)","background-image":"","background-repeat":"repeat","background-position":"center center","background-size":"auto","background-attachment":"scroll","background-type":"","background-media":"","overlay-type":"","overlay-color":"","overlay-opacity":"","overlay-gradient":""},"mobile":{"background-color":"var(--ast-global-color-5)","background-image":"","background-repeat":"repeat","background-position":"center center","background-size":"auto","background-attachment":"scroll","background-type":"","background-media":"","overlay-type":"","overlay-color":"","overlay-opacity":"","overlay-gradient":""}},"footnotes":""},"categories":[12,13],"tags":[],"class_list":["post-2250","post","type-post","status-publish","format-standard","hentry","category-3r","category-4t"],"post_mailing_queue_ids":[],"_links":{"self":[{"href":"https:\/\/agora.xtec.cat\/ceipalfredmata\/wp-json\/wp\/v2\/posts\/2250","targetHints":{"allow":["GET"]}}],"collection":[{"href":"https:\/\/agora.xtec.cat\/ceipalfredmata\/wp-json\/wp\/v2\/posts"}],"about":[{"href":"https:\/\/agora.xtec.cat\/ceipalfredmata\/wp-json\/wp\/v2\/types\/post"}],"author":[{"embeddable":true,"href":"https:\/\/agora.xtec.cat\/ceipalfredmata\/wp-json\/wp\/v2\/users\/1"}],"replies":[{"embeddable":true,"href":"https:\/\/agora.xtec.cat\/ceipalfredmata\/wp-json\/wp\/v2\/comments?post=2250"}],"version-history":[{"count":3,"href":"https:\/\/agora.xtec.cat\/ceipalfredmata\/wp-json\/wp\/v2\/posts\/2250\/revisions"}],"predecessor-version":[{"id":2260,"href":"https:\/\/agora.xtec.cat\/ceipalfredmata\/wp-json\/wp\/v2\/posts\/2250\/revisions\/2260"}],"wp:attachment":[{"href":"https:\/\/agora.xtec.cat\/ceipalfredmata\/wp-json\/wp\/v2\/media?parent=2250"}],"wp:term":[{"taxonomy":"category","embeddable":true,"href":"https:\/\/agora.xtec.cat\/ceipalfredmata\/wp-json\/wp\/v2\/categories?post=2250"},{"taxonomy":"post_tag","embeddable":true,"href":"https:\/\/agora.xtec.cat\/ceipalfredmata\/wp-json\/wp\/v2\/tags?post=2250"}],"curies":[{"name":"wp","href":"https:\/\/api.w.org\/{rel}","templated":true}]}}