{"id":2217,"date":"2017-09-21T12:30:05","date_gmt":"2017-09-21T10:30:05","guid":{"rendered":"http:\/\/agora.xtec.cat\/ceipalfredmata\/?p=2217"},"modified":"2018-09-21T10:40:39","modified_gmt":"2018-09-21T08:40:39","slug":"ja-tenim-el-curs-en-dansa","status":"publish","type":"post","link":"https:\/\/agora.xtec.cat\/ceipalfredmata\/primaria\/3r\/ja-tenim-el-curs-en-dansa\/","title":{"rendered":"Ja tenim el curs en dansa"},"content":{"rendered":"<p style=\"text-align: justify;\"><img loading=\"lazy\" decoding=\"async\" class=\"size-full wp-image-2213 alignnone\" src=\"http:\/\/agora.xtec.cat\/ceipalfredmata\/wp-content\/uploads\/usu329\/2017\/09\/3r.jpg\" alt=\"\" width=\"2592\" height=\"1944\" srcset=\"https:\/\/agora.xtec.cat\/ceipalfredmata\/wp-content\/uploads\/usu329\/2017\/09\/3r.jpg 2592w, https:\/\/agora.xtec.cat\/ceipalfredmata\/wp-content\/uploads\/usu329\/2017\/09\/3r-300x225.jpg 300w, https:\/\/agora.xtec.cat\/ceipalfredmata\/wp-content\/uploads\/usu329\/2017\/09\/3r-768x576.jpg 768w, https:\/\/agora.xtec.cat\/ceipalfredmata\/wp-content\/uploads\/usu329\/2017\/09\/3r-1024x768.jpg 1024w, https:\/\/agora.xtec.cat\/ceipalfredmata\/wp-content\/uploads\/usu329\/2017\/09\/3r-200x150.jpg 200w\" sizes=\"auto, (max-width: 2592px) 100vw, 2592px\" \/>Benvolgudes fam\u00edlies. Ja tornem a ser a l &#8216;escola, molt contents i contentes de tornar-hi. Aquest any hem canviat de pis i ja anem al pis dels m\u00e9s grans. Estem al costat de la classe de 4t i compartim for\u00e7a hores amb aquests companys i companyes. Tot \u00e9s nou per nosaltres: classe, curs, mestre&#8230;<\/p>\n<p style=\"text-align: justify;\">Estem molt feli\u00e7os i contents de comen\u00e7ar un nou cicle, segurament ens costar\u00e0 una mica d&#8217;acostumar-nos-hi per\u00f2 segur que ho aconseguirem. De moment ens estem situant i recordem el que hem apr\u00e8s els altres cursos!<\/p>\n<p style=\"text-align: justify;\">Ja sabeu que el dia 27 de setembre podreu venir a la reuni\u00f3 de fam\u00edlies que fan a l&#8217;escola. Coneixereu els mestres del cicle i us explicaran una mica el funcionament. Us esperen!<\/p>\n<p>Una abra\u00e7ada!!!<\/p>\n","protected":false},"excerpt":{"rendered":"<p>Benvolgudes fam\u00edlies. Ja tornem a ser a l &#8216;escola, molt contents i contentes de tornar-hi. Aquest any hem canviat de pis i ja anem al pis dels m\u00e9s grans. Estem al costat de la classe de 4t i compartim for\u00e7a hores amb aquests companys i companyes. Tot \u00e9s nou per nosaltres: classe, curs, mestre&#8230; Estem [&hellip;]<\/p>\n","protected":false},"author":1,"featured_media":0,"comment_status":"open","ping_status":"closed","sticky":false,"template":"","format":"standard","meta":{"_bbp_topic_count":0,"_bbp_reply_count":0,"_bbp_total_topic_count":0,"_bbp_total_reply_count":0,"_bbp_voice_count":0,"_bbp_anonymous_reply_count":0,"_bbp_topic_count_hidden":0,"_bbp_reply_count_hidden":0,"_bbp_forum_subforum_count":0,"site-sidebar-layout":"default","site-content-layout":"","ast-site-content-layout":"","site-content-style":"default","site-sidebar-style":"default","ast-global-header-display":"","ast-banner-title-visibility":"","ast-main-header-display":"","ast-hfb-above-header-display":"","ast-hfb-below-header-display":"","ast-hfb-mobile-header-display":"","site-post-title":"","ast-breadcrumbs-content":"","ast-featured-img":"","footer-sml-layout":"","theme-transparent-header-meta":"","adv-header-id-meta":"","stick-header-meta":"","header-above-stick-meta":"","header-main-stick-meta":"","header-below-stick-meta":"","astra-migrate-meta-layouts":"default","ast-page-background-enabled":"default","ast-page-background-meta":{"desktop":{"background-color":"var(--ast-global-color-4)","background-image":"","background-repeat":"repeat","background-position":"center center","background-size":"auto","background-attachment":"scroll","background-type":"","background-media":"","overlay-type":"","overlay-color":"","overlay-opacity":"","overlay-gradient":""},"tablet":{"background-color":"","background-image":"","background-repeat":"repeat","background-position":"center center","background-size":"auto","background-attachment":"scroll","background-type":"","background-media":"","overlay-type":"","overlay-color":"","overlay-opacity":"","overlay-gradient":""},"mobile":{"background-color":"","background-image":"","background-repeat":"repeat","background-position":"center center","background-size":"auto","background-attachment":"scroll","background-type":"","background-media":"","overlay-type":"","overlay-color":"","overlay-opacity":"","overlay-gradient":""}},"ast-content-background-meta":{"desktop":{"background-color":"var(--ast-global-color-5)","background-image":"","background-repeat":"repeat","background-position":"center center","background-size":"auto","background-attachment":"scroll","background-type":"","background-media":"","overlay-type":"","overlay-color":"","overlay-opacity":"","overlay-gradient":""},"tablet":{"background-color":"var(--ast-global-color-5)","background-image":"","background-repeat":"repeat","background-position":"center center","background-size":"auto","background-attachment":"scroll","background-type":"","background-media":"","overlay-type":"","overlay-color":"","overlay-opacity":"","overlay-gradient":""},"mobile":{"background-color":"var(--ast-global-color-5)","background-image":"","background-repeat":"repeat","background-position":"center center","background-size":"auto","background-attachment":"scroll","background-type":"","background-media":"","overlay-type":"","overlay-color":"","overlay-opacity":"","overlay-gradient":""}},"footnotes":""},"categories":[12],"tags":[],"class_list":["post-2217","post","type-post","status-publish","format-standard","hentry","category-3r"],"post_mailing_queue_ids":[],"_links":{"self":[{"href":"https:\/\/agora.xtec.cat\/ceipalfredmata\/wp-json\/wp\/v2\/posts\/2217","targetHints":{"allow":["GET"]}}],"collection":[{"href":"https:\/\/agora.xtec.cat\/ceipalfredmata\/wp-json\/wp\/v2\/posts"}],"about":[{"href":"https:\/\/agora.xtec.cat\/ceipalfredmata\/wp-json\/wp\/v2\/types\/post"}],"author":[{"embeddable":true,"href":"https:\/\/agora.xtec.cat\/ceipalfredmata\/wp-json\/wp\/v2\/users\/1"}],"replies":[{"embeddable":true,"href":"https:\/\/agora.xtec.cat\/ceipalfredmata\/wp-json\/wp\/v2\/comments?post=2217"}],"version-history":[{"count":3,"href":"https:\/\/agora.xtec.cat\/ceipalfredmata\/wp-json\/wp\/v2\/posts\/2217\/revisions"}],"predecessor-version":[{"id":2399,"href":"https:\/\/agora.xtec.cat\/ceipalfredmata\/wp-json\/wp\/v2\/posts\/2217\/revisions\/2399"}],"wp:attachment":[{"href":"https:\/\/agora.xtec.cat\/ceipalfredmata\/wp-json\/wp\/v2\/media?parent=2217"}],"wp:term":[{"taxonomy":"category","embeddable":true,"href":"https:\/\/agora.xtec.cat\/ceipalfredmata\/wp-json\/wp\/v2\/categories?post=2217"},{"taxonomy":"post_tag","embeddable":true,"href":"https:\/\/agora.xtec.cat\/ceipalfredmata\/wp-json\/wp\/v2\/tags?post=2217"}],"curies":[{"name":"wp","href":"https:\/\/api.w.org\/{rel}","templated":true}]}}