{"id":1718,"date":"2017-03-09T12:14:09","date_gmt":"2017-03-09T11:14:09","guid":{"rendered":"http:\/\/agora.xtec.cat\/ceipalfredmata\/?p=1718"},"modified":"2017-03-09T13:35:03","modified_gmt":"2017-03-09T12:35:03","slug":"microfons-a-laula-especial-dia-de-la-dona","status":"publish","type":"post","link":"https:\/\/agora.xtec.cat\/ceipalfredmata\/escola-verda\/microfons-a-laula-especial-dia-de-la-dona\/","title":{"rendered":"&#8220;Micr\u00f2fons a l&#8217;aula&#8221; especial dia de la DONA"},"content":{"rendered":"<p><a href=\"http:\/\/agora.xtec.cat\/ceipalfredmata\/portada\/escola-verda\/microfons-a-laula-especial-dia-de-la-dona\/attachment\/mafalda\/\" rel=\"attachment wp-att-1720\"><br \/>\n<\/a>Hem fet un programa especial pel <strong>&#8220;Dia de la Dona&#8221;<\/strong>.<\/p>\n<p>Han preparat el gui\u00f3 la Laia i el Pep de 6\u00e8 , i el Joan i l&#8217;Ona de 5\u00e8. Podreu escoltar la tert\u00falia que han organitzat amb nenes i nens de CS que tenen germans i germanes respectivament. Sabreu qu\u00e8 n&#8217;opinen de les difer\u00e8ncies que es fan encara avui dia entre les dones i els homes.<\/p>\n<p>Contestaran preguntes com: Qu\u00e8 passaria si vei\u00e9ssim un nen jugant a nines? \u00a0Qui fa el menjar a casa?&#8230;<\/p>\n<p>Realment la dona est\u00e0 actualment al lloc que li pertoca? \u00a0Encara ara per una mateixa feina un home cobra un 25% m\u00e9s que una dona. I pel fet de ser dona no es pot obtenir una feina m\u00e9s remunerada.<\/p>\n<p>\u00c9s una oportunitat per a reflexionar una mica.<\/p>\n<p>&nbsp;<\/p>\n<p><a href=\"https:\/\/spaces.hightail.com\/receive\/risB3\">enlla\u00e7 al programa<\/a><\/p>\n<p>&nbsp;<\/p>\n<p>&nbsp;<\/p>\n<p><img loading=\"lazy\" decoding=\"async\" class=\"aligncenter size-full wp-image-1720\" src=\"http:\/\/agora.xtec.cat\/ceipalfredmata\/wp-content\/uploads\/usu329\/2017\/03\/mafalda.jpg\" alt=\"mafalda\" width=\"222\" height=\"227\" \/><\/p>\n","protected":false},"excerpt":{"rendered":"<p>Hem fet un programa especial pel &#8220;Dia de la Dona&#8221;. Han preparat el gui\u00f3 la Laia i el Pep de 6\u00e8 , i el Joan i l&#8217;Ona de 5\u00e8. Podreu escoltar la tert\u00falia que han organitzat amb nenes i nens de CS que tenen germans i germanes respectivament. Sabreu qu\u00e8 n&#8217;opinen de les difer\u00e8ncies que [&hellip;]<\/p>\n","protected":false},"author":1,"featured_media":1720,"comment_status":"open","ping_status":"open","sticky":false,"template":"","format":"standard","meta":{"_bbp_topic_count":0,"_bbp_reply_count":0,"_bbp_total_topic_count":0,"_bbp_total_reply_count":0,"_bbp_voice_count":0,"_bbp_anonymous_reply_count":0,"_bbp_topic_count_hidden":0,"_bbp_reply_count_hidden":0,"_bbp_forum_subforum_count":0,"site-sidebar-layout":"default","site-content-layout":"","ast-site-content-layout":"","site-content-style":"default","site-sidebar-style":"default","ast-global-header-display":"","ast-banner-title-visibility":"","ast-main-header-display":"","ast-hfb-above-header-display":"","ast-hfb-below-header-display":"","ast-hfb-mobile-header-display":"","site-post-title":"","ast-breadcrumbs-content":"","ast-featured-img":"","footer-sml-layout":"","theme-transparent-header-meta":"","adv-header-id-meta":"","stick-header-meta":"","header-above-stick-meta":"","header-main-stick-meta":"","header-below-stick-meta":"","astra-migrate-meta-layouts":"default","ast-page-background-enabled":"default","ast-page-background-meta":{"desktop":{"background-color":"var(--ast-global-color-4)","background-image":"","background-repeat":"repeat","background-position":"center center","background-size":"auto","background-attachment":"scroll","background-type":"","background-media":"","overlay-type":"","overlay-color":"","overlay-opacity":"","overlay-gradient":""},"tablet":{"background-color":"","background-image":"","background-repeat":"repeat","background-position":"center center","background-size":"auto","background-attachment":"scroll","background-type":"","background-media":"","overlay-type":"","overlay-color":"","overlay-opacity":"","overlay-gradient":""},"mobile":{"background-color":"","background-image":"","background-repeat":"repeat","background-position":"center center","background-size":"auto","background-attachment":"scroll","background-type":"","background-media":"","overlay-type":"","overlay-color":"","overlay-opacity":"","overlay-gradient":""}},"ast-content-background-meta":{"desktop":{"background-color":"var(--ast-global-color-5)","background-image":"","background-repeat":"repeat","background-position":"center center","background-size":"auto","background-attachment":"scroll","background-type":"","background-media":"","overlay-type":"","overlay-color":"","overlay-opacity":"","overlay-gradient":""},"tablet":{"background-color":"var(--ast-global-color-5)","background-image":"","background-repeat":"repeat","background-position":"center center","background-size":"auto","background-attachment":"scroll","background-type":"","background-media":"","overlay-type":"","overlay-color":"","overlay-opacity":"","overlay-gradient":""},"mobile":{"background-color":"var(--ast-global-color-5)","background-image":"","background-repeat":"repeat","background-position":"center center","background-size":"auto","background-attachment":"scroll","background-type":"","background-media":"","overlay-type":"","overlay-color":"","overlay-opacity":"","overlay-gradient":""}},"footnotes":""},"categories":[1,36],"tags":[207,208],"class_list":["post-1718","post","type-post","status-publish","format-standard","has-post-thumbnail","hentry","category-escola-verda","category-radio","tag-coeducacio","tag-microfons-a-laula"],"post_mailing_queue_ids":[],"_links":{"self":[{"href":"https:\/\/agora.xtec.cat\/ceipalfredmata\/wp-json\/wp\/v2\/posts\/1718","targetHints":{"allow":["GET"]}}],"collection":[{"href":"https:\/\/agora.xtec.cat\/ceipalfredmata\/wp-json\/wp\/v2\/posts"}],"about":[{"href":"https:\/\/agora.xtec.cat\/ceipalfredmata\/wp-json\/wp\/v2\/types\/post"}],"author":[{"embeddable":true,"href":"https:\/\/agora.xtec.cat\/ceipalfredmata\/wp-json\/wp\/v2\/users\/1"}],"replies":[{"embeddable":true,"href":"https:\/\/agora.xtec.cat\/ceipalfredmata\/wp-json\/wp\/v2\/comments?post=1718"}],"version-history":[{"count":3,"href":"https:\/\/agora.xtec.cat\/ceipalfredmata\/wp-json\/wp\/v2\/posts\/1718\/revisions"}],"predecessor-version":[{"id":1727,"href":"https:\/\/agora.xtec.cat\/ceipalfredmata\/wp-json\/wp\/v2\/posts\/1718\/revisions\/1727"}],"wp:featuredmedia":[{"embeddable":true,"href":"https:\/\/agora.xtec.cat\/ceipalfredmata\/wp-json\/wp\/v2\/media\/1720"}],"wp:attachment":[{"href":"https:\/\/agora.xtec.cat\/ceipalfredmata\/wp-json\/wp\/v2\/media?parent=1718"}],"wp:term":[{"taxonomy":"category","embeddable":true,"href":"https:\/\/agora.xtec.cat\/ceipalfredmata\/wp-json\/wp\/v2\/categories?post=1718"},{"taxonomy":"post_tag","embeddable":true,"href":"https:\/\/agora.xtec.cat\/ceipalfredmata\/wp-json\/wp\/v2\/tags?post=1718"}],"curies":[{"name":"wp","href":"https:\/\/api.w.org\/{rel}","templated":true}]}}