{"id":1480,"date":"2017-01-27T10:23:12","date_gmt":"2017-01-27T09:23:12","guid":{"rendered":"http:\/\/agora.xtec.cat\/ceipalfredmata\/?p=1480"},"modified":"2017-01-27T10:23:12","modified_gmt":"2017-01-27T09:23:12","slug":"exposicio-biblioteca-refugiats-de-la-republica","status":"publish","type":"post","link":"https:\/\/agora.xtec.cat\/ceipalfredmata\/primaria\/3r\/exposicio-biblioteca-refugiats-de-la-republica\/","title":{"rendered":"EXPOSICI\u00d3 BIBLIOTECA REFUGIATS DE LA REP\u00daBLICA"},"content":{"rendered":"<p>Dijous, 19 de gener, v\u00e0rem anar a la Biblioteca de Puig-reig &#8220;Guillem de Bergued\u00e0&#8221; a veure l&#8217;exposici\u00f3 dels refugiats de la Rep\u00fablica. Aquesta exposici\u00f3 la va muntar el Jes\u00fas Subirats i Soler,\u00a03r. tinent d&#8217;alcalde de Puig-reig.\u00a0\u00a0Una de les seves passions s\u00f3n els documents antics, i tot tipus de premsa del segle XIX i principis del XX . Vam tenir el privilegi de que ell mateix ens expliqu\u00e9s com vivien en aquells moments aquells infants que havien quedat alguns orfes, altres mutilats i molts allunyats de les seves fam\u00edlies i cases.<\/p>\n<p>Ens va fer reflexionar i pensar que de cap manera no voldr\u00edem que hi hagu\u00e9s guerres. Tamb\u00e9 vam pensar que haurien d&#8217;obrir les fronteres als refugiats de S\u00edria i d&#8217;aquests altres pa\u00efsos que estan en guerra. Tanta gent als camps de refugiats no poden viure b\u00e9 de cap manera. Hi ha gent malalta sense medicaments, passen fred, estan espantats&#8230;A nosaltres no ens agradaria gens viure aix\u00ed. Per sort tenim menjar cada dia, comoditats, escola, casa i tota la fam\u00edlia al nostre costat.<\/p>\n<p><a href=\"http:\/\/agora.xtec.cat\/ceipalfredmata\/wp-content\/uploads\/usu329\/2017\/01\/DSC06190.jpg\"><img loading=\"lazy\" decoding=\"async\" class=\"aligncenter size-full wp-image-1481\" src=\"http:\/\/agora.xtec.cat\/ceipalfredmata\/wp-content\/uploads\/usu329\/2017\/01\/DSC06190.jpg\" alt=\"dsc06190\" width=\"1920\" height=\"1080\" srcset=\"https:\/\/agora.xtec.cat\/ceipalfredmata\/wp-content\/uploads\/usu329\/2017\/01\/DSC06190.jpg 1920w, https:\/\/agora.xtec.cat\/ceipalfredmata\/wp-content\/uploads\/usu329\/2017\/01\/DSC06190-300x169.jpg 300w, https:\/\/agora.xtec.cat\/ceipalfredmata\/wp-content\/uploads\/usu329\/2017\/01\/DSC06190-768x432.jpg 768w, https:\/\/agora.xtec.cat\/ceipalfredmata\/wp-content\/uploads\/usu329\/2017\/01\/DSC06190-1024x576.jpg 1024w\" sizes=\"auto, (max-width: 1920px) 100vw, 1920px\" \/><\/a><\/p>\n<p><a href=\"https:\/\/goo.gl\/photos\/Zo4hyS1siR2sxYLM7\">enlla\u00e7 fotos<\/a><\/p>\n<p>Ariadna, Daniel, Abril i Roger (4t.)<\/p>\n","protected":false},"excerpt":{"rendered":"<p>Dijous, 19 de gener, v\u00e0rem anar a la Biblioteca de Puig-reig &#8220;Guillem de Bergued\u00e0&#8221; a veure l&#8217;exposici\u00f3 dels refugiats de la Rep\u00fablica. Aquesta exposici\u00f3 la va muntar el Jes\u00fas Subirats i Soler,\u00a03r. tinent d&#8217;alcalde de Puig-reig.\u00a0\u00a0Una de les seves passions s\u00f3n els documents antics, i tot tipus de premsa del segle XIX i principis del [&hellip;]<\/p>\n","protected":false},"author":1,"featured_media":1481,"comment_status":"open","ping_status":"open","sticky":false,"template":"","format":"standard","meta":{"_bbp_topic_count":0,"_bbp_reply_count":0,"_bbp_total_topic_count":0,"_bbp_total_reply_count":0,"_bbp_voice_count":0,"_bbp_anonymous_reply_count":0,"_bbp_topic_count_hidden":0,"_bbp_reply_count_hidden":0,"_bbp_forum_subforum_count":0,"site-sidebar-layout":"default","site-content-layout":"","ast-site-content-layout":"","site-content-style":"default","site-sidebar-style":"default","ast-global-header-display":"","ast-banner-title-visibility":"","ast-main-header-display":"","ast-hfb-above-header-display":"","ast-hfb-below-header-display":"","ast-hfb-mobile-header-display":"","site-post-title":"","ast-breadcrumbs-content":"","ast-featured-img":"","footer-sml-layout":"","theme-transparent-header-meta":"","adv-header-id-meta":"","stick-header-meta":"","header-above-stick-meta":"","header-main-stick-meta":"","header-below-stick-meta":"","astra-migrate-meta-layouts":"default","ast-page-background-enabled":"default","ast-page-background-meta":{"desktop":{"background-color":"var(--ast-global-color-4)","background-image":"","background-repeat":"repeat","background-position":"center center","background-size":"auto","background-attachment":"scroll","background-type":"","background-media":"","overlay-type":"","overlay-color":"","overlay-opacity":"","overlay-gradient":""},"tablet":{"background-color":"","background-image":"","background-repeat":"repeat","background-position":"center center","background-size":"auto","background-attachment":"scroll","background-type":"","background-media":"","overlay-type":"","overlay-color":"","overlay-opacity":"","overlay-gradient":""},"mobile":{"background-color":"","background-image":"","background-repeat":"repeat","background-position":"center center","background-size":"auto","background-attachment":"scroll","background-type":"","background-media":"","overlay-type":"","overlay-color":"","overlay-opacity":"","overlay-gradient":""}},"ast-content-background-meta":{"desktop":{"background-color":"var(--ast-global-color-5)","background-image":"","background-repeat":"repeat","background-position":"center center","background-size":"auto","background-attachment":"scroll","background-type":"","background-media":"","overlay-type":"","overlay-color":"","overlay-opacity":"","overlay-gradient":""},"tablet":{"background-color":"var(--ast-global-color-5)","background-image":"","background-repeat":"repeat","background-position":"center center","background-size":"auto","background-attachment":"scroll","background-type":"","background-media":"","overlay-type":"","overlay-color":"","overlay-opacity":"","overlay-gradient":""},"mobile":{"background-color":"var(--ast-global-color-5)","background-image":"","background-repeat":"repeat","background-position":"center center","background-size":"auto","background-attachment":"scroll","background-type":"","background-media":"","overlay-type":"","overlay-color":"","overlay-opacity":"","overlay-gradient":""}},"footnotes":""},"categories":[12,13],"tags":[139,192,193],"class_list":["post-1480","post","type-post","status-publish","format-standard","has-post-thumbnail","hentry","category-3r","category-4t","tag-biblioteca","tag-exposicio","tag-pau"],"post_mailing_queue_ids":[],"_links":{"self":[{"href":"https:\/\/agora.xtec.cat\/ceipalfredmata\/wp-json\/wp\/v2\/posts\/1480","targetHints":{"allow":["GET"]}}],"collection":[{"href":"https:\/\/agora.xtec.cat\/ceipalfredmata\/wp-json\/wp\/v2\/posts"}],"about":[{"href":"https:\/\/agora.xtec.cat\/ceipalfredmata\/wp-json\/wp\/v2\/types\/post"}],"author":[{"embeddable":true,"href":"https:\/\/agora.xtec.cat\/ceipalfredmata\/wp-json\/wp\/v2\/users\/1"}],"replies":[{"embeddable":true,"href":"https:\/\/agora.xtec.cat\/ceipalfredmata\/wp-json\/wp\/v2\/comments?post=1480"}],"version-history":[{"count":1,"href":"https:\/\/agora.xtec.cat\/ceipalfredmata\/wp-json\/wp\/v2\/posts\/1480\/revisions"}],"predecessor-version":[{"id":1482,"href":"https:\/\/agora.xtec.cat\/ceipalfredmata\/wp-json\/wp\/v2\/posts\/1480\/revisions\/1482"}],"wp:featuredmedia":[{"embeddable":true,"href":"https:\/\/agora.xtec.cat\/ceipalfredmata\/wp-json\/wp\/v2\/media\/1481"}],"wp:attachment":[{"href":"https:\/\/agora.xtec.cat\/ceipalfredmata\/wp-json\/wp\/v2\/media?parent=1480"}],"wp:term":[{"taxonomy":"category","embeddable":true,"href":"https:\/\/agora.xtec.cat\/ceipalfredmata\/wp-json\/wp\/v2\/categories?post=1480"},{"taxonomy":"post_tag","embeddable":true,"href":"https:\/\/agora.xtec.cat\/ceipalfredmata\/wp-json\/wp\/v2\/tags?post=1480"}],"curies":[{"name":"wp","href":"https:\/\/api.w.org\/{rel}","templated":true}]}}