{"id":1379,"date":"2016-12-16T21:36:30","date_gmt":"2016-12-16T20:36:30","guid":{"rendered":"http:\/\/agora.xtec.cat\/ceipalfredmata\/?p=1379"},"modified":"2016-12-16T21:41:54","modified_gmt":"2016-12-16T20:41:54","slug":"taller-desport-inclusiu-a-lescola","status":"publish","type":"post","link":"https:\/\/agora.xtec.cat\/ceipalfredmata\/primaria\/4t\/taller-desport-inclusiu-a-lescola\/","title":{"rendered":"TALLER D&#8217;ESPORT INCLUSIU A L&#8217;ESCOLA"},"content":{"rendered":"<p>Aquest mat\u00ed els alumnes de 4t han realitzat un taller d&#8217;esport inclusiu a l&#8217;escola organitzat per l&#8217;Agrupaci\u00f3 Esportiva d&#8217;associacions d&#8217;Esport Escolar de Catalunya i dins el Pla Catal\u00e0 de l&#8217;Esport a l&#8217;Escola.<\/p>\n<p>Han pogut con\u00e8ixer els termes discapacitat i capacitat aix\u00ed com practicar el b\u00e0squet amb cadira de rodes, la boccia i una activitat per a invidents.<\/p>\n<p><a href=\"http:\/\/agora.xtec.cat\/ceipalfredmata\/wp-content\/uploads\/usu329\/2016\/12\/DSC_1923.jpg\"><img loading=\"lazy\" decoding=\"async\" class=\"aligncenter wp-image-1380\" src=\"http:\/\/agora.xtec.cat\/ceipalfredmata\/wp-content\/uploads\/usu329\/2016\/12\/DSC_1923.jpg\" alt=\"dsc_1923\" width=\"740\" height=\"416\" srcset=\"https:\/\/agora.xtec.cat\/ceipalfredmata\/wp-content\/uploads\/usu329\/2016\/12\/DSC_1923.jpg 3104w, https:\/\/agora.xtec.cat\/ceipalfredmata\/wp-content\/uploads\/usu329\/2016\/12\/DSC_1923-300x169.jpg 300w, https:\/\/agora.xtec.cat\/ceipalfredmata\/wp-content\/uploads\/usu329\/2016\/12\/DSC_1923-768x432.jpg 768w, https:\/\/agora.xtec.cat\/ceipalfredmata\/wp-content\/uploads\/usu329\/2016\/12\/DSC_1923-1024x576.jpg 1024w\" sizes=\"auto, (max-width: 740px) 100vw, 740px\" \/><\/a><\/p>\n<p><a href=\"https:\/\/goo.gl\/photos\/pnM4yxeJB2rhZGtRA\">TOTES LES IMATGES<\/a><\/p>\n","protected":false},"excerpt":{"rendered":"<p>Aquest mat\u00ed els alumnes de 4t han realitzat un taller d&#8217;esport inclusiu a l&#8217;escola organitzat per l&#8217;Agrupaci\u00f3 Esportiva d&#8217;associacions d&#8217;Esport Escolar de Catalunya i dins el Pla Catal\u00e0 de l&#8217;Esport a l&#8217;Escola. Han pogut con\u00e8ixer els termes discapacitat i capacitat aix\u00ed com practicar el b\u00e0squet amb cadira de rodes, la boccia i una activitat per [&hellip;]<\/p>\n","protected":false},"author":1,"featured_media":1380,"comment_status":"open","ping_status":"open","sticky":false,"template":"","format":"standard","meta":{"_bbp_topic_count":0,"_bbp_reply_count":0,"_bbp_total_topic_count":0,"_bbp_total_reply_count":0,"_bbp_voice_count":0,"_bbp_anonymous_reply_count":0,"_bbp_topic_count_hidden":0,"_bbp_reply_count_hidden":0,"_bbp_forum_subforum_count":0,"site-sidebar-layout":"default","site-content-layout":"","ast-site-content-layout":"","site-content-style":"default","site-sidebar-style":"default","ast-global-header-display":"","ast-banner-title-visibility":"","ast-main-header-display":"","ast-hfb-above-header-display":"","ast-hfb-below-header-display":"","ast-hfb-mobile-header-display":"","site-post-title":"","ast-breadcrumbs-content":"","ast-featured-img":"","footer-sml-layout":"","theme-transparent-header-meta":"","adv-header-id-meta":"","stick-header-meta":"","header-above-stick-meta":"","header-main-stick-meta":"","header-below-stick-meta":"","astra-migrate-meta-layouts":"default","ast-page-background-enabled":"default","ast-page-background-meta":{"desktop":{"background-color":"var(--ast-global-color-4)","background-image":"","background-repeat":"repeat","background-position":"center center","background-size":"auto","background-attachment":"scroll","background-type":"","background-media":"","overlay-type":"","overlay-color":"","overlay-opacity":"","overlay-gradient":""},"tablet":{"background-color":"","background-image":"","background-repeat":"repeat","background-position":"center center","background-size":"auto","background-attachment":"scroll","background-type":"","background-media":"","overlay-type":"","overlay-color":"","overlay-opacity":"","overlay-gradient":""},"mobile":{"background-color":"","background-image":"","background-repeat":"repeat","background-position":"center center","background-size":"auto","background-attachment":"scroll","background-type":"","background-media":"","overlay-type":"","overlay-color":"","overlay-opacity":"","overlay-gradient":""}},"ast-content-background-meta":{"desktop":{"background-color":"var(--ast-global-color-5)","background-image":"","background-repeat":"repeat","background-position":"center center","background-size":"auto","background-attachment":"scroll","background-type":"","background-media":"","overlay-type":"","overlay-color":"","overlay-opacity":"","overlay-gradient":""},"tablet":{"background-color":"var(--ast-global-color-5)","background-image":"","background-repeat":"repeat","background-position":"center center","background-size":"auto","background-attachment":"scroll","background-type":"","background-media":"","overlay-type":"","overlay-color":"","overlay-opacity":"","overlay-gradient":""},"mobile":{"background-color":"var(--ast-global-color-5)","background-image":"","background-repeat":"repeat","background-position":"center center","background-size":"auto","background-attachment":"scroll","background-type":"","background-media":"","overlay-type":"","overlay-color":"","overlay-opacity":"","overlay-gradient":""}},"footnotes":""},"categories":[13,24],"tags":[187],"class_list":["post-1379","post","type-post","status-publish","format-standard","has-post-thumbnail","hentry","category-4t","category-ef","tag-esport-inclusiu"],"post_mailing_queue_ids":[],"_links":{"self":[{"href":"https:\/\/agora.xtec.cat\/ceipalfredmata\/wp-json\/wp\/v2\/posts\/1379","targetHints":{"allow":["GET"]}}],"collection":[{"href":"https:\/\/agora.xtec.cat\/ceipalfredmata\/wp-json\/wp\/v2\/posts"}],"about":[{"href":"https:\/\/agora.xtec.cat\/ceipalfredmata\/wp-json\/wp\/v2\/types\/post"}],"author":[{"embeddable":true,"href":"https:\/\/agora.xtec.cat\/ceipalfredmata\/wp-json\/wp\/v2\/users\/1"}],"replies":[{"embeddable":true,"href":"https:\/\/agora.xtec.cat\/ceipalfredmata\/wp-json\/wp\/v2\/comments?post=1379"}],"version-history":[{"count":3,"href":"https:\/\/agora.xtec.cat\/ceipalfredmata\/wp-json\/wp\/v2\/posts\/1379\/revisions"}],"predecessor-version":[{"id":1383,"href":"https:\/\/agora.xtec.cat\/ceipalfredmata\/wp-json\/wp\/v2\/posts\/1379\/revisions\/1383"}],"wp:featuredmedia":[{"embeddable":true,"href":"https:\/\/agora.xtec.cat\/ceipalfredmata\/wp-json\/wp\/v2\/media\/1380"}],"wp:attachment":[{"href":"https:\/\/agora.xtec.cat\/ceipalfredmata\/wp-json\/wp\/v2\/media?parent=1379"}],"wp:term":[{"taxonomy":"category","embeddable":true,"href":"https:\/\/agora.xtec.cat\/ceipalfredmata\/wp-json\/wp\/v2\/categories?post=1379"},{"taxonomy":"post_tag","embeddable":true,"href":"https:\/\/agora.xtec.cat\/ceipalfredmata\/wp-json\/wp\/v2\/tags?post=1379"}],"curies":[{"name":"wp","href":"https:\/\/api.w.org\/{rel}","templated":true}]}}