{"id":1168,"date":"2016-11-04T16:43:15","date_gmt":"2016-11-04T15:43:15","guid":{"rendered":"http:\/\/agora.xtec.cat\/ceipalfredmata\/?p=1168"},"modified":"2016-11-04T16:47:37","modified_gmt":"2016-11-04T15:47:37","slug":"manifest-25-de-novembre","status":"publish","type":"post","link":"https:\/\/agora.xtec.cat\/ceipalfredmata\/escola-verda\/manifest-25-de-novembre\/","title":{"rendered":"Manifest 25 de novembre"},"content":{"rendered":"<p>DIA INTERNACIONAL PER A L\u2019ELIMINACI\u00d3 DE LA VIOL\u00c8NCIA ENVERS LES DONES<br \/>\n25 de novembre de 2016<br \/>\nAvui, 25 de novembre, les administracions i la societat civil tornem a aplegar-nos per manifestar, una vegada m\u00e9s, el nostre rebuig a la viol\u00e8ncia masclista i per fer p\u00fablica la nostra ferma voluntat de treballar fins eradicar-la. Un any m\u00e9s som aqu\u00ed per fer pal\u00e8s que els drets de les dones s\u00f3n drets humans i que el fet de vulnerar-los, m\u00e9s enll\u00e0 de la irracionalitat, la injust\u00edcia i la crueltat, significa una manca de reconeixement de l\u2019autoritat i de la llibertat de les dones. \u00c9s imprescindible, per tant, posar en valor el paper hist\u00f2ric i pioner dels moviments feministes i dels grups de dones que van denunciar p\u00fablicament la viol\u00e8ncia masclista i van crear grups de suport i d\u2019assessorament a les dones que la patien. D\u2019aleshores en\u00e7\u00e0, el rebuig social no ha parat de cr\u00e9ixer i les mesures impulsades des de les administracions p\u00fabliques per donar-hi resposta han augmentat. Aix\u00ed, a Catalunya, ens hem dotat com a pa\u00eds de la Llei 17\/2015 d\u2019Igualtat efectiva de dones i homes, que defineix els canvis a fer per eliminar tot all\u00f2 que ens allunya<br \/>\nde l\u2019equitat entre homes i dones en els diferents ordres de la vida, p\u00fablica i privada. Tot i aix\u00f2, lamentablement una sent\u00e8ncia del Tribunal Constitucional ha anul\u00b7lat alguns articles concebuts per promoure la igualtat al m\u00f3n laboral.<br \/>\nAquesta sent\u00e8ncia \u00e9s un entrebanc en la promoci\u00f3 dels drets de les dones perqu\u00e8 a Catalunya volem avan\u00e7ar respecte a les nostres compet\u00e8ncies. En aquest sentit, no podem obviar que \u00e9s en l\u2019\u00e0mbit de les relacions laborals on encara perviuen, a dia d\u2019avui, moltes discriminacions que allunyen les dones d\u2019una situaci\u00f3 d\u2019igualtat<br \/>\nefectiva respecte els homes. \u00c9s per aix\u00f2, que les pol\u00edtiques d\u2019igualtat de g\u00e8nere s\u00f3n un eix estrat\u00e8gic del pa\u00eds que constru\u00efm conjuntament des de les institucions p\u00fabliques i la societat civil. Tamb\u00e9, l\u2019acompliment de la Llei catalana 5\/2008, del dret de les dones a eradicar la viol\u00e8ncia masclista, aprofundeix en l\u2019aplicaci\u00f3 d\u2019un model que aposta per la creaci\u00f3 i enfortiment d\u2019una xarxa p\u00fablica de recursos i serveis i amb una s\u00e8rie de drets reconeguts per a totes les dones que es troben en situaci\u00f3 de viol\u00e8ncia masclista. El desplegament normatiu d\u2019aquests darrers anys ha perm\u00e8s desenvolupar un model d\u2019abordatge integral adre\u00e7at a millorar l\u2019atenci\u00f3 i la recuperaci\u00f3 de les dones<br \/>\ni tamb\u00e9 a avan\u00e7ar en la detecci\u00f3 de casos i en la prevenci\u00f3 de la problem\u00e0tica.<br \/>\nAquest any, les institucions signants volem denunciar, de manera especial, les viol\u00e8ncies sexuals, perqu\u00e8 s\u00f3n la m\u00e0xima expressi\u00f3 de la dominaci\u00f3 patriarcal envers les dones. En aquest sentit, i malgrat els progressos respecte de la igualtat formal entre dones i homes, les viol\u00e8ncies sexuals no s\u00f3n socialment contestades<br \/>\nde manera contundent, ans al contrari, la prevalen\u00e7a del sexisme en l\u2019ordre simb\u00f2lic hegem\u00f2nic de la nostra societat indueix a q\u00fcestionar la dona v\u00edctima de l\u2019agressi\u00f3.<br \/>\nMostra d\u2019aix\u00f2, s\u00f3n les dades i estudis que indiquen que una part de la joventut no percep l\u2019exist\u00e8ncia de desigualtats entre homes i dones i no identifica determinades conductes d\u2019ab\u00fas i control com a formes d\u2019exercir viol\u00e8ncia masclista. Actituds d\u2019imposici\u00f3, de menyspreu, amenaces, humiliacions, gelosia&#8230; s\u2019instal\u00b7len com a<br \/>\npr\u00e0ctiques normalitzades en les relacions i les creences tradicionals al voltant de l\u2019amor rom\u00e0ntic afavoreixen aquesta toler\u00e0ncia juvenil cap a la viol\u00e8ncia masclista.<br \/>\nRespecte de les viol\u00e8ncies sexuals, tots els missatges han coincidit en la necessitat que les dones vigilem, perqu\u00e8 l\u2019imaginari actualment vigent ens responsabilitza. En aquest moment hist\u00f2ric, per\u00f2, \u00e9s imprescindible construir models culturals que reprovin les viol\u00e8ncies sexuals en totes les seves manifestacions i desautoritzin<br \/>\nl\u2019apologia d\u2019aquestes viol\u00e8ncies .<br \/>\nAix\u00ed, la denuncia a la Fiscalia de deu blocs i cinc v\u00eddeos d&#8217;internet que incitaven a la viol\u00e8ncia masclista i que acumulaven m\u00e9s d&#8217;un mili\u00f3 de visites, per part del Consell Audiovisual de Catalunya i del govern, \u00e9s un pas molt important que ens encoratjaa treballar en aquesta l\u00ednia.<br \/>\nPer aix\u00f2, \u00e9s imprescindible un canvi de valors que permeti superar l\u2019androcentrisme que nega la pres\u00e8ncia i les aportacions de les dones a la societat, i que imposa uns estereotips i rols de g\u00e8nere basats en la infravaloraci\u00f3 de tot el que est\u00e0 relacionat amb la feminitat. \u00c9s necessari que sumem les voluntats i els sabers dels moviments<br \/>\nfeministes i grups de dones, i que comptem amb la implicaci\u00f3 de tota la ciutadania, que a trav\u00e9s d\u2019accions col\u00b7lectives i individuals, actuen per eradicar aquesta xacra social.<br \/>\nLes institucions i administracions p\u00fabliques hem de cooperar per implantar un model d\u2019abordatge respectu\u00f3s amb la llibertat de les dones, reparador del dany i innovador amb la dif\u00edcil tasca de prevenir la viol\u00e8ncia masclista fins eradicar-la definitivament.<br \/>\nI avui, 25 de novembre, ens fem nostra la frase de la reconeguda vocalista Nina Simone que afirmava: la llibertat per a mi \u00e9s no tenir por.<\/p>\n","protected":false},"excerpt":{"rendered":"<p>DIA INTERNACIONAL PER A L\u2019ELIMINACI\u00d3 DE LA VIOL\u00c8NCIA ENVERS LES DONES 25 de novembre de 2016 Avui, 25 de novembre, les administracions i la societat civil tornem a aplegar-nos per manifestar, una vegada m\u00e9s, el nostre rebuig a la viol\u00e8ncia masclista i per fer p\u00fablica la nostra ferma voluntat de treballar fins eradicar-la. Un any [&hellip;]<\/p>\n","protected":false},"author":1,"featured_media":0,"comment_status":"open","ping_status":"open","sticky":false,"template":"","format":"standard","meta":{"_bbp_topic_count":0,"_bbp_reply_count":0,"_bbp_total_topic_count":0,"_bbp_total_reply_count":0,"_bbp_voice_count":0,"_bbp_anonymous_reply_count":0,"_bbp_topic_count_hidden":0,"_bbp_reply_count_hidden":0,"_bbp_forum_subforum_count":0,"site-sidebar-layout":"default","site-content-layout":"","ast-site-content-layout":"","site-content-style":"default","site-sidebar-style":"default","ast-global-header-display":"","ast-banner-title-visibility":"","ast-main-header-display":"","ast-hfb-above-header-display":"","ast-hfb-below-header-display":"","ast-hfb-mobile-header-display":"","site-post-title":"","ast-breadcrumbs-content":"","ast-featured-img":"","footer-sml-layout":"","theme-transparent-header-meta":"","adv-header-id-meta":"","stick-header-meta":"","header-above-stick-meta":"","header-main-stick-meta":"","header-below-stick-meta":"","astra-migrate-meta-layouts":"default","ast-page-background-enabled":"default","ast-page-background-meta":{"desktop":{"background-color":"var(--ast-global-color-4)","background-image":"","background-repeat":"repeat","background-position":"center center","background-size":"auto","background-attachment":"scroll","background-type":"","background-media":"","overlay-type":"","overlay-color":"","overlay-opacity":"","overlay-gradient":""},"tablet":{"background-color":"","background-image":"","background-repeat":"repeat","background-position":"center center","background-size":"auto","background-attachment":"scroll","background-type":"","background-media":"","overlay-type":"","overlay-color":"","overlay-opacity":"","overlay-gradient":""},"mobile":{"background-color":"","background-image":"","background-repeat":"repeat","background-position":"center center","background-size":"auto","background-attachment":"scroll","background-type":"","background-media":"","overlay-type":"","overlay-color":"","overlay-opacity":"","overlay-gradient":""}},"ast-content-background-meta":{"desktop":{"background-color":"var(--ast-global-color-5)","background-image":"","background-repeat":"repeat","background-position":"center center","background-size":"auto","background-attachment":"scroll","background-type":"","background-media":"","overlay-type":"","overlay-color":"","overlay-opacity":"","overlay-gradient":""},"tablet":{"background-color":"var(--ast-global-color-5)","background-image":"","background-repeat":"repeat","background-position":"center center","background-size":"auto","background-attachment":"scroll","background-type":"","background-media":"","overlay-type":"","overlay-color":"","overlay-opacity":"","overlay-gradient":""},"mobile":{"background-color":"var(--ast-global-color-5)","background-image":"","background-repeat":"repeat","background-position":"center center","background-size":"auto","background-attachment":"scroll","background-type":"","background-media":"","overlay-type":"","overlay-color":"","overlay-opacity":"","overlay-gradient":""}},"footnotes":""},"categories":[135,1],"tags":[],"class_list":["post-1168","post","type-post","status-publish","format-standard","hentry","category-ed-en-valors","category-escola-verda"],"post_mailing_queue_ids":[],"_links":{"self":[{"href":"https:\/\/agora.xtec.cat\/ceipalfredmata\/wp-json\/wp\/v2\/posts\/1168","targetHints":{"allow":["GET"]}}],"collection":[{"href":"https:\/\/agora.xtec.cat\/ceipalfredmata\/wp-json\/wp\/v2\/posts"}],"about":[{"href":"https:\/\/agora.xtec.cat\/ceipalfredmata\/wp-json\/wp\/v2\/types\/post"}],"author":[{"embeddable":true,"href":"https:\/\/agora.xtec.cat\/ceipalfredmata\/wp-json\/wp\/v2\/users\/1"}],"replies":[{"embeddable":true,"href":"https:\/\/agora.xtec.cat\/ceipalfredmata\/wp-json\/wp\/v2\/comments?post=1168"}],"version-history":[{"count":2,"href":"https:\/\/agora.xtec.cat\/ceipalfredmata\/wp-json\/wp\/v2\/posts\/1168\/revisions"}],"predecessor-version":[{"id":1170,"href":"https:\/\/agora.xtec.cat\/ceipalfredmata\/wp-json\/wp\/v2\/posts\/1168\/revisions\/1170"}],"wp:attachment":[{"href":"https:\/\/agora.xtec.cat\/ceipalfredmata\/wp-json\/wp\/v2\/media?parent=1168"}],"wp:term":[{"taxonomy":"category","embeddable":true,"href":"https:\/\/agora.xtec.cat\/ceipalfredmata\/wp-json\/wp\/v2\/categories?post=1168"},{"taxonomy":"post_tag","embeddable":true,"href":"https:\/\/agora.xtec.cat\/ceipalfredmata\/wp-json\/wp\/v2\/tags?post=1168"}],"curies":[{"name":"wp","href":"https:\/\/api.w.org\/{rel}","templated":true}]}}