{"id":1126,"date":"2016-10-28T10:32:01","date_gmt":"2016-10-28T08:32:01","guid":{"rendered":"http:\/\/agora.xtec.cat\/ceipalfredmata\/?p=1126"},"modified":"2016-11-04T16:00:16","modified_gmt":"2016-11-04T15:00:16","slug":"d-excursio-al-zoo-dels-pirineus","status":"publish","type":"post","link":"https:\/\/agora.xtec.cat\/ceipalfredmata\/escola-verda\/d-excursio-al-zoo-dels-pirineus\/","title":{"rendered":"D&#8217; Excursi\u00f3 al Zoo dels Pirineus"},"content":{"rendered":"<p style=\"text-align: justify;\"><a href=\"http:\/\/agora.xtec.cat\/ceipalfredmata\/wp-content\/uploads\/usu329\/2016\/10\/DSC_0023.jpg\"><img loading=\"lazy\" decoding=\"async\" class=\"aligncenter size-full wp-image-1131\" src=\"http:\/\/agora.xtec.cat\/ceipalfredmata\/wp-content\/uploads\/usu329\/2016\/10\/DSC_0023.jpg\" alt=\"dsc_0023\" width=\"3104\" height=\"1746\" srcset=\"https:\/\/agora.xtec.cat\/ceipalfredmata\/wp-content\/uploads\/usu329\/2016\/10\/DSC_0023.jpg 3104w, https:\/\/agora.xtec.cat\/ceipalfredmata\/wp-content\/uploads\/usu329\/2016\/10\/DSC_0023-300x169.jpg 300w, https:\/\/agora.xtec.cat\/ceipalfredmata\/wp-content\/uploads\/usu329\/2016\/10\/DSC_0023-768x432.jpg 768w, https:\/\/agora.xtec.cat\/ceipalfredmata\/wp-content\/uploads\/usu329\/2016\/10\/DSC_0023-1024x576.jpg 1024w\" sizes=\"auto, (max-width: 3104px) 100vw, 3104px\" \/><\/a> <a href=\"http:\/\/agora.xtec.cat\/ceipalfredmata\/wp-content\/uploads\/usu329\/2016\/10\/DSC02818.jpg\"><img loading=\"lazy\" decoding=\"async\" class=\"aligncenter size-full wp-image-1133\" src=\"http:\/\/agora.xtec.cat\/ceipalfredmata\/wp-content\/uploads\/usu329\/2016\/10\/DSC02818.jpg\" alt=\"dsc02818\" width=\"1920\" height=\"1080\" srcset=\"https:\/\/agora.xtec.cat\/ceipalfredmata\/wp-content\/uploads\/usu329\/2016\/10\/DSC02818.jpg 1920w, https:\/\/agora.xtec.cat\/ceipalfredmata\/wp-content\/uploads\/usu329\/2016\/10\/DSC02818-300x169.jpg 300w, https:\/\/agora.xtec.cat\/ceipalfredmata\/wp-content\/uploads\/usu329\/2016\/10\/DSC02818-768x432.jpg 768w, https:\/\/agora.xtec.cat\/ceipalfredmata\/wp-content\/uploads\/usu329\/2016\/10\/DSC02818-1024x576.jpg 1024w\" sizes=\"auto, (max-width: 1920px) 100vw, 1920px\" \/><\/a>Dimarts, 18 \u00a0d&#8217;octubre els nens i nenes de CM vam anar d&#8217;excursi\u00f3 al Zoo dels Pirineus, situat a Od\u00e8n, a la comarca del Solson\u00e8s. Les mestres ens van donar un caramel m\u00e0gic perqu\u00e8 no ens mareg\u00e9ssim ja que hi havia molts giravolts. Alguns, nom\u00e9s dos, vam marejar-se i fins i tot van haver de vomitar.<\/p>\n<p>Quan vam arribar vam con\u00e8ixer a l&#8217; Ester, l&#8217; Est\u00e0nia, l&#8217; Eloi i el Bernat que van ser els monitors. Seguidament vam esmorzar. A continuaci\u00f3 vam anar a veure un espectacle d&#8217; aus: ducs, falcons, mussols, corbs, \u00e0ligues&#8230; Tamb\u00e9 vam poder veure d&#8217;a prop \u00a0un gat mesquer i una guineu. Al corb li vam poder donar menjar i a la guineu la vam poder acariciar. Els ocells passaven per sobre mateix del nostre cap. Uns quants nens i nenes es van posar una gorra i un mussol els va saltar de cap a cap. \u00a0Despr\u00e9s el mateix mussol va passar per sota les cames d&#8217;uns quants nens i nenes posats en filera amb les cames obertes. A continuaci\u00f3 vam tenir una horeta per dinar i jugar.<\/p>\n<p>Vam fer 3 grups diferents i un monitor o monitora ens acompanyava per fer les diferents activitats. Amb el grup de l&#8217; Ester vam veure animals de granja. L&#8217;\u00e0nec, la gallina, l&#8217;ovella i un conill. A l&#8217;ovella li vam poder donar biber\u00f3. El grup de l&#8217;Est\u00e0nia ens portava aus rapinyaires a dintre la botiga, vam poder tocar l&#8217;\u00e0liga daurada, en castell\u00e0 \u00e0guila real. \u00c9s la m\u00e9s gran del m\u00f3n. Al grup de l&#8217;Eloi ens van ensenyar uns ocells que havien estat robats i s&#8217;esperava la resoluci\u00f3 judicial. Tamb\u00e9 vam veure porcs senglars i fures. Ens va dir que si una fura feia una goteta de pip\u00ed sobre la nostra sabata l&#8217;haur\u00edem de llen\u00e7ar perqu\u00e8 faria una pudor horrible per molt que la rent\u00e9ssim.<\/p>\n<p>Finalment vam marxar una mica tard per\u00f2 molt contents i amb una rialla d&#8217;orella a orella. Havia estat un dia genial!<\/p>\n<p>Roger, Abril, Ariadna i Daniel de 4t<\/p>\n<p><a href=\"https:\/\/goo.gl\/photos\/SZkKRzboYRE9WgEK9\">fotografies zoo<\/a><\/p>\n","protected":false},"excerpt":{"rendered":"<p>Dimarts, 18 \u00a0d&#8217;octubre els nens i nenes de CM vam anar d&#8217;excursi\u00f3 al Zoo dels Pirineus, situat a Od\u00e8n, a la comarca del Solson\u00e8s. Les mestres ens van donar un caramel m\u00e0gic perqu\u00e8 no ens mareg\u00e9ssim ja que hi havia molts giravolts. Alguns, nom\u00e9s dos, vam marejar-se i fins i tot van haver de vomitar. [&hellip;]<\/p>\n","protected":false},"author":1,"featured_media":1129,"comment_status":"open","ping_status":"open","sticky":false,"template":"","format":"standard","meta":{"_bbp_topic_count":0,"_bbp_reply_count":0,"_bbp_total_topic_count":0,"_bbp_total_reply_count":0,"_bbp_voice_count":0,"_bbp_anonymous_reply_count":0,"_bbp_topic_count_hidden":0,"_bbp_reply_count_hidden":0,"_bbp_forum_subforum_count":0,"site-sidebar-layout":"default","site-content-layout":"","ast-site-content-layout":"","site-content-style":"default","site-sidebar-style":"default","ast-global-header-display":"","ast-banner-title-visibility":"","ast-main-header-display":"","ast-hfb-above-header-display":"","ast-hfb-below-header-display":"","ast-hfb-mobile-header-display":"","site-post-title":"","ast-breadcrumbs-content":"","ast-featured-img":"","footer-sml-layout":"","theme-transparent-header-meta":"","adv-header-id-meta":"","stick-header-meta":"","header-above-stick-meta":"","header-main-stick-meta":"","header-below-stick-meta":"","astra-migrate-meta-layouts":"default","ast-page-background-enabled":"default","ast-page-background-meta":{"desktop":{"background-color":"var(--ast-global-color-4)","background-image":"","background-repeat":"repeat","background-position":"center center","background-size":"auto","background-attachment":"scroll","background-type":"","background-media":"","overlay-type":"","overlay-color":"","overlay-opacity":"","overlay-gradient":""},"tablet":{"background-color":"","background-image":"","background-repeat":"repeat","background-position":"center center","background-size":"auto","background-attachment":"scroll","background-type":"","background-media":"","overlay-type":"","overlay-color":"","overlay-opacity":"","overlay-gradient":""},"mobile":{"background-color":"","background-image":"","background-repeat":"repeat","background-position":"center center","background-size":"auto","background-attachment":"scroll","background-type":"","background-media":"","overlay-type":"","overlay-color":"","overlay-opacity":"","overlay-gradient":""}},"ast-content-background-meta":{"desktop":{"background-color":"var(--ast-global-color-5)","background-image":"","background-repeat":"repeat","background-position":"center center","background-size":"auto","background-attachment":"scroll","background-type":"","background-media":"","overlay-type":"","overlay-color":"","overlay-opacity":"","overlay-gradient":""},"tablet":{"background-color":"var(--ast-global-color-5)","background-image":"","background-repeat":"repeat","background-position":"center center","background-size":"auto","background-attachment":"scroll","background-type":"","background-media":"","overlay-type":"","overlay-color":"","overlay-opacity":"","overlay-gradient":""},"mobile":{"background-color":"var(--ast-global-color-5)","background-image":"","background-repeat":"repeat","background-position":"center center","background-size":"auto","background-attachment":"scroll","background-type":"","background-media":"","overlay-type":"","overlay-color":"","overlay-opacity":"","overlay-gradient":""}},"footnotes":""},"categories":[12,13,1],"tags":[167],"class_list":["post-1126","post","type-post","status-publish","format-standard","has-post-thumbnail","hentry","category-3r","category-4t","category-escola-verda","tag-excursio-cm"],"post_mailing_queue_ids":[],"_links":{"self":[{"href":"https:\/\/agora.xtec.cat\/ceipalfredmata\/wp-json\/wp\/v2\/posts\/1126","targetHints":{"allow":["GET"]}}],"collection":[{"href":"https:\/\/agora.xtec.cat\/ceipalfredmata\/wp-json\/wp\/v2\/posts"}],"about":[{"href":"https:\/\/agora.xtec.cat\/ceipalfredmata\/wp-json\/wp\/v2\/types\/post"}],"author":[{"embeddable":true,"href":"https:\/\/agora.xtec.cat\/ceipalfredmata\/wp-json\/wp\/v2\/users\/1"}],"replies":[{"embeddable":true,"href":"https:\/\/agora.xtec.cat\/ceipalfredmata\/wp-json\/wp\/v2\/comments?post=1126"}],"version-history":[{"count":3,"href":"https:\/\/agora.xtec.cat\/ceipalfredmata\/wp-json\/wp\/v2\/posts\/1126\/revisions"}],"predecessor-version":[{"id":1167,"href":"https:\/\/agora.xtec.cat\/ceipalfredmata\/wp-json\/wp\/v2\/posts\/1126\/revisions\/1167"}],"wp:featuredmedia":[{"embeddable":true,"href":"https:\/\/agora.xtec.cat\/ceipalfredmata\/wp-json\/wp\/v2\/media\/1129"}],"wp:attachment":[{"href":"https:\/\/agora.xtec.cat\/ceipalfredmata\/wp-json\/wp\/v2\/media?parent=1126"}],"wp:term":[{"taxonomy":"category","embeddable":true,"href":"https:\/\/agora.xtec.cat\/ceipalfredmata\/wp-json\/wp\/v2\/categories?post=1126"},{"taxonomy":"post_tag","embeddable":true,"href":"https:\/\/agora.xtec.cat\/ceipalfredmata\/wp-json\/wp\/v2\/tags?post=1126"}],"curies":[{"name":"wp","href":"https:\/\/api.w.org\/{rel}","templated":true}]}}